{"id":5001,"count":1,"description":"","link":"https:\/\/lequotidien509.com\/es\/tag\/noticias-internacionales-2026-guerra-iran-estados-unidos-crisis-colombia-ecuador-tensiones-europa-haiti-seguridad-bandas-crisis-petroleo-medio-oriente\/","name":"noticias internacionales 2026 guerra Ir\u00e1n Estados Unidos crisis Colombia Ecuador tensiones Europa Hait\u00ed seguridad bandas crisis petr\u00f3leo Medio Oriente","slug":"noticias-internacionales-2026-guerra-iran-estados-unidos-crisis-colombia-ecuador-tensiones-europa-haiti-seguridad-bandas-crisis-petroleo-medio-oriente","taxonomy":"post_tag","meta":[],"_links":{"self":[{"href":"https:\/\/lequotidien509.com\/es\/wp-json\/wp\/v2\/tags\/5001","targetHints":{"allow":["GET"]}}],"collection":[{"href":"https:\/\/lequotidien509.com\/es\/wp-json\/wp\/v2\/tags"}],"about":[{"href":"https:\/\/lequotidien509.com\/es\/wp-json\/wp\/v2\/taxonomies\/post_tag"}],"wp:post_type":[{"href":"https:\/\/lequotidien509.com\/es\/wp-json\/wp\/v2\/posts?tags=5001"}],"curies":[{"name":"wp","href":"https:\/\/api.w.org\/{rel}","templated":true}]}}