{"id":33170,"date":"2026-04-30T09:54:26","date_gmt":"2026-04-30T13:54:26","guid":{"rendered":"https:\/\/lequotidien509.com\/?p=33170"},"modified":"2026-04-30T09:54:26","modified_gmt":"2026-04-30T13:54:26","slug":"republica-dominicana-acuerdos-ue-espana-seguridad-prevencion-2026","status":"publish","type":"post","link":"https:\/\/lequotidien509.com\/es\/republica-dominicana-acuerdos-ue-espana-seguridad-prevencion-2026\/","title":{"rendered":"Rep\u00fablica Dominicana firma nuevos acuerdos con la UE y Espa\u00f1a para reforzar seguridad y prevenci\u00f3n"},"content":{"rendered":"<h4 data-section-id=\"1gersbe\" data-start=\"534\" data-end=\"634\">Rep\u00fablica Dominicana firma nuevos acuerdos con la UE y Espa\u00f1a para reforzar seguridad y prevenci\u00f3n<\/h4>\n<p data-start=\"636\" data-end=\"997\">La Rep\u00fablica Dominicana consolid\u00f3 el 29 de abril de 2026 una nueva etapa de cooperaci\u00f3n internacional mediante la firma de acuerdos estrat\u00e9gicos con la <span class=\"hover:entity-accent entity-underline inline cursor-pointer align-baseline\"><span class=\"whitespace-normal\">Uni\u00f3n Europea<\/span><\/span> y <span class=\"hover:entity-accent entity-underline inline cursor-pointer align-baseline\"><span class=\"whitespace-normal\">Espa\u00f1a<\/span><\/span>, orientados al fortalecimiento de la seguridad p\u00fablica, la prevenci\u00f3n del consumo de drogas y la lucha contra el crimen organizado.<\/p>\n<p data-start=\"999\" data-end=\"1207\">En el \u00e1mbito de la pol\u00edtica antidrogas, el <span class=\"hover:entity-accent entity-underline inline cursor-pointer align-baseline\"><span class=\"whitespace-normal\">Consejo Nacional de Drogas<\/span><\/span> (CND) suscribi\u00f3 un convenio de cooperaci\u00f3n con la Uni\u00f3n Europea en el marco del programa <span class=\"hover:entity-accent entity-underline inline cursor-pointer align-baseline\"><span class=\"whitespace-normal\">COPOLAD III<\/span><\/span>.<\/p>\n<p data-start=\"1209\" data-end=\"1395\">La firma tuvo lugar durante la cuarta reuni\u00f3n anual de este foro internacional, que reuni\u00f3 a m\u00e1s de 170 especialistas y representantes de 60 pa\u00edses de Am\u00e9rica Latina, el Caribe y Europa.<\/p>\n<p data-start=\"1397\" data-end=\"1546\"><a href=\"https:\/\/lequotidien509.com\/es\/republica-dominicana-interceptaciones-repatriaciones-red-migratoria-48-horas\/\">El acuerdo fue rubricado por <span class=\"hover:entity-accent entity-underline inline cursor-pointer align-baseline\"><span class=\"whitespace-normal\">Alejandro de Jes\u00fas Abreu<\/span><\/span> y <span class=\"hover:entity-accent entity-underline inline cursor-pointer align-baseline\"><span class=\"whitespace-normal\">Olivier Luyckx<\/span><\/span>, en representaci\u00f3n de la Comisi\u00f3n Europea.<\/a><\/p>\n<p data-start=\"1548\" data-end=\"1877\">La alianza contempla tres ejes principales: la realizaci\u00f3n de una encuesta nacional sobre consumo de drogas entre estudiantes universitarios, el fortalecimiento de la Escuela de Formaci\u00f3n en Pol\u00edtica Antidrogas y la implementaci\u00f3n de la estrategia \u201cAla(s) de la Transformaci\u00f3n\u201d, dirigida a hijos de personas privadas de libertad.<\/p>\n<p data-start=\"1879\" data-end=\"2045\">Como parte de esta iniciativa, se prev\u00e9 adem\u00e1s la puesta en marcha de un proyecto piloto en el centro penitenciario femenino de <span class=\"hover:entity-accent entity-underline inline cursor-pointer align-baseline\"><span class=\"whitespace-normal\">Ban\u00ed<\/span><\/span>.<\/p>\n<p data-start=\"2047\" data-end=\"2252\">En paralelo, la Rep\u00fablica Dominicana y Espa\u00f1a firmaron un tratado bilateral de cooperaci\u00f3n en materia de seguridad, destinado a intensificar la respuesta conjunta frente al crimen organizado transnacional.<\/p>\n<p data-start=\"2254\" data-end=\"2360\">El acuerdo fue suscrito por <span class=\"hover:entity-accent entity-underline inline cursor-pointer align-baseline\"><span class=\"whitespace-normal\">Faride Raful<\/span><\/span> y <span class=\"hover:entity-accent entity-underline inline cursor-pointer align-baseline\"><span class=\"whitespace-normal\">Fernando Grande-Marlaska G\u00f3mez<\/span><\/span>.<\/p>\n<p data-start=\"2362\" data-end=\"2597\">El tratado abarca una amplia gama de delitos, entre ellos narcotr\u00e1fico, tr\u00e1fico il\u00edcito de armas, trata de personas, ciberdelincuencia, delitos financieros, robo de veh\u00edculos, fraude documental y violencia dom\u00e9stica y basada en g\u00e9nero.<\/p>\n<p data-start=\"2599\" data-end=\"2766\"><a href=\"https:\/\/dominicantoday.com\/dr\/local\/2026\/04\/29\/dominican-republic-and-spain-sign-security-treaty-to-combat-organized-crime\/\">Asimismo, establece mecanismos de intercambio de informaci\u00f3n, investigaciones conjuntas, asistencia operativa y estrategias para la identificaci\u00f3n de redes criminales.<\/a><\/p>\n<p data-start=\"2768\" data-end=\"3008\">Ambas delegaciones destacaron tambi\u00e9n la relevancia del intercambio tecnol\u00f3gico, la transferencia de metodolog\u00edas investigativas y la capacitaci\u00f3n especializada como herramientas clave para reforzar las capacidades de las fuerzas del orden.<\/p>\n<p data-start=\"3010\" data-end=\"3206\">Estos acuerdos reflejan una apuesta por la cooperaci\u00f3n internacional como v\u00eda para abordar desaf\u00edos de seguridad complejos y fortalecer las pol\u00edticas p\u00fablicas de prevenci\u00f3n y protecci\u00f3n ciudadana.<\/p>\n<p data-start=\"3208\" data-end=\"3231\" data-is-last-node=\"\" data-is-only-node=\"\"><em><strong data-start=\"3208\" data-end=\"3231\" data-is-last-node=\"\">\u00a0Soraya Ades<\/strong><\/em><\/p>\n","protected":false},"excerpt":{"rendered":"<p>Rep\u00fablica Dominicana firma nuevos acuerdos con la UE y Espa\u00f1a para reforzar seguridad y prevenci\u00f3n La Rep\u00fablica Dominicana consolid\u00f3 el 29 de abril de 2026 una nueva etapa de cooperaci\u00f3n internacional mediante la firma de acuerdos estrat\u00e9gicos con la Uni\u00f3n Europea y Espa\u00f1a, orientados al fortalecimiento de la seguridad p\u00fablica, la prevenci\u00f3n del consumo de drogas y la lucha contra el crimen organizado. En el \u00e1mbito de la pol\u00edtica antidrogas, el Consejo Nacional de Drogas (CND) suscribi\u00f3 un convenio de cooperaci\u00f3n con la Uni\u00f3n Europea en el marco del programa COPOLAD III. La firma tuvo lugar durante la cuarta reuni\u00f3n anual de este foro internacional, que reuni\u00f3 a m\u00e1s de 170 especialistas y representantes de 60 pa\u00edses de Am\u00e9rica Latina, el Caribe y Europa. El acuerdo fue rubricado por Alejandro de Jes\u00fas Abreu y Olivier Luyckx, en representaci\u00f3n de la Comisi\u00f3n Europea. La alianza contempla tres ejes principales: la realizaci\u00f3n de una encuesta nacional sobre consumo de drogas entre estudiantes universitarios, el fortalecimiento de la Escuela de Formaci\u00f3n en Pol\u00edtica Antidrogas y la implementaci\u00f3n de la estrategia \u201cAla(s) de la Transformaci\u00f3n\u201d, dirigida a hijos de personas privadas de libertad. Como parte de esta iniciativa, se prev\u00e9 adem\u00e1s la puesta en marcha de un proyecto piloto en el centro penitenciario femenino de Ban\u00ed. En paralelo, la Rep\u00fablica Dominicana y Espa\u00f1a firmaron un tratado bilateral de cooperaci\u00f3n en materia de seguridad, destinado a intensificar la respuesta conjunta frente al crimen organizado transnacional. El acuerdo fue suscrito por Faride Raful y Fernando Grande-Marlaska G\u00f3mez. El tratado abarca una amplia gama de delitos, entre ellos narcotr\u00e1fico, tr\u00e1fico il\u00edcito de armas, trata de personas, ciberdelincuencia, delitos financieros, robo de veh\u00edculos, fraude documental y violencia dom\u00e9stica y basada en g\u00e9nero. Asimismo, establece mecanismos de intercambio de informaci\u00f3n, investigaciones conjuntas, asistencia operativa y estrategias para la identificaci\u00f3n de redes criminales. Ambas delegaciones destacaron tambi\u00e9n la relevancia del intercambio tecnol\u00f3gico, la transferencia de metodolog\u00edas investigativas y la capacitaci\u00f3n especializada como herramientas clave para reforzar las capacidades de las fuerzas del orden. Estos acuerdos reflejan una apuesta por la cooperaci\u00f3n internacional como v\u00eda para abordar desaf\u00edos de seguridad complejos y fortalecer las pol\u00edticas p\u00fablicas de prevenci\u00f3n y protecci\u00f3n ciudadana. \u00a0Soraya Ades<\/p>\n","protected":false},"author":9,"featured_media":33171,"comment_status":"closed","ping_status":"closed","sticky":false,"template":"","format":"standard","meta":{"give_campaign_id":0,"_crdt_document":"","jetpack_post_was_ever_published":false,"_jetpack_newsletter_access":"","_jetpack_dont_email_post_to_subs":false,"_jetpack_newsletter_tier_id":0,"_jetpack_memberships_contains_paywalled_content":false,"_jetpack_memberships_contains_paid_content":false,"jnews-multi-image_gallery":[],"jnews_single_post":{"format":"standard","override":[{"template":"4","parallax":"1","layout":"right-sidebar","sidebar":"default-sidebar","second_sidebar":"default-sidebar","sticky_sidebar":"1","share_position":"topbottom","share_float_style":"share-monocrhome","show_featured":"1","show_post_meta":"1","show_post_author":"1","show_post_author_image":"1","show_post_date":"1","post_date_format":"default","post_date_format_custom":"Y\/m\/d","show_post_category":"1","show_post_reading_time":"1","post_reading_time_wpm":"300","post_calculate_word_method":"str_word_count","show_zoom_button":"0","zoom_button_out_step":"2","zoom_button_in_step":"3","show_post_tag":"1","show_comment_section":"1","number_popup_post":"1","show_inline_post_related":"1"}],"image_override":[{"single_post_thumbnail_size":"crop-500","single_post_gallery_size":"crop-500"}],"trending_post_position":"meta","trending_post_label":"Trending","sponsored_post_label":"Sponsored by","disable_ad":"0","subtitle":"Rep\u00fablica Dominicana suscribe acuerdos con la Uni\u00f3n Europea y Espa\u00f1a para fortalecer la prevenci\u00f3n de drogas y la lucha contra el crimen organizado."},"jnews_primary_category":[],"jnews_social_meta":[],"jnews_post_split":{"post_split":[{"template":"1","tag":"h2","numbering":"asc","mode":"normal","first":"0","enable_toc":"0","toc_type":"normal"}]},"footnotes":"","jetpack_publicize_message":"","jetpack_publicize_feature_enabled":true,"jetpack_social_post_already_shared":true,"jetpack_social_options":{"image_generator_settings":{"template":"highway","default_image_id":0,"font":"","enabled":false},"version":2}},"categories":[3267],"tags":[],"class_list":["post-33170","post","type-post","status-publish","format-standard","has-post-thumbnail","hentry","category-republica-dominicana"],"aioseo_notices":[],"jetpack_publicize_connections":[],"jetpack_featured_media_url":"https:\/\/i0.wp.com\/lequotidien509.com\/wp-content\/uploads\/2026\/04\/an-10-1.webp?fit=1366%2C768&ssl=1","jetpack_sharing_enabled":true,"_links":{"self":[{"href":"https:\/\/lequotidien509.com\/es\/wp-json\/wp\/v2\/posts\/33170","targetHints":{"allow":["GET"]}}],"collection":[{"href":"https:\/\/lequotidien509.com\/es\/wp-json\/wp\/v2\/posts"}],"about":[{"href":"https:\/\/lequotidien509.com\/es\/wp-json\/wp\/v2\/types\/post"}],"author":[{"embeddable":true,"href":"https:\/\/lequotidien509.com\/es\/wp-json\/wp\/v2\/users\/9"}],"replies":[{"embeddable":true,"href":"https:\/\/lequotidien509.com\/es\/wp-json\/wp\/v2\/comments?post=33170"}],"version-history":[{"count":1,"href":"https:\/\/lequotidien509.com\/es\/wp-json\/wp\/v2\/posts\/33170\/revisions"}],"predecessor-version":[{"id":33172,"href":"https:\/\/lequotidien509.com\/es\/wp-json\/wp\/v2\/posts\/33170\/revisions\/33172"}],"wp:featuredmedia":[{"embeddable":true,"href":"https:\/\/lequotidien509.com\/es\/wp-json\/wp\/v2\/media\/33171"}],"wp:attachment":[{"href":"https:\/\/lequotidien509.com\/es\/wp-json\/wp\/v2\/media?parent=33170"}],"wp:term":[{"taxonomy":"category","embeddable":true,"href":"https:\/\/lequotidien509.com\/es\/wp-json\/wp\/v2\/categories?post=33170"},{"taxonomy":"post_tag","embeddable":true,"href":"https:\/\/lequotidien509.com\/es\/wp-json\/wp\/v2\/tags?post=33170"}],"curies":[{"name":"wp","href":"https:\/\/api.w.org\/{rel}","templated":true}]}}