{"id":33075,"date":"2026-04-26T19:06:53","date_gmt":"2026-04-26T23:06:53","guid":{"rendered":"https:\/\/lequotidien509.com\/?p=33075"},"modified":"2026-04-26T19:06:53","modified_gmt":"2026-04-26T23:06:53","slug":"reacciones-internacionales-tras-el-incidente-armado-en-washington-durante-el-dinner-de-los-corresponsales-de-la-casa-blanca","status":"publish","type":"post","link":"https:\/\/lequotidien509.com\/es\/reacciones-internacionales-tras-el-incidente-armado-en-washington-durante-el-dinner-de-los-corresponsales-de-la-casa-blanca\/","title":{"rendered":"Reacciones internacionales tras el incidente armado en Washington durante el Dinner de los Corresponsales de la Casa Blanca"},"content":{"rendered":"<p data-start=\"129\" data-end=\"496\">Tras el incidente armado ocurrido el 25 de abril de 2026 durante el tradicional Dinner de los Corresponsales de la Casa Blanca a Washington \u00a0 \u2014evento que gener\u00f3 alarma internacional y movilizaci\u00f3n inmediata de los servicios de seguridad estadounidenses\u2014 diversos l\u00edderes mundiales han reaccionado con mensajes de condena y solidaridad.<\/p>\n<p data-start=\"498\" data-end=\"733\">El hecho, que seg\u00fan las autoridades estadounidenses estar\u00eda relacionado con un presunto atacante solitario, provoc\u00f3 preocupaci\u00f3n global por tratarse de un espacio institucional altamente simb\u00f3lico en la vida pol\u00edtica de Estados Unidos.<\/p>\n<p data-start=\"498\" data-end=\"733\"><strong>Hait\u00ed expresa condena y respaldo a Estados Unidos<\/strong><\/p>\n<p data-start=\"790\" data-end=\"989\">El primer ministro haitiano, <span class=\"hover:entity-accent entity-underline inline cursor-pointer align-baseline\"><span class=\"whitespace-normal\">Alix Didier Fils-Aim\u00e9<\/span><\/span>, manifest\u00f3 su \u201cprofunda consternaci\u00f3n\u201d ante los hechos y conden\u00f3 firmemente cualquier forma de violencia con motivaciones pol\u00edticas.<\/p>\n<p data-start=\"991\" data-end=\"1195\">Asimismo, expres\u00f3 el apoyo del gobierno haitiano al presidente estadounidense y al pueblo de Estados Unidos, destacando la necesidad de preservar la estabilidad democr\u00e1tica frente a este tipo de amenazas.<\/p>\n<p data-start=\"991\" data-end=\"1195\"><strong>Rep\u00fablica Dominicana llama a la calma y la solidaridad<\/strong><\/p>\n<p data-start=\"1257\" data-end=\"1493\">Desde Santo Domingo, el presidente dominicano <span class=\"hover:entity-accent entity-underline inline cursor-pointer align-baseline\"><span class=\"whitespace-normal\">Luis Abinader<\/span><\/span> declar\u00f3 que el pa\u00eds recibe con alivio la confirmaci\u00f3n de que el presidente estadounidense, la primera dama y los dem\u00e1s asistentes se encuentran a salvo.<\/p>\n<p data-start=\"1495\" data-end=\"1709\">Abinader elogi\u00f3 la actuaci\u00f3n de las fuerzas de seguridad y expres\u00f3 solidaridad con el oficial herido durante la intervenci\u00f3n, asegurando que \u201clas oraciones del pueblo dominicano acompa\u00f1an al pueblo estadounidense\u201d.<\/p>\n<p data-start=\"1495\" data-end=\"1709\"><strong>Condena un\u00e1nime a nivel internacional<\/strong><\/p>\n<p data-start=\"1754\" data-end=\"1876\">El incidente gener\u00f3 una r\u00e1pida ola de reacciones en la comunidad internacional. Entre los pronunciamientos m\u00e1s destacados:<\/p>\n<ul data-start=\"1878\" data-end=\"2282\">\n<li data-section-id=\"1c3t0ut\" data-start=\"1878\" data-end=\"1966\">El presidente franc\u00e9s Emmanuel Macron conden\u00f3 el hecho como un \u201cataque inaceptable\u201d.<\/li>\n<li data-section-id=\"173h8c3\" data-start=\"1967\" data-end=\"2077\">El primer ministro brit\u00e1nico Keir Starmer expres\u00f3 su \u201cprofundo alivio\u201d por la seguridad de los asistentes.<\/li>\n<li data-section-id=\"149rsmv\" data-start=\"2078\" data-end=\"2184\">El l\u00edder canadiense Mark Carney advirti\u00f3 que \u201cla violencia pol\u00edtica no tiene lugar en una democracia\u201d.<\/li>\n<li data-section-id=\"1dpp2m2\" data-start=\"2185\" data-end=\"2282\">La presidenta mexicana Claudia Sheinbaum subray\u00f3 que \u201cla violencia nunca debe ser el camino\u201d.<\/li>\n<\/ul>\n<p data-start=\"2284\" data-end=\"2429\">Tambi\u00e9n se sumaron mensajes de l\u00edderes de Israel, Italia, Alemania, Turqu\u00eda e India, reafirmando un rechazo generalizado a la violencia pol\u00edtica.<\/p>\n<p data-start=\"2284\" data-end=\"2429\"><strong>Investigaci\u00f3n en curso<\/strong><\/p>\n<p data-start=\"2459\" data-end=\"2678\">Las autoridades estadounidenses contin\u00faan con la investigaci\u00f3n del sospechoso, un hombre de 31 a\u00f1os descrito preliminarmente como un \u201clobo solitario\u201d. Por el momento, no se han confirmado v\u00ednculos con redes organizadas.<\/p>\n<p data-start=\"2680\" data-end=\"2822\">El caso mantiene en alerta a los organismos de seguridad, mientras se refuerzan las medidas en eventos oficiales de alto perfil en Washington.<\/p>\n<p data-start=\"2680\" data-end=\"2822\">Redacci\u00f3n<\/p>\n","protected":false},"excerpt":{"rendered":"<p>Tras el incidente armado ocurrido el 25 de abril de 2026 durante el tradicional Dinner de los Corresponsales de la Casa Blanca a Washington \u00a0 \u2014evento que gener\u00f3 alarma internacional y movilizaci\u00f3n inmediata de los servicios de seguridad estadounidenses\u2014 diversos l\u00edderes mundiales han reaccionado con mensajes de condena y solidaridad. El hecho, que seg\u00fan las autoridades estadounidenses estar\u00eda relacionado con un presunto atacante solitario, provoc\u00f3 preocupaci\u00f3n global por tratarse de un espacio institucional altamente simb\u00f3lico en la vida pol\u00edtica de Estados Unidos. Hait\u00ed expresa condena y respaldo a Estados Unidos El primer ministro haitiano, Alix Didier Fils-Aim\u00e9, manifest\u00f3 su \u201cprofunda consternaci\u00f3n\u201d ante los hechos y conden\u00f3 firmemente cualquier forma de violencia con motivaciones pol\u00edticas. Asimismo, expres\u00f3 el apoyo del gobierno haitiano al presidente estadounidense y al pueblo de Estados Unidos, destacando la necesidad de preservar la estabilidad democr\u00e1tica frente a este tipo de amenazas. Rep\u00fablica Dominicana llama a la calma y la solidaridad Desde Santo Domingo, el presidente dominicano Luis Abinader declar\u00f3 que el pa\u00eds recibe con alivio la confirmaci\u00f3n de que el presidente estadounidense, la primera dama y los dem\u00e1s asistentes se encuentran a salvo. Abinader elogi\u00f3 la actuaci\u00f3n de las fuerzas de seguridad y expres\u00f3 solidaridad con el oficial herido durante la intervenci\u00f3n, asegurando que \u201clas oraciones del pueblo dominicano acompa\u00f1an al pueblo estadounidense\u201d. Condena un\u00e1nime a nivel internacional El incidente gener\u00f3 una r\u00e1pida ola de reacciones en la comunidad internacional. Entre los pronunciamientos m\u00e1s destacados: El presidente franc\u00e9s Emmanuel Macron conden\u00f3 el hecho como un \u201cataque inaceptable\u201d. El primer ministro brit\u00e1nico Keir Starmer expres\u00f3 su \u201cprofundo alivio\u201d por la seguridad de los asistentes. El l\u00edder canadiense Mark Carney advirti\u00f3 que \u201cla violencia pol\u00edtica no tiene lugar en una democracia\u201d. La presidenta mexicana Claudia Sheinbaum subray\u00f3 que \u201cla violencia nunca debe ser el camino\u201d. Tambi\u00e9n se sumaron mensajes de l\u00edderes de Israel, Italia, Alemania, Turqu\u00eda e India, reafirmando un rechazo generalizado a la violencia pol\u00edtica. Investigaci\u00f3n en curso Las autoridades estadounidenses contin\u00faan con la investigaci\u00f3n del sospechoso, un hombre de 31 a\u00f1os descrito preliminarmente como un \u201clobo solitario\u201d. Por el momento, no se han confirmado v\u00ednculos con redes organizadas. El caso mantiene en alerta a los organismos de seguridad, mientras se refuerzan las medidas en eventos oficiales de alto perfil en Washington. Redacci\u00f3n<\/p>\n","protected":false},"author":3,"featured_media":33076,"comment_status":"closed","ping_status":"closed","sticky":false,"template":"","format":"standard","meta":{"give_campaign_id":0,"_crdt_document":"","jetpack_post_was_ever_published":false,"_jetpack_newsletter_access":"","_jetpack_dont_email_post_to_subs":false,"_jetpack_newsletter_tier_id":0,"_jetpack_memberships_contains_paywalled_content":false,"_jetpack_memberships_contains_paid_content":false,"jnews-multi-image_gallery":[],"jnews_single_post":{"format":"standard","override":[{"template":"4","parallax":"1","layout":"right-sidebar","sidebar":"default-sidebar","second_sidebar":"default-sidebar","sticky_sidebar":"1","share_position":"topbottom","share_float_style":"share-monocrhome","show_featured":"1","show_post_meta":"1","show_post_author":"1","show_post_author_image":"1","show_post_date":"1","post_date_format":"default","post_date_format_custom":"Y\/m\/d","show_post_category":"1","show_post_reading_time":"1","post_reading_time_wpm":"300","post_calculate_word_method":"str_word_count","show_zoom_button":"0","zoom_button_out_step":"2","zoom_button_in_step":"3","show_post_tag":"1","show_comment_section":"1","number_popup_post":"1","show_inline_post_related":"1"}],"image_override":[{"single_post_thumbnail_size":"crop-500","single_post_gallery_size":"crop-500"}],"trending_post_position":"meta","trending_post_label":"Trending","sponsored_post_label":"Sponsored by","disable_ad":"0","subtitle":"La comunidad internacional coincide en un mismo mensaje: la violencia pol\u00edtica no tiene cabida en las democracias modernas."},"jnews_primary_category":[],"jnews_social_meta":[],"jnews_post_split":{"post_split":[{"template":"1","tag":"h2","numbering":"asc","mode":"normal","first":"0","enable_toc":"0","toc_type":"normal"}]},"footnotes":"","jetpack_publicize_message":"","jetpack_publicize_feature_enabled":true,"jetpack_social_post_already_shared":true,"jetpack_social_options":{"image_generator_settings":{"template":"highway","default_image_id":0,"font":"","enabled":false},"version":2}},"categories":[3215,3265],"tags":[],"class_list":["post-33075","post","type-post","status-publish","format-standard","has-post-thumbnail","hentry","category-en-portada","category-internacional"],"aioseo_notices":[],"jetpack_publicize_connections":[],"jetpack_featured_media_url":"https:\/\/i0.wp.com\/lequotidien509.com\/wp-content\/uploads\/2026\/04\/USA-attack-1.webp?fit=1366%2C768&ssl=1","jetpack_sharing_enabled":true,"_links":{"self":[{"href":"https:\/\/lequotidien509.com\/es\/wp-json\/wp\/v2\/posts\/33075","targetHints":{"allow":["GET"]}}],"collection":[{"href":"https:\/\/lequotidien509.com\/es\/wp-json\/wp\/v2\/posts"}],"about":[{"href":"https:\/\/lequotidien509.com\/es\/wp-json\/wp\/v2\/types\/post"}],"author":[{"embeddable":true,"href":"https:\/\/lequotidien509.com\/es\/wp-json\/wp\/v2\/users\/3"}],"replies":[{"embeddable":true,"href":"https:\/\/lequotidien509.com\/es\/wp-json\/wp\/v2\/comments?post=33075"}],"version-history":[{"count":1,"href":"https:\/\/lequotidien509.com\/es\/wp-json\/wp\/v2\/posts\/33075\/revisions"}],"predecessor-version":[{"id":33077,"href":"https:\/\/lequotidien509.com\/es\/wp-json\/wp\/v2\/posts\/33075\/revisions\/33077"}],"wp:featuredmedia":[{"embeddable":true,"href":"https:\/\/lequotidien509.com\/es\/wp-json\/wp\/v2\/media\/33076"}],"wp:attachment":[{"href":"https:\/\/lequotidien509.com\/es\/wp-json\/wp\/v2\/media?parent=33075"}],"wp:term":[{"taxonomy":"category","embeddable":true,"href":"https:\/\/lequotidien509.com\/es\/wp-json\/wp\/v2\/categories?post=33075"},{"taxonomy":"post_tag","embeddable":true,"href":"https:\/\/lequotidien509.com\/es\/wp-json\/wp\/v2\/tags?post=33075"}],"curies":[{"name":"wp","href":"https:\/\/api.w.org\/{rel}","templated":true}]}}