{"id":33069,"date":"2026-04-26T09:16:13","date_gmt":"2026-04-26T13:16:13","guid":{"rendered":"https:\/\/lequotidien509.com\/?p=33069"},"modified":"2026-04-26T14:28:04","modified_gmt":"2026-04-26T18:28:04","slug":"attaque-diner-maison-blanche-reactions-alix-didier-fils-aime-luis-abinader-2026-washington","status":"publish","type":"post","link":"https:\/\/lequotidien509.com\/es\/attaque-diner-maison-blanche-reactions-alix-didier-fils-aime-luis-abinader-2026-washington\/","title":{"rendered":"Washington \u2013 Attaque lors du d\u00eener des correspondants : r\u00e9actions de Alix Didier Fils-Aim\u00e9 (Ha\u00efti), Luis Abinader (R\u00e9publique dominicaine), France et Royaume-Uni"},"content":{"rendered":"<p>L\u2019incident arm\u00e9 survenu le 25 avril 2026 <a href=\"https:\/\/lequotidien509.com\/washington-donald-trump-evacue-en-urgence-lors-du-diner-des-correspondants\/\">lors du d\u00eener des correspondants de la Maison-Blanche \u00e0 Washington continue de susciter une onde de choc internationale.<\/a> L\u2019\u00e9v\u00e9nement, rapidement ma\u00eetris\u00e9 par les services de s\u00e9curit\u00e9 am\u00e9ricains, fait l\u2019objet d\u2019une enqu\u00eate f\u00e9d\u00e9rale apr\u00e8s la neutralisation d\u2019un suspect pr\u00e9sum\u00e9 isol\u00e9.<\/p>\n<p data-section-id=\"1pd0l43\" data-start=\"526\" data-end=\"588\"><strong>Ha\u00efti : Alix Didier Fils-Aim\u00e9 condamne fermement l\u2019attaque<\/strong><\/p>\n<p>Le Premier ministre ha\u00eftien <strong data-start=\"618\" data-end=\"643\">Alix Didier Fils-Aim\u00e9<\/strong> a exprim\u00e9 sa \u201cstup\u00e9faction\u201d et condamn\u00e9 avec vigueur ce qu\u2019il qualifie d\u2019acte de violence politique inacceptable. Il a r\u00e9affirm\u00e9 le soutien total d\u2019Ha\u00efti aux \u00c9tats-Unis, au pr\u00e9sident am\u00e9ricain et aux victimes de l\u2019incident.<\/p>\n<p><strong>R\u00e9publique dominicaine : Luis Abinader exprime son soulagement<\/strong><\/p>\n<p>Le pr\u00e9sident dominicain <strong data-start=\"961\" data-end=\"978\">Luis Abinader<\/strong> a d\u00e9clar\u00e9 que la R\u00e9publique dominicaine accueille avec soulagement la confirmation que le pr\u00e9sident am\u00e9ricain, la Premi\u00e8re dame et les invit\u00e9s sont sains et saufs.<\/p>\n<p>Il a salu\u00e9 la r\u00e9action rapide des forces de s\u00e9curit\u00e9 am\u00e9ricaines et adress\u00e9 un message de solidarit\u00e9 au peuple am\u00e9ricain, notamment \u00e0 l\u2019officier bless\u00e9 lors de l\u2019intervention.<\/p>\n<p><strong>R\u00e9actions internationales : France, Royaume-Uni, Canada et autres pays<\/strong><\/p>\n<p>La communaut\u00e9 internationale a r\u00e9agi avec une rare unanimit\u00e9 :<\/p>\n<ul data-start=\"1461\" data-end=\"1876\">\n<li data-section-id=\"1c62emn\" data-start=\"1461\" data-end=\"1531\"><strong data-start=\"1463\" data-end=\"1491\">France \u2013 Emmanuel Macron<\/strong> : d\u00e9nonce une \u201cattaque inacceptable\u201d.<\/li>\n<li data-section-id=\"1b598m6\" data-start=\"1532\" data-end=\"1603\"><strong data-start=\"1534\" data-end=\"1564\">Royaume-Uni \u2013 Keir Starmer<\/strong> : exprime son \u201cimmense soulagement\u201d.<\/li>\n<li data-section-id=\"pfchk8\" data-start=\"1604\" data-end=\"1703\"><strong data-start=\"1606\" data-end=\"1630\">Canada \u2013 Mark Carney<\/strong> : rappelle que \u201cla violence politique n\u2019a pas sa place en d\u00e9mocratie\u201d.<\/li>\n<li data-section-id=\"1l5i18y\" data-start=\"1704\" data-end=\"1787\"><strong data-start=\"1706\" data-end=\"1737\">Mexique \u2013 Claudia Sheinbaum<\/strong> : appelle au rejet de toute violence politique.<\/li>\n<li data-section-id=\"oifvaf\" data-start=\"1788\" data-end=\"1876\"><strong data-start=\"1790\" data-end=\"1826\">Italie, Allemagne, Turquie, Inde<\/strong> : condamnations fermes et messages de solidarit\u00e9.<\/li>\n<\/ul>\n<p data-section-id=\"emfdqy\" data-start=\"1878\" data-end=\"1913\"><strong>Enqu\u00eate en cours aux \u00c9tats-Unis<\/strong><\/p>\n<p>Les autorit\u00e9s am\u00e9ricaines poursuivent leurs investigations sur le suspect, un homme de 31 ans d\u00e9crit comme un \u201cloup solitaire\u201d. \u00c0 ce stade, aucune organisation structur\u00e9e n\u2019a \u00e9t\u00e9 identifi\u00e9e.<\/p>\n<p>L&#8217;auteur pr\u00e9sum\u00e9 de la fusillade survenue lors du d\u00eener des correspondants de la<a href=\"https:\/\/x.com\/lequotidien509\/status\/2048235154221543552?s=20\"> Maison Blanche aurait \u00e9t\u00e9 identifi\u00e9 comme \u00e9tant Cole Allen, \u00e2g\u00e9 de 31 ans, originaire de Torrance, en Californie.<\/a><\/p>\n<p>&nbsp;<\/p>\n","protected":false},"excerpt":{"rendered":"<p>L\u2019incident arm\u00e9 survenu le 25 avril 2026 lors du d\u00eener des correspondants de la Maison-Blanche \u00e0 Washington continue de susciter une onde de choc internationale. L\u2019\u00e9v\u00e9nement, rapidement ma\u00eetris\u00e9 par les services de s\u00e9curit\u00e9 am\u00e9ricains, fait l\u2019objet d\u2019une enqu\u00eate f\u00e9d\u00e9rale apr\u00e8s la neutralisation d\u2019un suspect pr\u00e9sum\u00e9 isol\u00e9. Ha\u00efti : Alix Didier Fils-Aim\u00e9 condamne fermement l\u2019attaque Le Premier ministre ha\u00eftien Alix Didier Fils-Aim\u00e9 a exprim\u00e9 sa \u201cstup\u00e9faction\u201d et condamn\u00e9 avec vigueur ce qu\u2019il qualifie d\u2019acte de violence politique inacceptable. Il a r\u00e9affirm\u00e9 le soutien total d\u2019Ha\u00efti aux \u00c9tats-Unis, au pr\u00e9sident am\u00e9ricain et aux victimes de l\u2019incident. R\u00e9publique dominicaine : Luis Abinader exprime son soulagement Le pr\u00e9sident dominicain Luis Abinader a d\u00e9clar\u00e9 que la R\u00e9publique dominicaine accueille avec soulagement la confirmation que le pr\u00e9sident am\u00e9ricain, la Premi\u00e8re dame et les invit\u00e9s sont sains et saufs. Il a salu\u00e9 la r\u00e9action rapide des forces de s\u00e9curit\u00e9 am\u00e9ricaines et adress\u00e9 un message de solidarit\u00e9 au peuple am\u00e9ricain, notamment \u00e0 l\u2019officier bless\u00e9 lors de l\u2019intervention. R\u00e9actions internationales : France, Royaume-Uni, Canada et autres pays La communaut\u00e9 internationale a r\u00e9agi avec une rare unanimit\u00e9 : France \u2013 Emmanuel Macron : d\u00e9nonce une \u201cattaque inacceptable\u201d. Royaume-Uni \u2013 Keir Starmer : exprime son \u201cimmense soulagement\u201d. Canada \u2013 Mark Carney : rappelle que \u201cla violence politique n\u2019a pas sa place en d\u00e9mocratie\u201d. Mexique \u2013 Claudia Sheinbaum : appelle au rejet de toute violence politique. Italie, Allemagne, Turquie, Inde : condamnations fermes et messages de solidarit\u00e9. Enqu\u00eate en cours aux \u00c9tats-Unis Les autorit\u00e9s am\u00e9ricaines poursuivent leurs investigations sur le suspect, un homme de 31 ans d\u00e9crit comme un \u201cloup solitaire\u201d. \u00c0 ce stade, aucune organisation structur\u00e9e n\u2019a \u00e9t\u00e9 identifi\u00e9e. L&#8217;auteur pr\u00e9sum\u00e9 de la fusillade survenue lors du d\u00eener des correspondants de la Maison Blanche aurait \u00e9t\u00e9 identifi\u00e9 comme \u00e9tant Cole Allen, \u00e2g\u00e9 de 31 ans, originaire de Torrance, en Californie. &nbsp;<\/p>\n","protected":false},"author":3,"featured_media":33073,"comment_status":"closed","ping_status":"closed","sticky":false,"template":"","format":"standard","meta":{"give_campaign_id":0,"_crdt_document":"","jetpack_post_was_ever_published":false,"_jetpack_newsletter_access":"","_jetpack_dont_email_post_to_subs":false,"_jetpack_newsletter_tier_id":0,"_jetpack_memberships_contains_paywalled_content":false,"_jetpack_memberships_contains_paid_content":false,"jnews-multi-image_gallery":[],"jnews_single_post":{"subtitle":"Une attaque arm\u00e9e survenue lors du d\u00eener des correspondants de la Maison-Blanche \u00e0 Washington a provoqu\u00e9 une onde de choc mondiale. De Ha\u00efti \u00e0 la R\u00e9publique dominicaine, en passant par la France et le Royaume-Uni, plusieurs dirigeants, dont Alix Didier Fils-Aim\u00e9 et Luis Abinader, ont condamn\u00e9 fermement la violence politique et exprim\u00e9 leur solidarit\u00e9 avec les \u00c9tats-Unis, alors que l\u2019enqu\u00eate se poursuit.","format":"standard","override":[{"template":"4","parallax":"1","layout":"right-sidebar","sidebar":"default-sidebar","second_sidebar":"default-sidebar","sticky_sidebar":"1","share_position":"topbottom","share_float_style":"share-monocrhome","show_featured":"1","show_post_meta":"1","show_post_author":"1","show_post_author_image":"1","show_post_date":"1","post_date_format":"default","post_date_format_custom":"Y\/m\/d","show_post_category":"1","show_post_reading_time":"1","post_reading_time_wpm":"300","post_calculate_word_method":"str_word_count","show_zoom_button":"0","zoom_button_out_step":"2","zoom_button_in_step":"3","show_post_tag":"1","show_comment_section":"1","number_popup_post":"1","show_inline_post_related":"1"}],"image_override":[{"single_post_thumbnail_size":"crop-500","single_post_gallery_size":"crop-500"}],"trending_post_position":"meta","trending_post_label":"Trending","sponsored_post_label":"Sponsored by","disable_ad":"0"},"jnews_primary_category":[],"jnews_social_meta":[],"jnews_post_split":{"post_split":[{"template":"1","tag":"h2","numbering":"asc","mode":"normal","first":"0","enable_toc":"0","toc_type":"normal"}]},"footnotes":"","jetpack_publicize_message":"","jetpack_publicize_feature_enabled":true,"jetpack_social_post_already_shared":true,"jetpack_social_options":{"image_generator_settings":{"template":"highway","default_image_id":0,"font":"","enabled":false},"version":2}},"categories":[3215,3265,3203,3267],"tags":[5617,3962,4493,3544],"class_list":["post-33069","post","type-post","status-publish","format-standard","has-post-thumbnail","hentry","category-en-portada","category-internacional","category-noticias","category-republica-dominicana","tag-barahona","tag-emmanuel-macron","tag-luis-abinader","tag-republica-dominicana"],"aioseo_notices":[],"jetpack_publicize_connections":[],"jetpack_featured_media_url":"https:\/\/i0.wp.com\/lequotidien509.com\/wp-content\/uploads\/2026\/04\/USA-attack.webp?fit=1366%2C768&ssl=1","jetpack_sharing_enabled":true,"_links":{"self":[{"href":"https:\/\/lequotidien509.com\/es\/wp-json\/wp\/v2\/posts\/33069","targetHints":{"allow":["GET"]}}],"collection":[{"href":"https:\/\/lequotidien509.com\/es\/wp-json\/wp\/v2\/posts"}],"about":[{"href":"https:\/\/lequotidien509.com\/es\/wp-json\/wp\/v2\/types\/post"}],"author":[{"embeddable":true,"href":"https:\/\/lequotidien509.com\/es\/wp-json\/wp\/v2\/users\/3"}],"replies":[{"embeddable":true,"href":"https:\/\/lequotidien509.com\/es\/wp-json\/wp\/v2\/comments?post=33069"}],"version-history":[{"count":3,"href":"https:\/\/lequotidien509.com\/es\/wp-json\/wp\/v2\/posts\/33069\/revisions"}],"predecessor-version":[{"id":33074,"href":"https:\/\/lequotidien509.com\/es\/wp-json\/wp\/v2\/posts\/33069\/revisions\/33074"}],"wp:featuredmedia":[{"embeddable":true,"href":"https:\/\/lequotidien509.com\/es\/wp-json\/wp\/v2\/media\/33073"}],"wp:attachment":[{"href":"https:\/\/lequotidien509.com\/es\/wp-json\/wp\/v2\/media?parent=33069"}],"wp:term":[{"taxonomy":"category","embeddable":true,"href":"https:\/\/lequotidien509.com\/es\/wp-json\/wp\/v2\/categories?post=33069"},{"taxonomy":"post_tag","embeddable":true,"href":"https:\/\/lequotidien509.com\/es\/wp-json\/wp\/v2\/tags?post=33069"}],"curies":[{"name":"wp","href":"https:\/\/api.w.org\/{rel}","templated":true}]}}