{"id":33029,"date":"2026-04-25T11:27:35","date_gmt":"2026-04-25T15:27:35","guid":{"rendered":"https:\/\/lequotidien509.com\/?p=33029"},"modified":"2026-04-25T11:27:35","modified_gmt":"2026-04-25T15:27:35","slug":"dajabon-denuncia-violacion-cocaina-libro-relaciones-haiti-republica-dominicana","status":"publish","type":"post","link":"https:\/\/lequotidien509.com\/es\/dajabon-denuncia-violacion-cocaina-libro-relaciones-haiti-republica-dominicana\/","title":{"rendered":"Dajab\u00f3n: denuncia por violaci\u00f3n, decomiso r\u00e9cord de coca\u00edna y nuevo libro sobre las relaciones entre Hait\u00ed y Rep\u00fablica Dominicana"},"content":{"rendered":"<p data-start=\"933\" data-end=\"1314\">Una denuncia por agresi\u00f3n sexual presentada en la frontera de <span class=\"hover:entity-accent entity-underline inline cursor-pointer align-baseline\"><span class=\"whitespace-normal\">Dajab\u00f3n<\/span><\/span>, un importante decomiso de coca\u00edna frente a las costas de <span class=\"hover:entity-accent entity-underline inline cursor-pointer align-baseline\"><span class=\"whitespace-normal\">Pedernales<\/span><\/span> y la publicaci\u00f3n de un ensayo hist\u00f3rico sobre los or\u00edgenes compartidos de la isla han vuelto a colocar las relaciones entre Hait\u00ed y Rep\u00fablica Dominicana en el centro del debate p\u00fablico.<\/p>\n<p data-start=\"1316\" data-end=\"1663\">En Dajab\u00f3n, una mujer haitiana identificada como Viergeline Jean denunci\u00f3 haber sido v\u00edctima de agresi\u00f3n sexual durante la noche del 19 de abril, cuando intentaba cruzar la valla perimetral en las inmediaciones del canal La Vig\u00eda. Seg\u00fan su testimonio, habr\u00eda sido interceptada por varios individuos se\u00f1alados como miembros del Ej\u00e9rcito dominicano.<\/p>\n<p data-start=\"1665\" data-end=\"2001\">A ra\u00edz de la denuncia, la jueza interina <span class=\"hover:entity-accent entity-underline inline cursor-pointer align-baseline\"><span class=\"whitespace-normal\">Aleyda Franco Tejada<\/span><\/span> orden\u00f3 la detenci\u00f3n del militar Natanael Nova de los Santos, mientras el Ministerio P\u00fablico contin\u00faa con las investigaciones. Las autoridades se\u00f1alaron que la medida busca garantizar la comparecencia del sospechoso en el marco del proceso judicial en curso.<\/p>\n<p data-start=\"2003\" data-end=\"2337\">El caso surge en un contexto de alta vigilancia en la frontera norte, escenario frecuente de tensiones vinculadas a los flujos migratorios, la seguridad y las actividades informales. Diversas organizaciones defensoras de derechos humanos han manifestado su preocupaci\u00f3n y han solicitado una investigaci\u00f3n independiente y transparente.<\/p>\n<p data-start=\"2339\" data-end=\"2652\">En paralelo, en el \u00e1mbito de la seguridad regional, una operaci\u00f3n conjunta ejecutada el 17 de abril por la <span class=\"hover:entity-accent entity-underline inline cursor-pointer align-baseline\"><span class=\"whitespace-normal\">Direcci\u00f3n Nacional de Control de Drogas<\/span><\/span>, las Fuerzas Armadas dominicanas y la <span class=\"hover:entity-accent entity-underline inline cursor-pointer align-baseline\"><span class=\"whitespace-normal\">Drug Enforcement Administration<\/span><\/span> (DEA) culmin\u00f3 con el decomiso de 1.707 kilogramos de coca\u00edna en aguas cercanas a Pedernales.<\/p>\n<p data-start=\"2654\" data-end=\"2821\"><a href=\"https:\/\/lequotidien509.com\/es\/republica-dominicana-interceptaciones-repatriaciones-red-migratoria-48-horas\/\">La intervenci\u00f3n cont\u00f3 adem\u00e1s con la coordinaci\u00f3n de la <span class=\"hover:entity-accent entity-underline inline cursor-pointer align-baseline\"><span class=\"whitespace-normal\">Joint Interagency Task Force South<\/span><\/span>, estructura especializada en la lucha contra el narcotr\u00e1fico en el Caribe.<\/a><\/p>\n<p data-start=\"2823\" data-end=\"3160\">De acuerdo con las autoridades, la operaci\u00f3n forma parte de una estrategia de cooperaci\u00f3n internacional orientada a debilitar redes criminales transnacionales. Los an\u00e1lisis realizados por el <span class=\"hover:entity-accent entity-underline inline cursor-pointer align-baseline\"><span class=\"whitespace-normal\">Instituto Nacional de Ciencias Forenses<\/span><\/span> confirmaron la naturaleza de la carga, mientras contin\u00faan las pesquisas para identificar posibles c\u00f3mplices.<\/p>\n<p data-start=\"3162\" data-end=\"3380\">En un registro distinto, aunque conectado con la dimensi\u00f3n hist\u00f3rica de ambos pa\u00edses, el periodista y escritor <span class=\"hover:entity-accent entity-underline inline cursor-pointer align-baseline\"><span class=\"whitespace-normal\">Rafael N\u00fa\u00f1ez<\/span><\/span> present\u00f3 recientemente su obra <span class=\"hover:entity-accent entity-underline inline cursor-pointer align-baseline\"><span class=\"whitespace-normal\">Santo Domingo: G\u00e9nesis y ruptura de dos naciones<\/span><\/span>.<\/p>\n<p data-start=\"3382\" data-end=\"3518\">El acto tuvo lugar en la <span class=\"hover:entity-accent entity-underline inline cursor-pointer align-baseline\"><span class=\"whitespace-normal\">Biblioteca Nacional Pedro Henr\u00edquez Ure\u00f1a<\/span><\/span>, con la presencia del presidente <span class=\"hover:entity-accent entity-underline inline cursor-pointer align-baseline\"><span class=\"whitespace-normal\">Luis Abinader<\/span><\/span>.<\/p>\n<p data-start=\"3520\" data-end=\"3951\">En el libro, el autor examina los or\u00edgenes comunes de la isla, desde las sociedades precolombinas hasta los procesos de colonizaci\u00f3n y fragmentaci\u00f3n territorial. La obra destaca las diferencias estructurales derivadas, entre otros factores, de la colonizaci\u00f3n francesa en el oeste y de las transformaciones socioecon\u00f3micas en el este, elementos que habr\u00edan incidido en la configuraci\u00f3n de dos trayectorias nacionales diferenciadas.<\/p>\n<p data-start=\"3953\" data-end=\"4222\">Historiadores como <span class=\"hover:entity-accent entity-underline inline cursor-pointer align-baseline\"><span class=\"whitespace-normal\">Juan Daniel Balc\u00e1cer<\/span><\/span> y <span class=\"hover:entity-accent entity-underline inline cursor-pointer align-baseline\"><span class=\"whitespace-normal\">Eliades <a href=\"https:\/\/www.dea.gov\/press-releases\/2026\/04\/24\/dea-part-historic-cocaine-seizure-dominican-republic\">Acosta<\/a><\/span><\/span> subrayaron el rigor documental del an\u00e1lisis, as\u00ed como la inclusi\u00f3n de aspectos de la historia haitiana que suelen estar menos presentes en la historiograf\u00eda dominicana.<\/p>\n<p data-start=\"4224\" data-end=\"4484\" data-is-last-node=\"\" data-is-only-node=\"\"><em>Soraya Ades.<\/em><\/p>\n","protected":false},"excerpt":{"rendered":"<p>Una denuncia por agresi\u00f3n sexual presentada en la frontera de Dajab\u00f3n, un importante decomiso de coca\u00edna frente a las costas de Pedernales y la publicaci\u00f3n de un ensayo hist\u00f3rico sobre los or\u00edgenes compartidos de la isla han vuelto a colocar las relaciones entre Hait\u00ed y Rep\u00fablica Dominicana en el centro del debate p\u00fablico. En Dajab\u00f3n, una mujer haitiana identificada como Viergeline Jean denunci\u00f3 haber sido v\u00edctima de agresi\u00f3n sexual durante la noche del 19 de abril, cuando intentaba cruzar la valla perimetral en las inmediaciones del canal La Vig\u00eda. Seg\u00fan su testimonio, habr\u00eda sido interceptada por varios individuos se\u00f1alados como miembros del Ej\u00e9rcito dominicano. A ra\u00edz de la denuncia, la jueza interina Aleyda Franco Tejada orden\u00f3 la detenci\u00f3n del militar Natanael Nova de los Santos, mientras el Ministerio P\u00fablico contin\u00faa con las investigaciones. Las autoridades se\u00f1alaron que la medida busca garantizar la comparecencia del sospechoso en el marco del proceso judicial en curso. El caso surge en un contexto de alta vigilancia en la frontera norte, escenario frecuente de tensiones vinculadas a los flujos migratorios, la seguridad y las actividades informales. Diversas organizaciones defensoras de derechos humanos han manifestado su preocupaci\u00f3n y han solicitado una investigaci\u00f3n independiente y transparente. En paralelo, en el \u00e1mbito de la seguridad regional, una operaci\u00f3n conjunta ejecutada el 17 de abril por la Direcci\u00f3n Nacional de Control de Drogas, las Fuerzas Armadas dominicanas y la Drug Enforcement Administration (DEA) culmin\u00f3 con el decomiso de 1.707 kilogramos de coca\u00edna en aguas cercanas a Pedernales. La intervenci\u00f3n cont\u00f3 adem\u00e1s con la coordinaci\u00f3n de la Joint Interagency Task Force South, estructura especializada en la lucha contra el narcotr\u00e1fico en el Caribe. De acuerdo con las autoridades, la operaci\u00f3n forma parte de una estrategia de cooperaci\u00f3n internacional orientada a debilitar redes criminales transnacionales. Los an\u00e1lisis realizados por el Instituto Nacional de Ciencias Forenses confirmaron la naturaleza de la carga, mientras contin\u00faan las pesquisas para identificar posibles c\u00f3mplices. En un registro distinto, aunque conectado con la dimensi\u00f3n hist\u00f3rica de ambos pa\u00edses, el periodista y escritor Rafael N\u00fa\u00f1ez present\u00f3 recientemente su obra Santo Domingo: G\u00e9nesis y ruptura de dos naciones. El acto tuvo lugar en la Biblioteca Nacional Pedro Henr\u00edquez Ure\u00f1a, con la presencia del presidente Luis Abinader. En el libro, el autor examina los or\u00edgenes comunes de la isla, desde las sociedades precolombinas hasta los procesos de colonizaci\u00f3n y fragmentaci\u00f3n territorial. La obra destaca las diferencias estructurales derivadas, entre otros factores, de la colonizaci\u00f3n francesa en el oeste y de las transformaciones socioecon\u00f3micas en el este, elementos que habr\u00edan incidido en la configuraci\u00f3n de dos trayectorias nacionales diferenciadas. Historiadores como Juan Daniel Balc\u00e1cer y Eliades Acosta subrayaron el rigor documental del an\u00e1lisis, as\u00ed como la inclusi\u00f3n de aspectos de la historia haitiana que suelen estar menos presentes en la historiograf\u00eda dominicana. Soraya Ades.<\/p>\n","protected":false},"author":9,"featured_media":33030,"comment_status":"closed","ping_status":"closed","sticky":false,"template":"","format":"standard","meta":{"give_campaign_id":0,"_crdt_document":"","jetpack_post_was_ever_published":false,"_jetpack_newsletter_access":"","_jetpack_dont_email_post_to_subs":false,"_jetpack_newsletter_tier_id":0,"_jetpack_memberships_contains_paywalled_content":false,"_jetpack_memberships_contains_paid_content":false,"jnews-multi-image_gallery":[],"jnews_single_post":{"format":"standard","override":[{"template":"4","parallax":"1","layout":"right-sidebar","sidebar":"default-sidebar","second_sidebar":"default-sidebar","sticky_sidebar":"1","share_position":"topbottom","share_float_style":"share-monocrhome","show_featured":"1","show_post_meta":"1","show_post_author":"1","show_post_author_image":"1","show_post_date":"1","post_date_format":"default","post_date_format_custom":"Y\/m\/d","show_post_category":"1","show_post_reading_time":"1","post_reading_time_wpm":"300","post_calculate_word_method":"str_word_count","show_zoom_button":"0","zoom_button_out_step":"2","zoom_button_in_step":"3","show_post_tag":"1","show_comment_section":"1","number_popup_post":"1","show_inline_post_related":"1"}],"image_override":[{"single_post_thumbnail_size":"crop-500","single_post_gallery_size":"crop-500"}],"trending_post_position":"meta","trending_post_label":"Trending","sponsored_post_label":"Sponsored by","disable_ad":"0","subtitle":"Una denuncia por violaci\u00f3n en Dajab\u00f3n, el decomiso de 1,7 toneladas de coca\u00edna y la publicaci\u00f3n de un libro reactivan el debate bilatera"},"jnews_primary_category":[],"jnews_social_meta":[],"jnews_post_split":{"post_split":[{"template":"1","tag":"h2","numbering":"asc","mode":"normal","first":"0","enable_toc":"0","toc_type":"normal"}]},"footnotes":"","jetpack_publicize_message":"","jetpack_publicize_feature_enabled":true,"jetpack_social_post_already_shared":true,"jetpack_social_options":{"image_generator_settings":{"template":"highway","default_image_id":0,"font":"","enabled":false},"version":2}},"categories":[3267],"tags":[],"class_list":["post-33029","post","type-post","status-publish","format-standard","has-post-thumbnail","hentry","category-republica-dominicana"],"aioseo_notices":[],"jetpack_publicize_connections":[],"jetpack_featured_media_url":"https:\/\/i0.wp.com\/lequotidien509.com\/wp-content\/uploads\/2026\/04\/an-11.webp?fit=1366%2C768&ssl=1","jetpack_sharing_enabled":true,"_links":{"self":[{"href":"https:\/\/lequotidien509.com\/es\/wp-json\/wp\/v2\/posts\/33029","targetHints":{"allow":["GET"]}}],"collection":[{"href":"https:\/\/lequotidien509.com\/es\/wp-json\/wp\/v2\/posts"}],"about":[{"href":"https:\/\/lequotidien509.com\/es\/wp-json\/wp\/v2\/types\/post"}],"author":[{"embeddable":true,"href":"https:\/\/lequotidien509.com\/es\/wp-json\/wp\/v2\/users\/9"}],"replies":[{"embeddable":true,"href":"https:\/\/lequotidien509.com\/es\/wp-json\/wp\/v2\/comments?post=33029"}],"version-history":[{"count":1,"href":"https:\/\/lequotidien509.com\/es\/wp-json\/wp\/v2\/posts\/33029\/revisions"}],"predecessor-version":[{"id":33031,"href":"https:\/\/lequotidien509.com\/es\/wp-json\/wp\/v2\/posts\/33029\/revisions\/33031"}],"wp:featuredmedia":[{"embeddable":true,"href":"https:\/\/lequotidien509.com\/es\/wp-json\/wp\/v2\/media\/33030"}],"wp:attachment":[{"href":"https:\/\/lequotidien509.com\/es\/wp-json\/wp\/v2\/media?parent=33029"}],"wp:term":[{"taxonomy":"category","embeddable":true,"href":"https:\/\/lequotidien509.com\/es\/wp-json\/wp\/v2\/categories?post=33029"},{"taxonomy":"post_tag","embeddable":true,"href":"https:\/\/lequotidien509.com\/es\/wp-json\/wp\/v2\/tags?post=33029"}],"curies":[{"name":"wp","href":"https:\/\/api.w.org\/{rel}","templated":true}]}}