{"id":32977,"date":"2026-04-23T20:58:48","date_gmt":"2026-04-24T00:58:48","guid":{"rendered":"https:\/\/lequotidien509.com\/?p=32977"},"modified":"2026-04-23T20:58:48","modified_gmt":"2026-04-24T00:58:48","slug":"gessica-geneus-cannes-2026-francis-mercier-paris-joe-dwet-file-hatelove-noticias-culturales","status":"publish","type":"post","link":"https:\/\/lequotidien509.com\/es\/gessica-geneus-cannes-2026-francis-mercier-paris-joe-dwet-file-hatelove-noticias-culturales\/","title":{"rendered":"Gessica G\u00e9n\u00e9us rumbo a Cannes 2026, Francis Mercier llega a Par\u00eds y Jo\u00e9 Dw\u00e8t Fil\u00e9 anuncia HATELOVE"},"content":{"rendered":"<h4 data-section-id=\"1or81bc\" data-start=\"277\" data-end=\"292\">HAIT\u00cd<\/h4>\n<p data-start=\"294\" data-end=\"500\"><span class=\"hover:entity-accent entity-underline inline cursor-pointer align-baseline\"><span class=\"whitespace-normal\">Bianca Louis<\/span><\/span>, seleccionada para representar a Hait\u00ed en <strong data-start=\"374\" data-end=\"413\">Miss Independent International 2026<\/strong>, no participar\u00e1 en la competencia prevista en Bangkok del 20 al 27 de abril de 2026. Su ausencia se debe a un problema administrativo relacionado con sus documentos de viaje, que no pudo resolver a tiempo. Antes de esta designaci\u00f3n, hab\u00eda obtenido varias distinciones y fue coronada Miss Dream Hait\u00ed 2025.<\/p>\n<p data-start=\"726\" data-end=\"931\">El proyecto musical <strong data-start=\"746\" data-end=\"759\">\u201cDevwale\u201d<\/strong>, lanzado el 23 de abril de 2026 por <span class=\"hover:entity-accent entity-underline inline cursor-pointer align-baseline\"><span class=\"whitespace-normal\">Mizikanou Production<\/span><\/span>, se presenta como una plataforma destinada a descubrir y acompa\u00f1ar a nuevos talentos haitianos. <a href=\"https:\/\/lequotidien509.com\/es\/ariana-milagro-watson-g-kanis-waahli-resumen-cultural-2026\/\">Con base en Miami, la iniciativa comenzar\u00e1 con el lanzamiento de dos canciones antes de abrir un proceso de postulaciones mediante videos. Seis artistas ser\u00e1n seleccionados bajo criterios art\u00edsticos y meritocr\u00e1ticos.<\/a><\/p>\n<h4 data-section-id=\"vttj9j\" data-start=\"1158\" data-end=\"1174\">DI\u00c1SPORA<\/h4>\n<p data-start=\"1176\" data-end=\"1379\">La pel\u00edcula <span class=\"hover:entity-accent entity-underline inline cursor-pointer align-baseline\"><span class=\"whitespace-normal\">Marie-Madeleine<\/span><\/span>, dirigida por <span class=\"hover:entity-accent entity-underline inline cursor-pointer align-baseline\"><span class=\"whitespace-normal\">Gessica G\u00e9n\u00e9us<\/span><\/span>, fue seleccionada para el <span class=\"hover:entity-accent entity-underline inline cursor-pointer align-baseline\"><span class=\"whitespace-normal\">Festival de Cannes<\/span><\/span> 2026 en la secci\u00f3n Cannes Premi\u00e8re. Rodada en 2025 en Jacmel y producida por SaNoSi Productions, esta obra sucede a <em data-start=\"1461\" data-end=\"1468\">Freda<\/em>, presentada en 2021. La historia aborda tensiones sociales derivadas de la instalaci\u00f3n de una iglesia frente a un burdel, siguiendo el recorrido del personaje Marie-Madeleine. El elenco incluye a Gessica G\u00e9n\u00e9us, <span class=\"hover:entity-accent entity-underline inline cursor-pointer align-baseline\"><span class=\"whitespace-normal\">Ga\u00eblle Bien-Aim\u00e9<\/span><\/span>, B\u00e9onard Kervens Monteau y Youyou (\u00c9douard Baptiste). El proyecto tambi\u00e9n cont\u00f3 con el acompa\u00f1amiento de la Residencia del Festival de Cannes.<\/p>\n<p data-start=\"1648\" data-end=\"1866\">El DJ y productor haitiano <span class=\"hover:entity-accent entity-underline inline cursor-pointer align-baseline\"><span class=\"whitespace-normal\">Francis Mercier<\/span><\/span> se presentar\u00e1 el 25 de abril en el <span class=\"hover:entity-accent entity-underline inline cursor-pointer align-baseline\"><span class=\"whitespace-normal\">Z\u00e9nith de Paris-La Villette<\/span><\/span> como parte de su gira <strong data-start=\"2028\" data-end=\"2039\">\u201cSol\u00e8y\u201d<\/strong>. La gira, que ya pas\u00f3 por Londres, Dub\u00e1i y Montreal, combina espect\u00e1culos musicales con intercambios culturales. Para la fecha en Par\u00eds compartir\u00e1 escenario con <span class=\"hover:entity-accent entity-underline inline cursor-pointer align-baseline\"><span class=\"whitespace-normal\">Wyclef Jean<\/span><\/span>, <span class=\"hover:entity-accent entity-underline inline cursor-pointer align-baseline\"><span class=\"whitespace-normal\">DJ K9<\/span><\/span>, DJ Bullet, <span class=\"hover:entity-accent entity-underline inline cursor-pointer align-baseline\"><span class=\"whitespace-normal\">Boukman Eksperyans<\/span><\/span> y Lenny Auguste.<\/p>\n<p data-start=\"2353\" data-end=\"2512\">El cantante franco-haitiano <span class=\"hover:entity-accent entity-underline inline cursor-pointer align-baseline\"><span class=\"whitespace-normal\">Jo\u00e9 Dw\u00e8t Fil\u00e9<\/span><\/span> anunci\u00f3 el lanzamiento de su nuevo \u00e1lbum <em data-start=\"2462\" data-end=\"2472\">HATELOVE<\/em>, previsto para el 22 de mayo de 2026. Un adelanto del listado de canciones confirm\u00f3 colaboraciones con <span class=\"hover:entity-accent entity-underline inline cursor-pointer align-baseline\"><span class=\"whitespace-normal\">SDM<\/span><\/span>, <span class=\"hover:entity-accent entity-underline inline cursor-pointer align-baseline\"><span class=\"whitespace-normal\">Shenseea<\/span><\/span>, <span class=\"hover:entity-accent entity-underline inline cursor-pointer align-baseline\"><span class=\"whitespace-normal\">Rich The Kid<\/span><\/span> y KLN. El \u00e1lbum llega despu\u00e9s de sus proyectos <em data-start=\"2748\" data-end=\"2756\">\u00c0 deux<\/em>, <em data-start=\"2758\" data-end=\"2767\">Calypso<\/em>, <em data-start=\"2769\" data-end=\"2778\">Daddy 9<\/em> y <em data-start=\"2781\" data-end=\"2789\">Goumin<\/em>. Tambi\u00e9n est\u00e1 programado para encabezar un concierto en Paris La D\u00e9fense Arena en diciembre de 2026, con la fecha ya agotada.<\/p>\n<p data-start=\"2922\" data-end=\"3093\">El agr\u00f3nomo haitiano <span class=\"hover:entity-accent entity-underline inline cursor-pointer align-baseline\"><span class=\"whitespace-normal\">Remy Telfils<\/span><\/span> particip\u00f3 en el <strong data-start=\"2999\" data-end=\"3027\">Paris Caf\u00e9 Festival 2026<\/strong>, donde promovi\u00f3 el caf\u00e9 haitiano ante un p\u00fablico internacional. A trav\u00e9s de su empresa, busca posicionar este producto en mercados globales especializados, al tiempo que visibiliza los desaf\u00edos estructurales que enfrenta la industria cafetera en Hait\u00ed.<\/p>\n<p data-start=\"3287\" data-end=\"3535\">Por su parte, <span class=\"hover:entity-accent entity-underline inline cursor-pointer align-baseline\"><span class=\"whitespace-normal\">Handy Tibert<\/span><\/span> ocupa actualmente el cargo de <strong data-start=\"3371\" data-end=\"3398\">Venue Technical Manager<\/strong> en Kansas City, donde supervisa operaciones t\u00e9cnicas en grandes eventos deportivos, incluyendo sistemas de c\u00e1maras para transmisiones.<\/p>\n<h4 data-section-id=\"1p42hx6\" data-start=\"3542\" data-end=\"3563\">INTERNACIONAL<\/h4>\n<p data-start=\"3565\" data-end=\"3736\">En <span class=\"hover:entity-accent entity-underline inline cursor-pointer align-baseline\"><span class=\"whitespace-normal\">Les Flammes<\/span><\/span>, ceremonia dedicada al rap y la cultura popular, varios artistas destacaron <a href=\"https:\/\/www.franceinfo.fr\/culture\/musique\/direct-ceremonie-des-flammes-suivez-avec-nous-la-quatrieme-edition-des-recompenses-dediees-au-rap-et-aux-cultures-populaires_7959815.html\">en la edici\u00f3n 2026 celebrada en La Seine Musicale. <span class=\"hover:entity-accent entity-underline inline cursor-pointer align-baseline\"><span class=\"whitespace-normal\">Theodora<\/span><\/span> obtuvo cuatro premios, incluido<\/a> el de Video Musical del A\u00f1o, mientras que el tr\u00edo L2B fue reconocido como Revelaci\u00f3n Masculina del A\u00f1o. Entre los artistas con m\u00e1s nominaciones estuvieron <span class=\"hover:entity-accent entity-underline inline cursor-pointer align-baseline\"><span class=\"whitespace-normal\">Hamza<\/span><\/span>, <span class=\"hover:entity-accent entity-underline inline cursor-pointer align-baseline\"><span class=\"whitespace-normal\">Aya Nakamura<\/span><\/span>, <span class=\"hover:entity-accent entity-underline inline cursor-pointer align-baseline\"><span class=\"whitespace-normal\">Jul<\/span><\/span>, <span class=\"hover:entity-accent entity-underline inline cursor-pointer align-baseline\"><span class=\"whitespace-normal\">Ninho<\/span><\/span> y <span class=\"hover:entity-accent entity-underline inline cursor-pointer align-baseline\"><span class=\"whitespace-normal\">Gims<\/span><\/span>.<\/p>\n<p><em>Soraya Ades.<\/em><\/p>\n","protected":false},"excerpt":{"rendered":"<p>HAIT\u00cd Bianca Louis, seleccionada para representar a Hait\u00ed en Miss Independent International 2026, no participar\u00e1 en la competencia prevista en Bangkok del 20 al 27 de abril de 2026. Su ausencia se debe a un problema administrativo relacionado con sus documentos de viaje, que no pudo resolver a tiempo. Antes de esta designaci\u00f3n, hab\u00eda obtenido varias distinciones y fue coronada Miss Dream Hait\u00ed 2025. El proyecto musical \u201cDevwale\u201d, lanzado el 23 de abril de 2026 por Mizikanou Production, se presenta como una plataforma destinada a descubrir y acompa\u00f1ar a nuevos talentos haitianos. Con base en Miami, la iniciativa comenzar\u00e1 con el lanzamiento de dos canciones antes de abrir un proceso de postulaciones mediante videos. Seis artistas ser\u00e1n seleccionados bajo criterios art\u00edsticos y meritocr\u00e1ticos. DI\u00c1SPORA La pel\u00edcula Marie-Madeleine, dirigida por Gessica G\u00e9n\u00e9us, fue seleccionada para el Festival de Cannes 2026 en la secci\u00f3n Cannes Premi\u00e8re. Rodada en 2025 en Jacmel y producida por SaNoSi Productions, esta obra sucede a Freda, presentada en 2021. La historia aborda tensiones sociales derivadas de la instalaci\u00f3n de una iglesia frente a un burdel, siguiendo el recorrido del personaje Marie-Madeleine. El elenco incluye a Gessica G\u00e9n\u00e9us, Ga\u00eblle Bien-Aim\u00e9, B\u00e9onard Kervens Monteau y Youyou (\u00c9douard Baptiste). El proyecto tambi\u00e9n cont\u00f3 con el acompa\u00f1amiento de la Residencia del Festival de Cannes. El DJ y productor haitiano Francis Mercier se presentar\u00e1 el 25 de abril en el Z\u00e9nith de Paris-La Villette como parte de su gira \u201cSol\u00e8y\u201d. La gira, que ya pas\u00f3 por Londres, Dub\u00e1i y Montreal, combina espect\u00e1culos musicales con intercambios culturales. Para la fecha en Par\u00eds compartir\u00e1 escenario con Wyclef Jean, DJ K9, DJ Bullet, Boukman Eksperyans y Lenny Auguste. El cantante franco-haitiano Jo\u00e9 Dw\u00e8t Fil\u00e9 anunci\u00f3 el lanzamiento de su nuevo \u00e1lbum HATELOVE, previsto para el 22 de mayo de 2026. Un adelanto del listado de canciones confirm\u00f3 colaboraciones con SDM, Shenseea, Rich The Kid y KLN. El \u00e1lbum llega despu\u00e9s de sus proyectos \u00c0 deux, Calypso, Daddy 9 y Goumin. Tambi\u00e9n est\u00e1 programado para encabezar un concierto en Paris La D\u00e9fense Arena en diciembre de 2026, con la fecha ya agotada. El agr\u00f3nomo haitiano Remy Telfils particip\u00f3 en el Paris Caf\u00e9 Festival 2026, donde promovi\u00f3 el caf\u00e9 haitiano ante un p\u00fablico internacional. A trav\u00e9s de su empresa, busca posicionar este producto en mercados globales especializados, al tiempo que visibiliza los desaf\u00edos estructurales que enfrenta la industria cafetera en Hait\u00ed. Por su parte, Handy Tibert ocupa actualmente el cargo de Venue Technical Manager en Kansas City, donde supervisa operaciones t\u00e9cnicas en grandes eventos deportivos, incluyendo sistemas de c\u00e1maras para transmisiones. INTERNACIONAL En Les Flammes, ceremonia dedicada al rap y la cultura popular, varios artistas destacaron en la edici\u00f3n 2026 celebrada en La Seine Musicale. Theodora obtuvo cuatro premios, incluido el de Video Musical del A\u00f1o, mientras que el tr\u00edo L2B fue reconocido como Revelaci\u00f3n Masculina del A\u00f1o. Entre los artistas con m\u00e1s nominaciones estuvieron Hamza, Aya Nakamura, Jul, Ninho y Gims. Soraya Ades.<\/p>\n","protected":false},"author":9,"featured_media":32978,"comment_status":"closed","ping_status":"closed","sticky":false,"template":"","format":"standard","meta":{"give_campaign_id":0,"_crdt_document":"","jetpack_post_was_ever_published":false,"_jetpack_newsletter_access":"","_jetpack_dont_email_post_to_subs":false,"_jetpack_newsletter_tier_id":0,"_jetpack_memberships_contains_paywalled_content":false,"_jetpack_memberships_contains_paid_content":false,"jnews-multi-image_gallery":[],"jnews_single_post":{"format":"standard","override":[{"template":"4","parallax":"1","layout":"right-sidebar","sidebar":"default-sidebar","second_sidebar":"default-sidebar","sticky_sidebar":"1","share_position":"topbottom","share_float_style":"share-monocrhome","show_featured":"1","show_post_meta":"1","show_post_author":"1","show_post_author_image":"1","show_post_date":"1","post_date_format":"default","post_date_format_custom":"Y\/m\/d","show_post_category":"1","show_post_reading_time":"1","post_reading_time_wpm":"300","post_calculate_word_method":"str_word_count","show_zoom_button":"0","zoom_button_out_step":"2","zoom_button_in_step":"3","show_post_tag":"1","show_comment_section":"1","number_popup_post":"1","show_inline_post_related":"1"}],"image_override":[{"single_post_thumbnail_size":"crop-500","single_post_gallery_size":"crop-500"}],"trending_post_position":"meta","trending_post_label":"Trending","sponsored_post_label":"Sponsored by","disable_ad":"0","subtitle":"Noticias culturales haitianas 2026: cine, m\u00fasica, emprendimiento y reconocimiento internacional"},"jnews_primary_category":[],"jnews_social_meta":[],"jnews_post_split":{"post_split":[{"template":"1","tag":"h2","numbering":"asc","mode":"normal","first":"0","enable_toc":"0","toc_type":"normal"}]},"footnotes":"","jetpack_publicize_message":"","jetpack_publicize_feature_enabled":true,"jetpack_social_post_already_shared":true,"jetpack_social_options":{"image_generator_settings":{"template":"highway","default_image_id":0,"font":"","enabled":false},"version":2}},"categories":[3282,3281],"tags":[],"class_list":["post-32977","post","type-post","status-publish","format-standard","has-post-thumbnail","hentry","category-artes","category-cultura"],"aioseo_notices":[],"jetpack_publicize_connections":[],"jetpack_featured_media_url":"https:\/\/i0.wp.com\/lequotidien509.com\/wp-content\/uploads\/2026\/04\/Culturelle-86.webp?fit=1920%2C1080&ssl=1","jetpack_sharing_enabled":true,"_links":{"self":[{"href":"https:\/\/lequotidien509.com\/es\/wp-json\/wp\/v2\/posts\/32977","targetHints":{"allow":["GET"]}}],"collection":[{"href":"https:\/\/lequotidien509.com\/es\/wp-json\/wp\/v2\/posts"}],"about":[{"href":"https:\/\/lequotidien509.com\/es\/wp-json\/wp\/v2\/types\/post"}],"author":[{"embeddable":true,"href":"https:\/\/lequotidien509.com\/es\/wp-json\/wp\/v2\/users\/9"}],"replies":[{"embeddable":true,"href":"https:\/\/lequotidien509.com\/es\/wp-json\/wp\/v2\/comments?post=32977"}],"version-history":[{"count":1,"href":"https:\/\/lequotidien509.com\/es\/wp-json\/wp\/v2\/posts\/32977\/revisions"}],"predecessor-version":[{"id":32979,"href":"https:\/\/lequotidien509.com\/es\/wp-json\/wp\/v2\/posts\/32977\/revisions\/32979"}],"wp:featuredmedia":[{"embeddable":true,"href":"https:\/\/lequotidien509.com\/es\/wp-json\/wp\/v2\/media\/32978"}],"wp:attachment":[{"href":"https:\/\/lequotidien509.com\/es\/wp-json\/wp\/v2\/media?parent=32977"}],"wp:term":[{"taxonomy":"category","embeddable":true,"href":"https:\/\/lequotidien509.com\/es\/wp-json\/wp\/v2\/categories?post=32977"},{"taxonomy":"post_tag","embeddable":true,"href":"https:\/\/lequotidien509.com\/es\/wp-json\/wp\/v2\/tags?post=32977"}],"curies":[{"name":"wp","href":"https:\/\/api.w.org\/{rel}","templated":true}]}}