{"id":32920,"date":"2026-04-23T09:12:36","date_gmt":"2026-04-23T13:12:36","guid":{"rendered":"https:\/\/lequotidien509.com\/?p=32920"},"modified":"2026-04-23T10:14:57","modified_gmt":"2026-04-23T14:14:57","slug":"crisis-embajada-haiti-republica-dominicana-fritz-longchamp-criticas","status":"publish","type":"post","link":"https:\/\/lequotidien509.com\/es\/crisis-embajada-haiti-republica-dominicana-fritz-longchamp-criticas\/","title":{"rendered":"Crisis en la Embajada de Hait\u00ed en Rep\u00fablica Dominicana: cr\u00edticas, tensiones internas y el silencio selectivo de Fritz Longchamp"},"content":{"rendered":"<p>El embajador de Hait\u00ed en la Rep\u00fablica Dominicana, <span class=\"hover:entity-accent entity-underline inline cursor-pointer align-baseline\"><span class=\"whitespace-normal\">Emmanuel Fritz Longchamp<\/span><\/span>, decidi\u00f3 pronunciarse el 22 de abril de 2026 en las columnas del medio dominicano <span class=\"hover:entity-accent entity-underline inline cursor-pointer align-baseline\"><span class=\"whitespace-normal\">Prisma<\/span><\/span> sobre los desaf\u00edos de seguridad en Hait\u00ed y la migraci\u00f3n regional. Una intervenci\u00f3n que se produce en un contexto particular, marcado tanto por una creciente movilizaci\u00f3n de la di\u00e1spora haitiana como por cr\u00edticas persistentes sobre el funcionamiento de la embajada.<\/p>\n<p>Seg\u00fan sus declaraciones, la estabilidad en Hait\u00ed habr\u00eda cobrado un nuevo impulso tras una reuni\u00f3n de alto nivel celebrada el 21 de abril en Washington entre el secretario de Estado de Estados Unidos, <span class=\"hover:entity-accent entity-underline inline cursor-pointer align-baseline\"><span class=\"whitespace-normal\">Marco Rubio<\/span><\/span>, y el primer ministro haitiano, <span class=\"hover:entity-accent entity-underline inline cursor-pointer align-baseline\"><span class=\"whitespace-normal\">Alix Didier Fils-Aim\u00e9<\/span><\/span>. Este encuentro fue presentado como una se\u00f1al pol\u00edtica fuerte, destinada a tranquilizar a los actores que a\u00fan dudan del proceso de transici\u00f3n en curso.<\/p>\n<p>Sin embargo, d\u00edas antes \u2014espec\u00edficamente el 10 de abril y del 13 al 20 de abril\u2014 dos iniciativas importantes, organizadas por el REAH-10 y la Fundaci\u00f3n Zile, reunieron en Santo Domingo a actores y miembros de la di\u00e1spora haitiana. Se trat\u00f3 de una movilizaci\u00f3n visible, con la participaci\u00f3n de delegaciones oficiales dominicanas. En este contexto, la ausencia de la embajada de Hait\u00ed en la Rep\u00fablica Dominicana fue notable, percibida incluso como una forma de boicot, tras discursos protocolarios de alcance limitado en torno a la francofon\u00eda.<\/p>\n<p>No hubo representaci\u00f3n oficial en las actividades destinadas a conmemorar la figura de <span class=\"hover:entity-accent entity-underline inline cursor-pointer align-baseline\"><span class=\"whitespace-normal\">Toussaint Louverture<\/span><\/span>, precursor de la independencia haitiana, ni en la semana dedicada a la di\u00e1spora. Todo ello, a pesar de que, durante esa misma semana, se firm\u00f3 un acuerdo bilateral para la reanudaci\u00f3n de los vuelos y el fortalecimiento de las relaciones entre ambos pa\u00edses. Un verdadero deshielo diplom\u00e1tico, considerado un logro de la canciller <span class=\"hover:entity-accent entity-underline inline cursor-pointer align-baseline\"><span class=\"whitespace-normal\">Raina Forbin<\/span><\/span>, que tambi\u00e9n pas\u00f3 desapercibido en la comunicaci\u00f3n del embajador Longchamp.<\/p>\n<p><strong>Un discurso orientado hacia Washington<\/strong><\/p>\n<p>M\u00e1s all\u00e1 de su entrevista con el periodista dominicano Yulen Jorge, de Prisma, el embajador no consider\u00f3 oportuno reconocer p\u00fablicamente a la canciller Raina Forbin, quien logr\u00f3, en un corto per\u00edodo de tiempo, lo que otros antes que ella \u2014en ocasiones con mayor experiencia o firmeza\u2014 no hab\u00edan conseguido: un acuerdo con las autoridades dominicanas para la reactivaci\u00f3n de las relaciones bilaterales.<\/p>\n<p>Este avance diplom\u00e1tico no parece haber ocupado un lugar central en su discurso.<\/p>\n<p>En su intervenci\u00f3n, el embajador insisti\u00f3 principalmente en el papel de Estados Unidos en la estabilizaci\u00f3n de Hait\u00ed:<br data-start=\"2959\" data-end=\"2962\" \/>\u00abEs fundamental priorizar el restablecimiento de la seguridad [\u2026] as\u00ed como el desarrollo econ\u00f3mico y social\u00bb.<\/p>\n<p>Asimismo, se\u00f1al\u00f3 que \u00ablos avances en materia de seguridad podr\u00edan contribuir a reducir las presiones migratorias\u00bb.<\/p>\n<p>No obstante, surge una interrogante clave: \u00bfhasta qu\u00e9 punto el embajador comprende las presiones migratorias que enfrentan los ciudadanos haitianos?<\/p>\n<p>\u00bfCu\u00e1l es su balance concreto? Mujeres embarazadas deportadas, estudiantes detenidos en plena jornada universitaria, madres que esperan durante horas \u2014a veces con un reci\u00e9n nacido\u2014 frente a la embajada para obtener documentos de identidad o actas de nacimiento: esta es tambi\u00e9n la realidad de la presi\u00f3n migratoria.<\/p>\n<p>El embajador tambi\u00e9n aboga por el despliegue de fuerzas para el control fronterizo:<br data-start=\"3740\" data-end=\"3743\" \/>\u00abA corto plazo, el despliegue de la GSF permitir\u00eda un control m\u00e1s eficaz\u2026\u00bb.<\/p>\n<p>Sin embargo, persiste una pregunta de fondo: \u00bfpuede un diplom\u00e1tico haitiano promover la supervisi\u00f3n de su territorio por fuerzas extranjeras?<\/p>\n<p>En esta entrevista, ni la Polic\u00eda Nacional de Hait\u00ed ni las Fuerzas Armadas son mencionadas, como si la soluci\u00f3n solo pudiera provenir del exterior.<\/p>\n<p><strong>Revocaciones en serie, pero continuidad selectiva<\/strong><\/p>\n<p>Mientras el embajador habla de estabilidad, en el plano interno el t\u00e9rmino que m\u00e1s circula es \u201cdesorganizaci\u00f3n\u201d.<\/p>\n<p>Seg\u00fan informaciones recabadas por <em data-start=\"4317\" data-end=\"4335\">Le Quotidien 509<\/em>, se habr\u00eda transmitido una lista de empleados a revocar en el marco de un proceso impulsado por la canciller\u00eda. Oficialmente, se trata de ajustes administrativos.<\/p>\n<p>En la pr\u00e1ctica, varias fuentes se\u00f1alan:<\/p>\n<ul data-start=\"4541\" data-end=\"4707\">\n<li data-section-id=\"1rjgof6\" data-start=\"4541\" data-end=\"4584\">falta de criterios claramente definidos<\/li>\n<li data-section-id=\"gwcoe6\" data-start=\"4585\" data-end=\"4636\">amplio margen de decisi\u00f3n otorgado al embajador<\/li>\n<li data-section-id=\"1tbbion\" data-start=\"4637\" data-end=\"4675\">decisiones consideradas selectivas<\/li>\n<li data-section-id=\"126esff\" data-start=\"4676\" data-end=\"4707\">un clima de tensi\u00f3n interna<\/li>\n<\/ul>\n<p>Mientras algunos empleados est\u00e1n en la mira, otros permanecen firmemente en sus puestos. Funcionarios con entre 20 y 30 a\u00f1os de servicio contin\u00faan ocupando funciones dentro de la embajada, una permanencia que genera interrogantes en un contexto de supuesta \u201creforma\u201d.<\/p>\n<p>Seg\u00fan varios testimonios, estos perfiles estar\u00edan vinculados al entorno cercano del embajador. Esto alimenta una percepci\u00f3n cada vez m\u00e1s extendida: reformar, s\u00ed\u2026 pero no a todos.<\/p>\n<p data-start=\"105\" data-end=\"452\"><strong data-start=\"105\" data-end=\"131\">Rumores de agresiones<\/strong><\/p>\n<p data-start=\"105\" data-end=\"452\">\u00a0Persisten rumores dentro de la misi\u00f3n diplom\u00e1tica que generan inquietud. El allegado del embajador <span class=\"hover:entity-accent entity-underline inline cursor-pointer align-baseline\"><span class=\"whitespace-normal\">Emmanuel Fritz Longchamp<\/span><\/span>, a quien este suele designar de facto como encargado de negocios <em data-start=\"334\" data-end=\"340\">a.i.<\/em>, estar\u00eda siendo se\u00f1alado por acusaciones internas de comportamientos inapropiados hacia el personal femenino.<\/p>\n<p data-start=\"454\" data-end=\"717\">Seg\u00fan varias fuentes concordantes, se habr\u00edan reportado presuntos hechos de acoso, incluyendo gestos indebidos \u2014 algunas versiones mencionan incluso un incidente en el que una empleada habr\u00eda sido tocada de manera inapropiada, e incluso golpeada en los gl\u00fateos.<\/p>\n<p data-start=\"719\" data-end=\"892\">Si bien hasta el momento no existe comunicaci\u00f3n oficial que confirme estas denuncias, la gravedad de las mismas est\u00e1 generando un creciente malestar dentro de la embajada.<\/p>\n<p data-start=\"894\" data-end=\"1276\" data-is-last-node=\"\" data-is-only-node=\"\">En este contexto, la canciller <span class=\"hover:entity-accent entity-underline inline cursor-pointer align-baseline\"><span class=\"whitespace-normal\">Raina Forbin<\/span><\/span>, reconocida por sus posturas en favor del respeto a las mujeres, es llamada a ordenar, sin demora, una investigaci\u00f3n independiente, especialmente ante las afirmaciones de que este cercano al embajador ejercer\u00eda una influencia determinante en el funcionamiento de la diplomacia haitiana en la Rep\u00fablica Dominicana.<\/p>\n<p><strong>Una embajada bajo cr\u00edticas\u2026 incluso en su entorno inmediato<\/strong><\/p>\n<p>Las dificultades no se limitan a la administraci\u00f3n.<\/p>\n<p>El entorno inmediato de la embajada es regularmente se\u00f1alado en medios dominicanos por problemas de insalubridad en la calle donde se ubica la misi\u00f3n diplom\u00e1tica.<\/p>\n<p>\u00bfUn detalle menor? En absoluto. En diplomacia, la imagen es tan importante como el discurso.<\/p>\n<p><strong>Interrogantes persistentes<\/strong><\/p>\n<ul data-start=\"5566\" data-end=\"5824\">\n<li data-section-id=\"uanhjf\" data-start=\"5566\" data-end=\"5632\">\u00bfPor qu\u00e9 esta intervenci\u00f3n se produce en este momento preciso?<\/li>\n<li data-section-id=\"41rdpv\" data-start=\"5633\" data-end=\"5704\">\u00bfResponde a un reposicionamiento estrat\u00e9gico frente a la Primatura?<\/li>\n<li data-section-id=\"1rjp02f\" data-start=\"5705\" data-end=\"5752\">\u00bfBusca el embajador mantenerse en su cargo?<\/li>\n<li data-section-id=\"gidbpd\" data-start=\"5753\" data-end=\"5824\">\u00bfO se trata de una respuesta indirecta a las cr\u00edticas de la di\u00e1spora?<\/li>\n<\/ul>\n<p>M\u00e1s all\u00e1 de las intenciones, esta entrevista pone de relieve un desaf\u00edo central: la necesidad de que la representaci\u00f3n diplom\u00e1tica haitiana en la Rep\u00fablica Dominicana refuerce su v\u00ednculo con sus nacionales.<\/p>\n<p><strong>Una realidad distinta seg\u00fan los usuarios<\/strong><\/p>\n<p>Sobre el terreno, los testimonios recogidos por <em data-start=\"6128\" data-end=\"6146\">Le Quotidien 509<\/em> dibujan un panorama muy diferente:<\/p>\n<ul data-start=\"6183\" data-end=\"6332\">\n<li data-section-id=\"1j53yvm\" data-start=\"6183\" data-end=\"6225\">dificultades de acceso a los servicios<\/li>\n<li data-section-id=\"736gzz\" data-start=\"6226\" data-end=\"6253\">lentitud administrativa<\/li>\n<li data-section-id=\"1eb92a0\" data-start=\"6254\" data-end=\"6306\">condiciones de atenci\u00f3n consideradas inadecuadas<\/li>\n<li data-section-id=\"1aumhip\" data-start=\"6307\" data-end=\"6332\">falta de comunicaci\u00f3n<\/li>\n<\/ul>\n<p>Comerciantes, estudiantes y trabajadores describen, en muchos casos, una embajada distante e indiferente.<\/p>\n<p><strong>Tres a\u00f1os de observaci\u00f3n y propuestas<\/strong><\/p>\n<p>Desde hace casi tres a\u00f1os, <em data-start=\"6511\" data-end=\"6529\">Le Quotidien 509<\/em>, a trav\u00e9s de su equipo en la Rep\u00fablica Dominicana, documenta estas problem\u00e1ticas. El medio aboga por:<\/p>\n<ul data-start=\"6633\" data-end=\"6766\">\n<li data-section-id=\"t5n3cp\" data-start=\"6633\" data-end=\"6656\">mayor transparencia<\/li>\n<li data-section-id=\"cy26f3\" data-start=\"6657\" data-end=\"6694\">mejor organizaci\u00f3n administrativa<\/li>\n<li data-section-id=\"19nri9s\" data-start=\"6695\" data-end=\"6728\">atenci\u00f3n digna a los usuarios<\/li>\n<li data-section-id=\"1nzb9lp\" data-start=\"6729\" data-end=\"6766\">mejora de la imagen institucional<\/li>\n<\/ul>\n<p data-section-id=\"q5l7n\" data-start=\"6768\" data-end=\"6797\"><strong>Entre discurso y realidad<\/strong><\/p>\n<p>Queda por ver si esta comunicaci\u00f3n se traducir\u00e1 en medidas concretas sobre el terreno, especialmente en los \u00e1mbitos m\u00e1s sensibles: servicios consulares, transparencia administrativa y cercan\u00eda con los ciudadanos.<\/p>\n<p>Brigitte Benshow<\/p>\n","protected":false},"excerpt":{"rendered":"<p>El embajador de Hait\u00ed en la Rep\u00fablica Dominicana, Emmanuel Fritz Longchamp, decidi\u00f3 pronunciarse el 22 de abril de 2026 en las columnas del medio dominicano Prisma sobre los desaf\u00edos de seguridad en Hait\u00ed y la migraci\u00f3n regional. Una intervenci\u00f3n que se produce en un contexto particular, marcado tanto por una creciente movilizaci\u00f3n de la di\u00e1spora haitiana como por cr\u00edticas persistentes sobre el funcionamiento de la embajada. Seg\u00fan sus declaraciones, la estabilidad en Hait\u00ed habr\u00eda cobrado un nuevo impulso tras una reuni\u00f3n de alto nivel celebrada el 21 de abril en Washington entre el secretario de Estado de Estados Unidos, Marco Rubio, y el primer ministro haitiano, Alix Didier Fils-Aim\u00e9. Este encuentro fue presentado como una se\u00f1al pol\u00edtica fuerte, destinada a tranquilizar a los actores que a\u00fan dudan del proceso de transici\u00f3n en curso. Sin embargo, d\u00edas antes \u2014espec\u00edficamente el 10 de abril y del 13 al 20 de abril\u2014 dos iniciativas importantes, organizadas por el REAH-10 y la Fundaci\u00f3n Zile, reunieron en Santo Domingo a actores y miembros de la di\u00e1spora haitiana. Se trat\u00f3 de una movilizaci\u00f3n visible, con la participaci\u00f3n de delegaciones oficiales dominicanas. En este contexto, la ausencia de la embajada de Hait\u00ed en la Rep\u00fablica Dominicana fue notable, percibida incluso como una forma de boicot, tras discursos protocolarios de alcance limitado en torno a la francofon\u00eda. No hubo representaci\u00f3n oficial en las actividades destinadas a conmemorar la figura de Toussaint Louverture, precursor de la independencia haitiana, ni en la semana dedicada a la di\u00e1spora. Todo ello, a pesar de que, durante esa misma semana, se firm\u00f3 un acuerdo bilateral para la reanudaci\u00f3n de los vuelos y el fortalecimiento de las relaciones entre ambos pa\u00edses. Un verdadero deshielo diplom\u00e1tico, considerado un logro de la canciller Raina Forbin, que tambi\u00e9n pas\u00f3 desapercibido en la comunicaci\u00f3n del embajador Longchamp. Un discurso orientado hacia Washington M\u00e1s all\u00e1 de su entrevista con el periodista dominicano Yulen Jorge, de Prisma, el embajador no consider\u00f3 oportuno reconocer p\u00fablicamente a la canciller Raina Forbin, quien logr\u00f3, en un corto per\u00edodo de tiempo, lo que otros antes que ella \u2014en ocasiones con mayor experiencia o firmeza\u2014 no hab\u00edan conseguido: un acuerdo con las autoridades dominicanas para la reactivaci\u00f3n de las relaciones bilaterales. Este avance diplom\u00e1tico no parece haber ocupado un lugar central en su discurso. En su intervenci\u00f3n, el embajador insisti\u00f3 principalmente en el papel de Estados Unidos en la estabilizaci\u00f3n de Hait\u00ed:\u00abEs fundamental priorizar el restablecimiento de la seguridad [\u2026] as\u00ed como el desarrollo econ\u00f3mico y social\u00bb. Asimismo, se\u00f1al\u00f3 que \u00ablos avances en materia de seguridad podr\u00edan contribuir a reducir las presiones migratorias\u00bb. No obstante, surge una interrogante clave: \u00bfhasta qu\u00e9 punto el embajador comprende las presiones migratorias que enfrentan los ciudadanos haitianos? \u00bfCu\u00e1l es su balance concreto? Mujeres embarazadas deportadas, estudiantes detenidos en plena jornada universitaria, madres que esperan durante horas \u2014a veces con un reci\u00e9n nacido\u2014 frente a la embajada para obtener documentos de identidad o actas de nacimiento: esta es tambi\u00e9n la realidad de la presi\u00f3n migratoria. El embajador tambi\u00e9n aboga por el despliegue de fuerzas para el control fronterizo:\u00abA corto plazo, el despliegue de la GSF permitir\u00eda un control m\u00e1s eficaz\u2026\u00bb. Sin embargo, persiste una pregunta de fondo: \u00bfpuede un diplom\u00e1tico haitiano promover la supervisi\u00f3n de su territorio por fuerzas extranjeras? En esta entrevista, ni la Polic\u00eda Nacional de Hait\u00ed ni las Fuerzas Armadas son mencionadas, como si la soluci\u00f3n solo pudiera provenir del exterior. Revocaciones en serie, pero continuidad selectiva Mientras el embajador habla de estabilidad, en el plano interno el t\u00e9rmino que m\u00e1s circula es \u201cdesorganizaci\u00f3n\u201d. Seg\u00fan informaciones recabadas por Le Quotidien 509, se habr\u00eda transmitido una lista de empleados a revocar en el marco de un proceso impulsado por la canciller\u00eda. Oficialmente, se trata de ajustes administrativos. En la pr\u00e1ctica, varias fuentes se\u00f1alan: falta de criterios claramente definidos amplio margen de decisi\u00f3n otorgado al embajador decisiones consideradas selectivas un clima de tensi\u00f3n interna Mientras algunos empleados est\u00e1n en la mira, otros permanecen firmemente en sus puestos. Funcionarios con entre 20 y 30 a\u00f1os de servicio contin\u00faan ocupando funciones dentro de la embajada, una permanencia que genera interrogantes en un contexto de supuesta \u201creforma\u201d. Seg\u00fan varios testimonios, estos perfiles estar\u00edan vinculados al entorno cercano del embajador. Esto alimenta una percepci\u00f3n cada vez m\u00e1s extendida: reformar, s\u00ed\u2026 pero no a todos. Rumores de agresiones \u00a0Persisten rumores dentro de la misi\u00f3n diplom\u00e1tica que generan inquietud. El allegado del embajador Emmanuel Fritz Longchamp, a quien este suele designar de facto como encargado de negocios a.i., estar\u00eda siendo se\u00f1alado por acusaciones internas de comportamientos inapropiados hacia el personal femenino. Seg\u00fan varias fuentes concordantes, se habr\u00edan reportado presuntos hechos de acoso, incluyendo gestos indebidos \u2014 algunas versiones mencionan incluso un incidente en el que una empleada habr\u00eda sido tocada de manera inapropiada, e incluso golpeada en los gl\u00fateos. Si bien hasta el momento no existe comunicaci\u00f3n oficial que confirme estas denuncias, la gravedad de las mismas est\u00e1 generando un creciente malestar dentro de la embajada. En este contexto, la canciller Raina Forbin, reconocida por sus posturas en favor del respeto a las mujeres, es llamada a ordenar, sin demora, una investigaci\u00f3n independiente, especialmente ante las afirmaciones de que este cercano al embajador ejercer\u00eda una influencia determinante en el funcionamiento de la diplomacia haitiana en la Rep\u00fablica Dominicana. Una embajada bajo cr\u00edticas\u2026 incluso en su entorno inmediato Las dificultades no se limitan a la administraci\u00f3n. El entorno inmediato de la embajada es regularmente se\u00f1alado en medios dominicanos por problemas de insalubridad en la calle donde se ubica la misi\u00f3n diplom\u00e1tica. \u00bfUn detalle menor? En absoluto. En diplomacia, la imagen es tan importante como el discurso. Interrogantes persistentes \u00bfPor qu\u00e9 esta intervenci\u00f3n se produce en este momento preciso? \u00bfResponde a un reposicionamiento estrat\u00e9gico frente a la Primatura? \u00bfBusca el embajador mantenerse en su cargo? \u00bfO se trata de una respuesta indirecta a las cr\u00edticas de la di\u00e1spora? M\u00e1s all\u00e1 de las intenciones, esta entrevista pone de relieve un desaf\u00edo central: la necesidad de que la representaci\u00f3n diplom\u00e1tica haitiana en la Rep\u00fablica Dominicana refuerce su v\u00ednculo<\/p>\n","protected":false},"author":3,"featured_media":32922,"comment_status":"closed","ping_status":"closed","sticky":false,"template":"","format":"standard","meta":{"give_campaign_id":0,"_crdt_document":"","jetpack_post_was_ever_published":false,"_jetpack_newsletter_access":"","_jetpack_dont_email_post_to_subs":false,"_jetpack_newsletter_tier_id":0,"_jetpack_memberships_contains_paywalled_content":false,"_jetpack_memberships_contains_paid_content":false,"jnews-multi-image_gallery":[],"jnews_single_post":{"format":"standard","override":[{"template":"4","parallax":"1","layout":"right-sidebar","sidebar":"default-sidebar","second_sidebar":"default-sidebar","sticky_sidebar":"1","share_position":"topbottom","share_float_style":"share-monocrhome","show_featured":"1","show_post_meta":"1","show_post_author":"1","show_post_author_image":"1","show_post_date":"1","post_date_format":"default","post_date_format_custom":"Y\/m\/d","show_post_category":"1","show_post_reading_time":"1","post_reading_time_wpm":"300","post_calculate_word_method":"str_word_count","show_zoom_button":"0","zoom_button_out_step":"2","zoom_button_in_step":"3","show_post_tag":"1","show_comment_section":"1","number_popup_post":"1","show_inline_post_related":"1"}],"image_override":[{"single_post_thumbnail_size":"crop-500","single_post_gallery_size":"crop-500"}],"trending_post_position":"meta","trending_post_label":"Trending","sponsored_post_label":"Sponsored by","disable_ad":"0","subtitle":"El embajador Emmanuel Fritz Longchamp se pronuncia sobre seguridad y migraci\u00f3n, mientras la Embajada de Hait\u00ed en Rep\u00fablica Dominicana enfrenta cr\u00edticas por su gesti\u00f3n, tensiones internas y reclamos de la di\u00e1spora."},"jnews_primary_category":[],"jnews_social_meta":[],"jnews_post_split":{"post_split":[{"template":"1","tag":"h2","numbering":"asc","mode":"normal","first":"0","enable_toc":"0","toc_type":"normal"}]},"footnotes":"","jetpack_publicize_message":"","jetpack_publicize_feature_enabled":true,"jetpack_social_post_already_shared":true,"jetpack_social_options":{"image_generator_settings":{"template":"highway","default_image_id":0,"font":"","enabled":false},"version":2}},"categories":[3213,3288,3215],"tags":[],"class_list":["post-32920","post","type-post","status-publish","format-standard","has-post-thumbnail","hentry","category-analisis","category-el-editorial-509","category-en-portada"],"aioseo_notices":[],"jetpack_publicize_connections":[],"jetpack_featured_media_url":"https:\/\/i0.wp.com\/lequotidien509.com\/wp-content\/uploads\/2026\/04\/ambalongchamp-1.webp?fit=1366%2C768&ssl=1","jetpack_sharing_enabled":true,"_links":{"self":[{"href":"https:\/\/lequotidien509.com\/es\/wp-json\/wp\/v2\/posts\/32920","targetHints":{"allow":["GET"]}}],"collection":[{"href":"https:\/\/lequotidien509.com\/es\/wp-json\/wp\/v2\/posts"}],"about":[{"href":"https:\/\/lequotidien509.com\/es\/wp-json\/wp\/v2\/types\/post"}],"author":[{"embeddable":true,"href":"https:\/\/lequotidien509.com\/es\/wp-json\/wp\/v2\/users\/3"}],"replies":[{"embeddable":true,"href":"https:\/\/lequotidien509.com\/es\/wp-json\/wp\/v2\/comments?post=32920"}],"version-history":[{"count":3,"href":"https:\/\/lequotidien509.com\/es\/wp-json\/wp\/v2\/posts\/32920\/revisions"}],"predecessor-version":[{"id":32934,"href":"https:\/\/lequotidien509.com\/es\/wp-json\/wp\/v2\/posts\/32920\/revisions\/32934"}],"wp:featuredmedia":[{"embeddable":true,"href":"https:\/\/lequotidien509.com\/es\/wp-json\/wp\/v2\/media\/32922"}],"wp:attachment":[{"href":"https:\/\/lequotidien509.com\/es\/wp-json\/wp\/v2\/media?parent=32920"}],"wp:term":[{"taxonomy":"category","embeddable":true,"href":"https:\/\/lequotidien509.com\/es\/wp-json\/wp\/v2\/categories?post=32920"},{"taxonomy":"post_tag","embeddable":true,"href":"https:\/\/lequotidien509.com\/es\/wp-json\/wp\/v2\/tags?post=32920"}],"curies":[{"name":"wp","href":"https:\/\/api.w.org\/{rel}","templated":true}]}}