{"id":32221,"date":"2026-04-09T09:25:56","date_gmt":"2026-04-09T13:25:56","guid":{"rendered":"https:\/\/lequotidien509.com\/?p=32221"},"modified":"2026-04-09T09:25:56","modified_gmt":"2026-04-09T13:25:56","slug":"republica-dominicana-oms-aeropuerto-montecristi-dialogo-nacional","status":"publish","type":"post","link":"https:\/\/lequotidien509.com\/es\/republica-dominicana-oms-aeropuerto-montecristi-dialogo-nacional\/","title":{"rendered":"Rep\u00fablica Dominicana: liderazgo en la OMS, nuevo aeropuerto y di\u00e1logo nacional ante la crisis"},"content":{"rendered":"<h3 data-section-id=\"1a2du2y\" data-start=\"292\" data-end=\"376\"><span role=\"text\"><strong data-start=\"296\" data-end=\"376\">Salud global: Rep\u00fablica Dominicana presidir\u00e1 la Asamblea Mundial de la Salud<\/strong><\/span><\/h3>\n<p data-start=\"378\" data-end=\"570\">La Rep\u00fablica Dominicana fue designada por unanimidad por los pa\u00edses de las Am\u00e9ricas para presidir la 79\u00aa Asamblea Mundial de la Salud, que se celebrar\u00e1 del 18 al 23 de mayo de 2026 en Ginebra.<\/p>\n<p data-start=\"572\" data-end=\"709\">La nominaci\u00f3n, enmarcada en el sistema rotativo de la Organizaci\u00f3n Mundial de la Salud (OMS), ser\u00e1 oficializada al inicio de la asamblea.<\/p>\n<p data-start=\"711\" data-end=\"880\">Se trata de la primera vez que el pa\u00eds asume la presidencia de este \u00f3rgano, que re\u00fane a 194 Estados miembros para debatir y definir pol\u00edticas en materia de salud global.<\/p>\n<h3 data-section-id=\"g0yh6o\" data-start=\"887\" data-end=\"957\"><span role=\"text\"><strong data-start=\"891\" data-end=\"957\">Infraestructura: nuevo aeropuerto internacional en Montecristi<\/strong><\/span><\/h3>\n<p data-start=\"959\" data-end=\"1150\">En paralelo, el gobierno dominicano autoriz\u00f3 la construcci\u00f3n de un aeropuerto internacional en la provincia de Montecristi, mediante el decreto 146-26 firmado por el presidente Luis Abinader.<\/p>\n<p data-start=\"1152\" data-end=\"1295\">El proyecto ser\u00e1 financiado con capital privado y busca fortalecer<a href=\"https:\/\/lequotidien509.com\/es\/republica-dominicana-crisis-de-vivienda-y-pacto-nacional-ante-el-contexto-global\/\"> la conectividad de la regi\u00f3n noroeste, impulsar el turismo y generar empleo.<\/a><\/p>\n<p data-start=\"1297\" data-end=\"1440\">La infraestructura operar\u00e1 bajo un modelo comercial privado, manteniendo la supervisi\u00f3n del Estado y cumpliendo con est\u00e1ndares internacionales.<\/p>\n<h3 data-section-id=\"4gsxmk\" data-start=\"1447\" data-end=\"1510\"><span role=\"text\"><strong data-start=\"1451\" data-end=\"1510\">Pol\u00edtica: di\u00e1logo nacional ante la crisis internacional<\/strong><\/span><\/h3>\n<p data-start=\"1512\" data-end=\"1667\">Frente a las tensiones econ\u00f3micas derivadas de la crisis global vinculada al conflicto en el Medio Oriente, el gobierno puso en marcha un di\u00e1logo nacional.<\/p>\n<p data-start=\"1669\" data-end=\"1801\">La iniciativa, coordinada por el ministro de la Presidencia Jos\u00e9 Ignacio Paliza, re\u00fane a sectores productivos, pol\u00edticos y sociales.<\/p>\n<p data-start=\"1803\" data-end=\"1963\">El objetivo es evaluar el impacto de la situaci\u00f3n internacional, <a href=\"https:\/\/potomitanm.com\/wyclef-jean-archives-fugees-nouveau-projet\/\">identificar medidas adicionales y recopilar propuestas para preservar la estabilidad econ\u00f3mica.<\/a><\/p>\n<p data-start=\"1965\" data-end=\"2110\">Las autoridades buscan limitar los efectos de la crisis sobre los hogares dominicanos y promover consensos para sostener el crecimiento del pa\u00eds.<\/p>\n<p><strong><em>Soraya Ades.<\/em><\/strong><\/p>\n","protected":false},"excerpt":{"rendered":"<p>Salud global: Rep\u00fablica Dominicana presidir\u00e1 la Asamblea Mundial de la Salud La Rep\u00fablica Dominicana fue designada por unanimidad por los pa\u00edses de las Am\u00e9ricas para presidir la 79\u00aa Asamblea Mundial de la Salud, que se celebrar\u00e1 del 18 al 23 de mayo de 2026 en Ginebra. La nominaci\u00f3n, enmarcada en el sistema rotativo de la Organizaci\u00f3n Mundial de la Salud (OMS), ser\u00e1 oficializada al inicio de la asamblea. Se trata de la primera vez que el pa\u00eds asume la presidencia de este \u00f3rgano, que re\u00fane a 194 Estados miembros para debatir y definir pol\u00edticas en materia de salud global. Infraestructura: nuevo aeropuerto internacional en Montecristi En paralelo, el gobierno dominicano autoriz\u00f3 la construcci\u00f3n de un aeropuerto internacional en la provincia de Montecristi, mediante el decreto 146-26 firmado por el presidente Luis Abinader. El proyecto ser\u00e1 financiado con capital privado y busca fortalecer la conectividad de la regi\u00f3n noroeste, impulsar el turismo y generar empleo. La infraestructura operar\u00e1 bajo un modelo comercial privado, manteniendo la supervisi\u00f3n del Estado y cumpliendo con est\u00e1ndares internacionales. Pol\u00edtica: di\u00e1logo nacional ante la crisis internacional Frente a las tensiones econ\u00f3micas derivadas de la crisis global vinculada al conflicto en el Medio Oriente, el gobierno puso en marcha un di\u00e1logo nacional. La iniciativa, coordinada por el ministro de la Presidencia Jos\u00e9 Ignacio Paliza, re\u00fane a sectores productivos, pol\u00edticos y sociales. El objetivo es evaluar el impacto de la situaci\u00f3n internacional, identificar medidas adicionales y recopilar propuestas para preservar la estabilidad econ\u00f3mica. Las autoridades buscan limitar los efectos de la crisis sobre los hogares dominicanos y promover consensos para sostener el crecimiento del pa\u00eds. Soraya Ades.<\/p>\n","protected":false},"author":9,"featured_media":32222,"comment_status":"closed","ping_status":"closed","sticky":false,"template":"","format":"standard","meta":{"give_campaign_id":0,"_crdt_document":"","jetpack_post_was_ever_published":false,"_jetpack_newsletter_access":"","_jetpack_dont_email_post_to_subs":false,"_jetpack_newsletter_tier_id":0,"_jetpack_memberships_contains_paywalled_content":false,"_jetpack_memberships_contains_paid_content":false,"jnews-multi-image_gallery":[],"jnews_single_post":{"format":"standard","override":[{"template":"4","parallax":"1","layout":"right-sidebar","sidebar":"default-sidebar","second_sidebar":"default-sidebar","sticky_sidebar":"1","share_position":"topbottom","share_float_style":"share-monocrhome","show_featured":"1","show_post_meta":"1","show_post_author":"1","show_post_author_image":"1","show_post_date":"1","post_date_format":"default","post_date_format_custom":"Y\/m\/d","show_post_category":"1","show_post_reading_time":"1","post_reading_time_wpm":"300","post_calculate_word_method":"str_word_count","show_zoom_button":"0","zoom_button_out_step":"2","zoom_button_in_step":"3","show_post_tag":"1","show_comment_section":"1","number_popup_post":"1","show_inline_post_related":"1"}],"image_override":[{"single_post_thumbnail_size":"crop-500","single_post_gallery_size":"crop-500"}],"trending_post_position":"meta","trending_post_label":"Trending","sponsored_post_label":"Sponsored by","disable_ad":"0","subtitle":"El pa\u00eds presidir\u00e1 la Asamblea Mundial de la Salud, impulsa un nuevo aeropuerto en Montecristi y activa un di\u00e1logo nacional para enfrentar la crisis internacional."},"jnews_primary_category":[],"jnews_social_meta":[],"jnews_post_split":{"post_split":[{"template":"1","tag":"h2","numbering":"asc","mode":"normal","first":"0","enable_toc":"0","toc_type":"normal"}]},"footnotes":"","jetpack_publicize_message":"","jetpack_publicize_feature_enabled":true,"jetpack_social_post_already_shared":true,"jetpack_social_options":{"image_generator_settings":{"template":"highway","default_image_id":0,"font":"","enabled":false},"version":2}},"categories":[3267],"tags":[5240,5362,5361,5363,5332,5163,5364,3544],"class_list":["post-32221","post","type-post","status-publish","format-standard","has-post-thumbnail","hentry","category-republica-dominicana","tag-abinader","tag-aeropuerto-montecristi","tag-asamblea-mundial-de-la-salud","tag-dialogo-nacional","tag-economia-rd","tag-infraestructura","tag-oms","tag-republica-dominicana"],"aioseo_notices":[],"jetpack_publicize_connections":[],"jetpack_featured_media_url":"https:\/\/i0.wp.com\/lequotidien509.com\/wp-content\/uploads\/2026\/04\/an-47.webp?fit=1366%2C768&ssl=1","jetpack_sharing_enabled":true,"_links":{"self":[{"href":"https:\/\/lequotidien509.com\/es\/wp-json\/wp\/v2\/posts\/32221","targetHints":{"allow":["GET"]}}],"collection":[{"href":"https:\/\/lequotidien509.com\/es\/wp-json\/wp\/v2\/posts"}],"about":[{"href":"https:\/\/lequotidien509.com\/es\/wp-json\/wp\/v2\/types\/post"}],"author":[{"embeddable":true,"href":"https:\/\/lequotidien509.com\/es\/wp-json\/wp\/v2\/users\/9"}],"replies":[{"embeddable":true,"href":"https:\/\/lequotidien509.com\/es\/wp-json\/wp\/v2\/comments?post=32221"}],"version-history":[{"count":1,"href":"https:\/\/lequotidien509.com\/es\/wp-json\/wp\/v2\/posts\/32221\/revisions"}],"predecessor-version":[{"id":32225,"href":"https:\/\/lequotidien509.com\/es\/wp-json\/wp\/v2\/posts\/32221\/revisions\/32225"}],"wp:featuredmedia":[{"embeddable":true,"href":"https:\/\/lequotidien509.com\/es\/wp-json\/wp\/v2\/media\/32222"}],"wp:attachment":[{"href":"https:\/\/lequotidien509.com\/es\/wp-json\/wp\/v2\/media?parent=32221"}],"wp:term":[{"taxonomy":"category","embeddable":true,"href":"https:\/\/lequotidien509.com\/es\/wp-json\/wp\/v2\/categories?post=32221"},{"taxonomy":"post_tag","embeddable":true,"href":"https:\/\/lequotidien509.com\/es\/wp-json\/wp\/v2\/tags?post=32221"}],"curies":[{"name":"wp","href":"https:\/\/api.w.org\/{rel}","templated":true}]}}