{"id":31380,"date":"2026-03-20T17:49:34","date_gmt":"2026-03-20T21:49:34","guid":{"rendered":"https:\/\/lequotidien509.com\/?p=31380"},"modified":"2026-03-20T18:15:54","modified_gmt":"2026-03-20T22:15:54","slug":"conflicto-iran-ee-uu-crisis-en-america-latina-tensiones-en-europa-y-mision-en-haiti-noticias-internacionales","status":"publish","type":"post","link":"https:\/\/lequotidien509.com\/es\/conflicto-iran-ee-uu-crisis-en-america-latina-tensiones-en-europa-y-mision-en-haiti-noticias-internacionales\/","title":{"rendered":"Conflicto Ir\u00e1n-EE.UU., crisis en Am\u00e9rica Latina, tensiones en Europa y misi\u00f3n en Hait\u00ed : Noticias Internacionales"},"content":{"rendered":"<h1 style=\"text-align: center\" data-section-id=\"16j1nsn\" data-start=\"843\" data-end=\"900\"><span role=\"text\"><strong data-start=\"850\" data-end=\"900\">Noticias internacionales \u2013 20 de marzo de 2026<\/strong><\/span><\/h1>\n<h2 style=\"text-align: left\" data-section-id=\"4xy8jf\" data-start=\"902\" data-end=\"915\"><span role=\"text\">Caribe<\/span><\/h2>\n<p style=\"text-align: left\" data-start=\"917\" data-end=\"1416\"><strong data-start=\"917\" data-end=\"1012\">Estados Unidos: expansi\u00f3n del programa de visado con dep\u00f3sito a 50 pa\u00edses, incluido Granada<\/strong><br data-start=\"1012\" data-end=\"1015\" \/>El Departamento de Estado anunci\u00f3 la ampliaci\u00f3n del programa de visado con dep\u00f3sito a 50 pa\u00edses desde el 2 de abril de 2026. Los solicitantes deber\u00e1n pagar hasta 15.000 d\u00f3lares para obtener visados B1\/B2, reembolsables si cumplen las condiciones. La medida busca reducir la inmigraci\u00f3n irregular y ya muestra un 97 % de cumplimiento. Washington estima ahorros de hasta 800 millones de d\u00f3lares anuales.<\/p>\n<p style=\"text-align: left\" data-start=\"1418\" data-end=\"1831\"><strong data-start=\"1418\" data-end=\"1494\">Banco de Desarrollo del Caribe celebrar\u00e1 su 56\u00aa reuni\u00f3n anual en Bahamas<\/strong><br data-start=\"1494\" data-end=\"1497\" \/>El Banco de Desarrollo del Caribe organizar\u00e1 del 1 al 5 de junio de 2026 su reuni\u00f3n anual en Bahamas. L\u00edderes regionales y actores financieros debatir\u00e1n el plan estrat\u00e9gico 2026\u20132035. El evento incluir\u00e1 foros t\u00e9cnicos, mesas redondas y espacios para j\u00f3venes y sector privado. Se centrar\u00e1 en soluciones ante la incertidumbre econ\u00f3mica.<\/p>\n<h2 style=\"text-align: left\" data-section-id=\"1ezh73a\" data-start=\"1838\" data-end=\"1859\"><span role=\"text\">Am\u00e9rica Latina<\/span><\/h2>\n<p style=\"text-align: left\" data-start=\"1861\" data-end=\"2247\"><strong data-start=\"1861\" data-end=\"1927\">Brasil propone mediaci\u00f3n en la crisis entre Colombia y Ecuador<\/strong><br data-start=\"1927\" data-end=\"1930\" \/>Brasil ofreci\u00f3 mediar para reducir las tensiones entre Colombia y Ecuador tras acusaciones de ataques en Putumayo. Quito rechaza las acusaciones mientras crecen las tensiones comerciales y militares. El conflicto afecta m\u00e1s de 1.800 millones de d\u00f3lares en intercambios. Brasil busca preservar la estabilidad regional.<\/p>\n<p style=\"text-align: left\" data-start=\"2249\" data-end=\"2597\"><strong data-start=\"2249\" data-end=\"2326\">Colombia: casi 1.000 defensores de derechos humanos asesinados desde 2016<\/strong><br data-start=\"2326\" data-end=\"2329\" \/>Un informe de la ONU se\u00f1ala 972 asesinatos de defensores de derechos humanos entre 2016 y 2025. Comunidades ind\u00edgenas y rurales son las m\u00e1s afectadas por la violencia. M\u00e1s de 2.000 amenazas han sido registradas. La ONU pide mayor protecci\u00f3n y reformas institucionales.<\/p>\n<h2 style=\"text-align: left\" data-section-id=\"zof7bo\" data-start=\"2604\" data-end=\"2625\"><span role=\"text\">Estados Unidos<\/span><\/h2>\n<p style=\"text-align: left\" data-start=\"2627\" data-end=\"2932\"><strong data-start=\"2627\" data-end=\"2681\">Estados Unidos intensifica los ataques contra Ir\u00e1n<\/strong><br data-start=\"2681\" data-end=\"2684\" \/>El Pent\u00e1gono anunci\u00f3 una intensificaci\u00f3n de los ataques contra Ir\u00e1n, con m\u00e1s de 7.000 objetivos alcanzados. Ir\u00e1n respondi\u00f3 atacando infraestructuras energ\u00e9ticas. El precio del petr\u00f3leo supera los 97 d\u00f3lares. El conflicto entra en su tercera semana.<\/p>\n<p style=\"text-align: left\" data-start=\"2934\" data-end=\"3230\"><strong data-start=\"2934\" data-end=\"2996\">Avanza nominaci\u00f3n de Markwayne Mullin a Seguridad Nacional<\/strong><br data-start=\"2996\" data-end=\"2999\" \/>El Senado aprob\u00f3 por estrecho margen la nominaci\u00f3n de Mullin como secretario de Seguridad Nacional. A pesar de cr\u00edticas, algunos legisladores destacan su enfoque bipartidista. Promete reforzar la seguridad. Falta la votaci\u00f3n final.<\/p>\n<p style=\"text-align: left\" data-start=\"3232\" data-end=\"3511\"><strong data-start=\"3232\" data-end=\"3281\">Trump compara ataques a Ir\u00e1n con Pearl Harbor<\/strong><br data-start=\"3281\" data-end=\"3284\" \/>Donald Trump compar\u00f3 los ataques a Ir\u00e1n con Pearl Harbor durante una reuni\u00f3n con Jap\u00f3n. La declaraci\u00f3n gener\u00f3 reacciones mixtas.<a href=\"https:\/\/abcnews.com\/Politics\/trump-compares-us-iran-strike-pearl-harbor-surprise\/story?id=131227335\"> Jap\u00f3n expres\u00f3 apoyo pero alert\u00f3 sobre el impacto econ\u00f3mico global. Refleja tensiones diplom\u00e1ticas.<\/a><\/p>\n<h2 style=\"text-align: left\" data-section-id=\"1w1uw6l\" data-start=\"3518\" data-end=\"3531\"><span role=\"text\">Canad\u00e1<\/span><\/h2>\n<p style=\"text-align: left\" data-start=\"3533\" data-end=\"3797\"><strong data-start=\"3533\" data-end=\"3599\">Canad\u00e1 dispuesto a apoyar la seguridad en el estrecho de Ormuz<\/strong><br data-start=\"3599\" data-end=\"3602\" \/>Canad\u00e1 se sum\u00f3 a aliados para proteger el tr\u00e1fico mar\u00edtimo en Ormuz. Podr\u00eda contribuir a la seguridad regional. La Agencia Internacional de Energ\u00eda liber\u00f3 reservas. El tema ser\u00e1 tratado en el G7.<\/p>\n<h2 style=\"text-align: left\" data-section-id=\"1nba1bt\" data-start=\"3804\" data-end=\"3817\"><span role=\"text\">Europa<\/span><\/h2>\n<p style=\"text-align: left\" data-start=\"3819\" data-end=\"4096\"><strong data-start=\"3819\" data-end=\"3893\">Noruega: la princesa heredera admite haber sido manipulada por Epstein<\/strong><br data-start=\"3893\" data-end=\"3896\" \/>Mette-Marit reconoci\u00f3 haber sido manipulada por Epstein tras revelaciones recientes. Aunque no enfrenta cargos, la pol\u00e9mica afecta a la monarqu\u00eda. Su popularidad ha ca\u00eddo. Present\u00f3 disculpas p\u00fablicas.<\/p>\n<p style=\"text-align: left\" data-start=\"4098\" data-end=\"4318\"><strong data-start=\"4098\" data-end=\"4143\">UE presiona a Hungr\u00eda por ayuda a Ucrania<\/strong><br data-start=\"4143\" data-end=\"4146\" \/>La Uni\u00f3n Europea presiona a Viktor Orb\u00e1n para aprobar un pr\u00e9stamo de 90.000 millones de euros. Hungr\u00eda permanece aislada. Se estudian alternativas. Las tensiones contin\u00faan.<\/p>\n<p style=\"text-align: left\" data-start=\"4320\" data-end=\"4551\"><strong data-start=\"4320\" data-end=\"4376\">Alemania: prueba electoral clave para Friedrich Merz<\/strong><br data-start=\"4376\" data-end=\"4379\" \/>El canciller enfrenta elecciones importantes en un contexto econ\u00f3mico dif\u00edcil. Los sondeos muestran una contienda ajustada. Forma parte de un ciclo electoral clave en 2026.<\/p>\n<p style=\"text-align: left\" data-start=\"4553\" data-end=\"4753\"><strong data-start=\"4553\" data-end=\"4609\">Francia: Vincent Bollor\u00e9 ir\u00e1 a juicio por corrupci\u00f3n<\/strong><br data-start=\"4609\" data-end=\"4612\" \/><a href=\"https:\/\/www.reuters.com\/sustainability\/society-equity\/french-billionaire-bollore-stand-trial-corruption-charges-regarding-guinea-togo-2026-03-19\/\">El empresario ser\u00e1 juzgado por presunta corrupci\u00f3n en \u00c1frica. Se le acusa de intercambiar servicios por contratos. El caso se remonta a 2018.<\/a><\/p>\n<p style=\"text-align: left\" data-start=\"4755\" data-end=\"4968\"><strong data-start=\"4755\" data-end=\"4824\">Pa\u00edses Bajos: quinto sospechoso detenido por incendio en sinagoga<\/strong><br data-start=\"4824\" data-end=\"4827\" \/>La polic\u00eda detuvo a un quinto implicado en el incendio de una sinagoga. Se investiga posible implicaci\u00f3n extranjera. Se reforz\u00f3 la seguridad.<\/p>\n<h2 style=\"text-align: left\" data-section-id=\"cyjw01\" data-start=\"4975\" data-end=\"4995\"><span role=\"text\">Medio Oriente<\/span><\/h2>\n<p style=\"text-align: left\" data-start=\"4997\" data-end=\"5253\"><strong data-start=\"4997\" data-end=\"5064\">Netanyahu asegura que la guerra con Ir\u00e1n podr\u00eda terminar pronto<\/strong><br data-start=\"5064\" data-end=\"5067\" \/>El primer ministro afirm\u00f3 que el conflicto podr\u00eda finalizar r\u00e1pidamente. Sus declaraciones calmaron parcialmente los mercados.<a href=\"https:\/\/www.challenges.fr\/monde\/moyen-orient-netanyahu-assure-que-la-guerre-contre-liran-va-finir-bien-plus-vite-quimagine-entrainant-un-recul-des-prix-du-petrole_641933\"> Sin embargo, los ataques contin\u00faan. Europa pide moderaci\u00f3n.<\/a><\/p>\n<p style=\"text-align: left\" data-start=\"5255\" data-end=\"5455\"><strong data-start=\"5255\" data-end=\"5307\">EAU desmantelan red vinculada a Ir\u00e1n y Hezbollah<\/strong><br data-start=\"5307\" data-end=\"5310\" \/>Autoridades desmantelaron una red terrorista ligada a Ir\u00e1n. El grupo financiaba actividades ilegales. El caso refleja la expansi\u00f3n del conflicto.<\/p>\n<h2 style=\"text-align: left\" data-section-id=\"10fre0e\" data-start=\"5462\" data-end=\"5482\"><span role=\"text\">Asia-Pac\u00edfico<\/span><\/h2>\n<p style=\"text-align: left\" data-start=\"5484\" data-end=\"5675\"><strong data-start=\"5484\" data-end=\"5534\">Corea del Sur: incendio deja m\u00e1s de 50 heridos<\/strong><br data-start=\"5534\" data-end=\"5537\" \/><a href=\"https:\/\/lequotidien509.com\/es\/noticias-internacionales-16-de-marzo-de-2026-elecciones-en-el-caribe-crisis-en-cuba-decisiones-en-ee-uu-y-tensiones-con-iran\/\">Un incendio en una f\u00e1brica dej\u00f3 55 heridos. Un edificio colaps\u00f3. Se movilizaron equipos de emergencia. La planta abastece a Hyundai y Kia.<\/a><\/p>\n<h2 style=\"text-align: left\" data-section-id=\"b76tcr\" data-start=\"5682\" data-end=\"5695\"><span role=\"text\">\u00c1frica<\/span><\/h2>\n<p style=\"text-align: left\" data-start=\"5697\" data-end=\"5891\"><strong data-start=\"5697\" data-end=\"5751\">Chad enviar\u00e1 800 agentes a Hait\u00ed contra las bandas<\/strong><br data-start=\"5751\" data-end=\"5754\" \/>Chad desplegar\u00e1 800 agentes para combatir bandas en Hait\u00ed. Se integrar\u00e1n en una misi\u00f3n internacional. El objetivo es estabilizar el pa\u00eds.<\/p>\n<p>Cherline Ades<\/p>\n","protected":false},"excerpt":{"rendered":"<p>Noticias internacionales \u2013 20 de marzo de 2026 Caribe Estados Unidos: expansi\u00f3n del programa de visado con dep\u00f3sito a 50 pa\u00edses, incluido GranadaEl Departamento de Estado anunci\u00f3 la ampliaci\u00f3n del programa de visado con dep\u00f3sito a 50 pa\u00edses desde el 2 de abril de 2026. Los solicitantes deber\u00e1n pagar hasta 15.000 d\u00f3lares para obtener visados B1\/B2, reembolsables si cumplen las condiciones. La medida busca reducir la inmigraci\u00f3n irregular y ya muestra un 97 % de cumplimiento. Washington estima ahorros de hasta 800 millones de d\u00f3lares anuales. Banco de Desarrollo del Caribe celebrar\u00e1 su 56\u00aa reuni\u00f3n anual en BahamasEl Banco de Desarrollo del Caribe organizar\u00e1 del 1 al 5 de junio de 2026 su reuni\u00f3n anual en Bahamas. L\u00edderes regionales y actores financieros debatir\u00e1n el plan estrat\u00e9gico 2026\u20132035. El evento incluir\u00e1 foros t\u00e9cnicos, mesas redondas y espacios para j\u00f3venes y sector privado. Se centrar\u00e1 en soluciones ante la incertidumbre econ\u00f3mica. Am\u00e9rica Latina Brasil propone mediaci\u00f3n en la crisis entre Colombia y EcuadorBrasil ofreci\u00f3 mediar para reducir las tensiones entre Colombia y Ecuador tras acusaciones de ataques en Putumayo. Quito rechaza las acusaciones mientras crecen las tensiones comerciales y militares. El conflicto afecta m\u00e1s de 1.800 millones de d\u00f3lares en intercambios. Brasil busca preservar la estabilidad regional. Colombia: casi 1.000 defensores de derechos humanos asesinados desde 2016Un informe de la ONU se\u00f1ala 972 asesinatos de defensores de derechos humanos entre 2016 y 2025. Comunidades ind\u00edgenas y rurales son las m\u00e1s afectadas por la violencia. M\u00e1s de 2.000 amenazas han sido registradas. La ONU pide mayor protecci\u00f3n y reformas institucionales. Estados Unidos Estados Unidos intensifica los ataques contra Ir\u00e1nEl Pent\u00e1gono anunci\u00f3 una intensificaci\u00f3n de los ataques contra Ir\u00e1n, con m\u00e1s de 7.000 objetivos alcanzados. Ir\u00e1n respondi\u00f3 atacando infraestructuras energ\u00e9ticas. El precio del petr\u00f3leo supera los 97 d\u00f3lares. El conflicto entra en su tercera semana. Avanza nominaci\u00f3n de Markwayne Mullin a Seguridad NacionalEl Senado aprob\u00f3 por estrecho margen la nominaci\u00f3n de Mullin como secretario de Seguridad Nacional. A pesar de cr\u00edticas, algunos legisladores destacan su enfoque bipartidista. Promete reforzar la seguridad. Falta la votaci\u00f3n final. Trump compara ataques a Ir\u00e1n con Pearl HarborDonald Trump compar\u00f3 los ataques a Ir\u00e1n con Pearl Harbor durante una reuni\u00f3n con Jap\u00f3n. La declaraci\u00f3n gener\u00f3 reacciones mixtas. Jap\u00f3n expres\u00f3 apoyo pero alert\u00f3 sobre el impacto econ\u00f3mico global. Refleja tensiones diplom\u00e1ticas. Canad\u00e1 Canad\u00e1 dispuesto a apoyar la seguridad en el estrecho de OrmuzCanad\u00e1 se sum\u00f3 a aliados para proteger el tr\u00e1fico mar\u00edtimo en Ormuz. Podr\u00eda contribuir a la seguridad regional. La Agencia Internacional de Energ\u00eda liber\u00f3 reservas. El tema ser\u00e1 tratado en el G7. Europa Noruega: la princesa heredera admite haber sido manipulada por EpsteinMette-Marit reconoci\u00f3 haber sido manipulada por Epstein tras revelaciones recientes. Aunque no enfrenta cargos, la pol\u00e9mica afecta a la monarqu\u00eda. Su popularidad ha ca\u00eddo. Present\u00f3 disculpas p\u00fablicas. UE presiona a Hungr\u00eda por ayuda a UcraniaLa Uni\u00f3n Europea presiona a Viktor Orb\u00e1n para aprobar un pr\u00e9stamo de 90.000 millones de euros. Hungr\u00eda permanece aislada. Se estudian alternativas. Las tensiones contin\u00faan. Alemania: prueba electoral clave para Friedrich MerzEl canciller enfrenta elecciones importantes en un contexto econ\u00f3mico dif\u00edcil. Los sondeos muestran una contienda ajustada. Forma parte de un ciclo electoral clave en 2026. Francia: Vincent Bollor\u00e9 ir\u00e1 a juicio por corrupci\u00f3nEl empresario ser\u00e1 juzgado por presunta corrupci\u00f3n en \u00c1frica. Se le acusa de intercambiar servicios por contratos. El caso se remonta a 2018. Pa\u00edses Bajos: quinto sospechoso detenido por incendio en sinagogaLa polic\u00eda detuvo a un quinto implicado en el incendio de una sinagoga. Se investiga posible implicaci\u00f3n extranjera. Se reforz\u00f3 la seguridad. Medio Oriente Netanyahu asegura que la guerra con Ir\u00e1n podr\u00eda terminar prontoEl primer ministro afirm\u00f3 que el conflicto podr\u00eda finalizar r\u00e1pidamente. Sus declaraciones calmaron parcialmente los mercados. Sin embargo, los ataques contin\u00faan. Europa pide moderaci\u00f3n. EAU desmantelan red vinculada a Ir\u00e1n y HezbollahAutoridades desmantelaron una red terrorista ligada a Ir\u00e1n. El grupo financiaba actividades ilegales. El caso refleja la expansi\u00f3n del conflicto. Asia-Pac\u00edfico Corea del Sur: incendio deja m\u00e1s de 50 heridosUn incendio en una f\u00e1brica dej\u00f3 55 heridos. Un edificio colaps\u00f3. Se movilizaron equipos de emergencia. La planta abastece a Hyundai y Kia. \u00c1frica Chad enviar\u00e1 800 agentes a Hait\u00ed contra las bandasChad desplegar\u00e1 800 agentes para combatir bandas en Hait\u00ed. Se integrar\u00e1n en una misi\u00f3n internacional. El objetivo es estabilizar el pa\u00eds. Cherline Ades<\/p>\n","protected":false},"author":9,"featured_media":30562,"comment_status":"closed","ping_status":"closed","sticky":false,"template":"","format":"standard","meta":{"give_campaign_id":0,"_crdt_document":"","jetpack_post_was_ever_published":false,"_jetpack_newsletter_access":"","_jetpack_dont_email_post_to_subs":false,"_jetpack_newsletter_tier_id":0,"_jetpack_memberships_contains_paywalled_content":false,"_jetpack_memberships_contains_paid_content":false,"jnews-multi-image_gallery":[],"jnews_single_post":{"format":"standard","override":[{"template":"4","parallax":"1","layout":"right-sidebar","sidebar":"default-sidebar","second_sidebar":"default-sidebar","sticky_sidebar":"1","share_position":"topbottom","share_float_style":"share-monocrhome","show_featured":"1","show_post_meta":"1","show_post_author":"1","show_post_author_image":"1","show_post_date":"1","post_date_format":"default","post_date_format_custom":"Y\/m\/d","show_post_category":"1","show_post_reading_time":"1","post_reading_time_wpm":"300","post_calculate_word_method":"str_word_count","show_zoom_button":"0","zoom_button_out_step":"2","zoom_button_in_step":"3","show_post_tag":"1","show_comment_section":"1","number_popup_post":"1","show_inline_post_related":"1"}],"image_override":[{"single_post_thumbnail_size":"crop-500","single_post_gallery_size":"crop-500"}],"trending_post_position":"meta","trending_post_label":"Trending","sponsored_post_label":"Sponsored by","disable_ad":"0","subtitle":"Desde las tensiones en Medio Oriente hasta las crisis en Am\u00e9rica Latina y decisiones clave en Estados Unidos, la actualidad mundial se intensifica."},"jnews_primary_category":[],"jnews_social_meta":[],"jnews_post_split":{"post_split":[{"template":"1","tag":"h2","numbering":"asc","mode":"normal","first":"0","enable_toc":"0","toc_type":"normal"}]},"footnotes":"","jetpack_publicize_message":"","jetpack_publicize_feature_enabled":true,"jetpack_social_post_already_shared":true,"jetpack_social_options":{"image_generator_settings":{"template":"highway","default_image_id":0,"font":"","enabled":false},"version":2}},"categories":[3265],"tags":[5001],"class_list":["post-31380","post","type-post","status-publish","format-standard","has-post-thumbnail","hentry","category-internacional","tag-noticias-internacionales-2026-guerra-iran-estados-unidos-crisis-colombia-ecuador-tensiones-europa-haiti-seguridad-bandas-crisis-petroleo-medio-oriente"],"aioseo_notices":[],"jetpack_publicize_connections":[],"jetpack_featured_media_url":"https:\/\/i0.wp.com\/lequotidien509.com\/wp-content\/uploads\/2026\/03\/Culturelle-49-1.webp?fit=1920%2C1080&ssl=1","jetpack_sharing_enabled":true,"_links":{"self":[{"href":"https:\/\/lequotidien509.com\/es\/wp-json\/wp\/v2\/posts\/31380","targetHints":{"allow":["GET"]}}],"collection":[{"href":"https:\/\/lequotidien509.com\/es\/wp-json\/wp\/v2\/posts"}],"about":[{"href":"https:\/\/lequotidien509.com\/es\/wp-json\/wp\/v2\/types\/post"}],"author":[{"embeddable":true,"href":"https:\/\/lequotidien509.com\/es\/wp-json\/wp\/v2\/users\/9"}],"replies":[{"embeddable":true,"href":"https:\/\/lequotidien509.com\/es\/wp-json\/wp\/v2\/comments?post=31380"}],"version-history":[{"count":1,"href":"https:\/\/lequotidien509.com\/es\/wp-json\/wp\/v2\/posts\/31380\/revisions"}],"predecessor-version":[{"id":31381,"href":"https:\/\/lequotidien509.com\/es\/wp-json\/wp\/v2\/posts\/31380\/revisions\/31381"}],"wp:featuredmedia":[{"embeddable":true,"href":"https:\/\/lequotidien509.com\/es\/wp-json\/wp\/v2\/media\/30562"}],"wp:attachment":[{"href":"https:\/\/lequotidien509.com\/es\/wp-json\/wp\/v2\/media?parent=31380"}],"wp:term":[{"taxonomy":"category","embeddable":true,"href":"https:\/\/lequotidien509.com\/es\/wp-json\/wp\/v2\/categories?post=31380"},{"taxonomy":"post_tag","embeddable":true,"href":"https:\/\/lequotidien509.com\/es\/wp-json\/wp\/v2\/tags?post=31380"}],"curies":[{"name":"wp","href":"https:\/\/api.w.org\/{rel}","templated":true}]}}