{"id":31230,"date":"2026-03-18T10:09:57","date_gmt":"2026-03-18T14:09:57","guid":{"rendered":"https:\/\/lequotidien509.com\/?p=31230"},"modified":"2026-03-18T10:37:16","modified_gmt":"2026-03-18T14:37:16","slug":"noticias-internacionales-16-de-marzo-de-2026-elecciones-en-el-caribe-crisis-en-cuba-decisiones-en-ee-uu-y-tensiones-con-iran","status":"publish","type":"post","link":"https:\/\/lequotidien509.com\/es\/noticias-internacionales-16-de-marzo-de-2026-elecciones-en-el-caribe-crisis-en-cuba-decisiones-en-ee-uu-y-tensiones-con-iran\/","title":{"rendered":"Noticias internacionales 18 de marzo de 2026: elecciones en el Caribe, crisis en Cuba, decisiones en EE. UU. y tensiones con Ir\u00e1n"},"content":{"rendered":"<h1 style=\"text-align: center\" data-section-id=\"1gv3y2f\" data-start=\"524\" data-end=\"591\">Panorama de la actualidad internacional \u2013 18 de marzo de 2026<\/h1>\n<h2 style=\"text-align: left\" data-section-id=\"4xy8jf\" data-start=\"593\" data-end=\"606\"><strong data-start=\"596\" data-end=\"606\">Caribe<\/strong><\/h2>\n<p style=\"text-align: left\" data-start=\"608\" data-end=\"1149\"><strong data-start=\"608\" data-end=\"685\">Antigua y Barbuda: Randy Baltimore elegido diputado por St Philip\u2019s North<\/strong><br data-start=\"685\" data-end=\"688\" \/>Randy Baltimore, candidato del Antigua and Barbuda Labour Party, gan\u00f3 las elecciones parciales del 17 de marzo de 2026 con 924 votos frente a 406 de Alex Browne (UPP). Se impuso en los siete centros de votaci\u00f3n, con fuertes resultados en Newfield y Willikies, y una participaci\u00f3n del 67%. La votaci\u00f3n sigui\u00f3 a la dimisi\u00f3n de Sir Robin Yearwood tras 50 a\u00f1os en el cargo.<a href=\"https:\/\/www.caribbeannationalweekly.com\/news\/randy-baltimore-wins-st-philips-north-by-election-in-antigua\/\"> Exagente de aduanas, Baltimore promete mejorar infraestructuras y oportunidades econ\u00f3micas.<\/a><\/p>\n<p style=\"text-align: left\" data-start=\"1151\" data-end=\"1629\"><strong data-start=\"1151\" data-end=\"1229\">Barbados: lanzamiento de un fondo de 5.000 d\u00f3lares para cada reci\u00e9n nacido<\/strong><br data-start=\"1229\" data-end=\"1232\" \/>El gobierno de Barbados anunci\u00f3 la creaci\u00f3n de un Child Wealth Fund que otorgar\u00e1 5.000 d\u00f3lares barbadenses a cada ni\u00f1o nacido desde noviembre de 2021. Los fondos ser\u00e1n invertidos y estar\u00e1n disponibles en la adultez para educaci\u00f3n o vivienda. El programa, incluido en el presupuesto 2026\u20132027, busca reducir desigualdades. El costo anual se estima entre 10 y 12 millones, con gesti\u00f3n independiente.<\/p>\n<h2 style=\"text-align: left\" data-section-id=\"1ezh73a\" data-start=\"1636\" data-end=\"1657\"><strong data-start=\"1639\" data-end=\"1657\">Am\u00e9rica Latina<\/strong><\/h2>\n<p style=\"text-align: left\" data-start=\"1659\" data-end=\"2092\"><strong data-start=\"1659\" data-end=\"1718\">M\u00e9xico: incendio mortal en la refiner\u00eda Olmeca de Pemex<\/strong><br data-start=\"1718\" data-end=\"1721\" \/>Un incendio ocurrido el 17 de marzo de 2026 en la refiner\u00eda Olmeca en Dos Bocas dej\u00f3 cinco muertos. El accidente estar\u00eda vinculado al desbordamiento de aguas aceitosas tras fuertes lluvias. El fuego fue controlado sin afectar instalaciones estrat\u00e9gicas, pero se abri\u00f3 una investigaci\u00f3n. La presidenta Claudia Sheinbaum confirm\u00f3 el balance y prometi\u00f3 apoyo a las familias.<\/p>\n<p style=\"text-align: left\" data-start=\"2094\" data-end=\"2514\"><strong data-start=\"2094\" data-end=\"2166\">Cuba: apertura a inversiones de exiliados en plena crisis energ\u00e9tica<\/strong><br data-start=\"2166\" data-end=\"2169\" \/>Cuba anunci\u00f3 una apertura total a la inversi\u00f3n de ciudadanos en el exterior en medio de una grave crisis energ\u00e9tica. Un apag\u00f3n nacional y la escasez de combustible han provocado protestas en La Habana. Las autoridades buscan atraer capital extranjero para reactivar la econom\u00eda. La medida marca un giro importante en la relaci\u00f3n con la di\u00e1spora.<\/p>\n<h2 style=\"text-align: left\" data-section-id=\"zof7bo\" data-start=\"2521\" data-end=\"2542\"><strong data-start=\"2524\" data-end=\"2542\">Estados Unidos<\/strong><\/h2>\n<p style=\"text-align: left\" data-start=\"2544\" data-end=\"2887\"><strong data-start=\"2544\" data-end=\"2621\">Arkansas: la justicia bloquea ley sobre los Diez Mandamientos en escuelas<\/strong><br data-start=\"2621\" data-end=\"2624\" \/>Un juez federal anul\u00f3 la ley que obligaba a mostrar los Diez Mandamientos en escuelas p\u00fablicas de Arkansas. Consider\u00f3 que viola la separaci\u00f3n entre Iglesia y Estado. La decisi\u00f3n, celebrada por la ACLU, podr\u00eda sentar precedente. La gobernadora anunci\u00f3 que apelar\u00e1.<\/p>\n<p style=\"text-align: left\" data-start=\"2889\" data-end=\"3241\"><strong data-start=\"2889\" data-end=\"2943\">Nuevo M\u00e9xico: tiroteo en la base a\u00e9rea de Holloman<\/strong><br data-start=\"2943\" data-end=\"2946\" \/>Un tiroteo en la base a\u00e9rea de Holloman dej\u00f3 un muerto y un herido, provocando el cierre inmediato de la instalaci\u00f3n. Las autoridades confirmaron que la situaci\u00f3n est\u00e1 bajo control y que se investiga el caso. No se han revelado las identidades. La base alberga unidades clave de la Fuerza A\u00e9rea.<\/p>\n<p style=\"text-align: left\" data-start=\"3243\" data-end=\"3570\"><strong data-start=\"3243\" data-end=\"3307\">Estados Unidos: pol\u00e9mica por acusaciones contra C\u00e9sar Ch\u00e1vez<\/strong><br data-start=\"3307\" data-end=\"3310\" \/>El sindicato UFW inform\u00f3 sobre acusaciones de abuso contra C\u00e9sar Ch\u00e1vez. Aunque no hay testimonios confirmados, suspendi\u00f3 actos conmemorativos. Se cre\u00f3 una plataforma independiente para recoger denuncias. El caso podr\u00eda afectar su legado como figura hist\u00f3rica.<\/p>\n<p style=\"text-align: left\" data-start=\"3572\" data-end=\"3921\"><strong data-start=\"3572\" data-end=\"3649\">Estados Unidos: la Fed ante la subida del petr\u00f3leo por la guerra con Ir\u00e1n<\/strong><br data-start=\"3649\" data-end=\"3652\" \/>La Reserva Federal debe decidir sobre las tasas en un contexto de petr\u00f3leo a 96 d\u00f3lares por barril. La situaci\u00f3n aumenta el riesgo de inflaci\u00f3n y estanflaci\u00f3n. Los mercados prev\u00e9n mantener las tasas. El aumento del desempleo y el bajo crecimiento complican el panorama.<\/p>\n<h2 style=\"text-align: left\" data-section-id=\"1w1uw6l\" data-start=\"3928\" data-end=\"3941\"><strong data-start=\"3931\" data-end=\"3941\">Canad\u00e1<\/strong><\/h2>\n<p style=\"text-align: left\" data-start=\"3943\" data-end=\"4278\"><strong data-start=\"3943\" data-end=\"4013\">Canad\u00e1: apoyo diplom\u00e1tico sin implicaci\u00f3n militar en Medio Oriente<\/strong><br data-start=\"4013\" data-end=\"4016\" \/>El gobierno de Mark Carney busca apoyar a sus aliados del Golfo sin entrar en guerra con Ir\u00e1n. Ottawa eval\u00faa asistencia estrat\u00e9gica respetando la oposici\u00f3n p\u00fablica. <a href=\"https:\/\/ici.radio-canada.ca\/nouvelle\/2239913\/guerre-iran-canada-carney-position\">Canad\u00e1 actuar\u00eda bajo la OTAN si es necesario. Sus fuerzas en la regi\u00f3n no participan en combates.<\/a><\/p>\n<h2 style=\"text-align: left\" data-section-id=\"1nba1bt\" data-start=\"4285\" data-end=\"4298\"><strong data-start=\"4288\" data-end=\"4298\">Europa<\/strong><\/h2>\n<p style=\"text-align: left\" data-start=\"4300\" data-end=\"4596\"><strong data-start=\"4300\" data-end=\"4360\">Francia-Alemania: tensiones por el proyecto militar FCAS<\/strong><br data-start=\"4360\" data-end=\"4363\" \/>El proyecto de caza europeo FCAS enfrenta tensiones entre Dassault y Airbus. Las conversaciones buscan salvar el programa estrat\u00e9gico. <a href=\"https:\/\/www.reuters.com\/business\/aerospace-defense\/france-germany-discuss-troubled-fighter-project-sources-say-2026-03-17\/\">Las diferencias se centran en el control industrial. Un fracaso podr\u00eda cambiar la defensa europea.<\/a><\/p>\n<p style=\"text-align: left\" data-start=\"4598\" data-end=\"4889\"><strong data-start=\"4598\" data-end=\"4656\">Vaticano: el papa Le\u00f3n XIV defiende la salud universal<\/strong><br data-start=\"4656\" data-end=\"4659\" \/>El papa Le\u00f3n XIV afirm\u00f3 que el acceso a la salud es un imperativo moral. Subray\u00f3 la importancia de proteger a los m\u00e1s vulnerables. Su mensaje llega en medio de debates globales sobre sanidad. Contin\u00faa la l\u00ednea social del Vaticano.<\/p>\n<p style=\"text-align: left\" data-start=\"4891\" data-end=\"5154\"><strong data-start=\"4891\" data-end=\"4944\">Georgia: muere el patriarca Ilia II a los 93 a\u00f1os<\/strong><br data-start=\"4944\" data-end=\"4947\" \/>Ilia II falleci\u00f3 tras casi 50 a\u00f1os liderando la Iglesia ortodoxa georgiana. Fue clave en la sociedad post-sovi\u00e9tica. De postura conservadora, se opuso a reformas sociales. Su sucesor ser\u00e1 elegido en 40 d\u00edas.<\/p>\n<p style=\"text-align: left\" data-start=\"5156\" data-end=\"5389\"><strong data-start=\"5156\" data-end=\"5213\">Austria: cuatro muertos por derrumbe en obra en Viena<\/strong><br data-start=\"5213\" data-end=\"5216\" \/>Cuatro personas murieron tras el colapso de un andamio en Viena. Otro trabajador result\u00f3 gravemente herido. Las causas a\u00fan se desconocen. Se abri\u00f3 una investigaci\u00f3n oficial.<\/p>\n<p style=\"text-align: left\" data-start=\"5391\" data-end=\"5649\"><strong data-start=\"5391\" data-end=\"5453\">Francia: elecciones municipales tensas en Par\u00eds y Marsella<\/strong><br data-start=\"5453\" data-end=\"5456\" \/>Las campa\u00f1as se intensifican con alianzas estrat\u00e9gicas para el segundo turno.<a href=\"https:\/\/www.reuters.com\/world\/far-left-candidate-withdraws-frances-marseille-mayoral-race-bid-block-far-right-2026-03-17\/\"> Las retiradas buscan evitar divisi\u00f3n del voto. La extrema derecha gana peso. Los comicios son clave de cara a 2027<\/a>.<\/p>\n<h2 style=\"text-align: left\" data-section-id=\"cyjw01\" data-start=\"5656\" data-end=\"5676\"><strong data-start=\"5659\" data-end=\"5676\">Medio Oriente<\/strong><\/h2>\n<p style=\"text-align: left\" data-start=\"5678\" data-end=\"5920\"><strong data-start=\"5678\" data-end=\"5735\">Israel anuncia la muerte de un alto responsable iran\u00ed<\/strong><br data-start=\"5735\" data-end=\"5738\" \/>Israel afirm\u00f3 haber eliminado al ministro de Inteligencia iran\u00ed Esmail Khatib. Ir\u00e1n no lo ha confirmado. El hecho ocurre en plena escalada militar. Podr\u00eda agravar la crisis regional.<\/p>\n<p style=\"text-align: left\" data-start=\"5922\" data-end=\"6214\"><strong data-start=\"5922\" data-end=\"5979\">Turqu\u00eda: la OTAN refuerza defensa con sistema Patriot<\/strong><br data-start=\"5979\" data-end=\"5982\" \/>La OTAN despliega un nuevo sistema Patriot en Turqu\u00eda para proteger la base de Incirlik. La medida responde a amenazas del conflicto con Ir\u00e1n. Otros sistemas ya fueron instalados. Turqu\u00eda depende de la alianza para su defensa a\u00e9rea.<\/p>\n<h2 style=\"text-align: left\" data-section-id=\"10fre0e\" data-start=\"6221\" data-end=\"6241\"><strong data-start=\"6224\" data-end=\"6241\">Asia-Pac\u00edfico<\/strong><\/h2>\n<p style=\"text-align: left\" data-start=\"6243\" data-end=\"6515\"><strong data-start=\"6243\" data-end=\"6296\">EE. UU.\u2013China: Trump aplaza cumbre con Xi Jinping<\/strong><br data-start=\"6296\" data-end=\"6299\" \/>Donald Trump pospuso su visita a China por la crisis en Medio Oriente. Pek\u00edn gana tiempo para definir su estrategia. China equilibra sus relaciones con Ir\u00e1n y el Golfo. El retraso podr\u00eda afectar v\u00ednculos bilaterales.<\/p>\n<h2 style=\"text-align: left\" data-section-id=\"b76tcr\" data-start=\"6522\" data-end=\"6535\"><strong data-start=\"6525\" data-end=\"6535\">\u00c1frica<\/strong><\/h2>\n<p style=\"text-align: left\" data-start=\"6537\" data-end=\"6819\"><strong data-start=\"6537\" data-end=\"6604\">CAN 2025: Senegal pierde el t\u00edtulo, Marruecos declarado campe\u00f3n<\/strong><br data-start=\"6604\" data-end=\"6607\" \/>La CAF retir\u00f3 el t\u00edtulo a Senegal tras abandonar temporalmente la final ante Marruecos. El partido se valida 3-0 para Marruecos. Senegal recurrir\u00e1 la decisi\u00f3n. El caso reabre el debate sobre disciplina deportiva.<\/p>\n<p>Cherline Ades.<\/p>\n","protected":false},"excerpt":{"rendered":"<p>Panorama de la actualidad internacional \u2013 18 de marzo de 2026 Caribe Antigua y Barbuda: Randy Baltimore elegido diputado por St Philip\u2019s NorthRandy Baltimore, candidato del Antigua and Barbuda Labour Party, gan\u00f3 las elecciones parciales del 17 de marzo de 2026 con 924 votos frente a 406 de Alex Browne (UPP). Se impuso en los siete centros de votaci\u00f3n, con fuertes resultados en Newfield y Willikies, y una participaci\u00f3n del 67%. La votaci\u00f3n sigui\u00f3 a la dimisi\u00f3n de Sir Robin Yearwood tras 50 a\u00f1os en el cargo. Exagente de aduanas, Baltimore promete mejorar infraestructuras y oportunidades econ\u00f3micas. Barbados: lanzamiento de un fondo de 5.000 d\u00f3lares para cada reci\u00e9n nacidoEl gobierno de Barbados anunci\u00f3 la creaci\u00f3n de un Child Wealth Fund que otorgar\u00e1 5.000 d\u00f3lares barbadenses a cada ni\u00f1o nacido desde noviembre de 2021. Los fondos ser\u00e1n invertidos y estar\u00e1n disponibles en la adultez para educaci\u00f3n o vivienda. El programa, incluido en el presupuesto 2026\u20132027, busca reducir desigualdades. El costo anual se estima entre 10 y 12 millones, con gesti\u00f3n independiente. Am\u00e9rica Latina M\u00e9xico: incendio mortal en la refiner\u00eda Olmeca de PemexUn incendio ocurrido el 17 de marzo de 2026 en la refiner\u00eda Olmeca en Dos Bocas dej\u00f3 cinco muertos. El accidente estar\u00eda vinculado al desbordamiento de aguas aceitosas tras fuertes lluvias. El fuego fue controlado sin afectar instalaciones estrat\u00e9gicas, pero se abri\u00f3 una investigaci\u00f3n. La presidenta Claudia Sheinbaum confirm\u00f3 el balance y prometi\u00f3 apoyo a las familias. Cuba: apertura a inversiones de exiliados en plena crisis energ\u00e9ticaCuba anunci\u00f3 una apertura total a la inversi\u00f3n de ciudadanos en el exterior en medio de una grave crisis energ\u00e9tica. Un apag\u00f3n nacional y la escasez de combustible han provocado protestas en La Habana. Las autoridades buscan atraer capital extranjero para reactivar la econom\u00eda. La medida marca un giro importante en la relaci\u00f3n con la di\u00e1spora. Estados Unidos Arkansas: la justicia bloquea ley sobre los Diez Mandamientos en escuelasUn juez federal anul\u00f3 la ley que obligaba a mostrar los Diez Mandamientos en escuelas p\u00fablicas de Arkansas. Consider\u00f3 que viola la separaci\u00f3n entre Iglesia y Estado. La decisi\u00f3n, celebrada por la ACLU, podr\u00eda sentar precedente. La gobernadora anunci\u00f3 que apelar\u00e1. Nuevo M\u00e9xico: tiroteo en la base a\u00e9rea de HollomanUn tiroteo en la base a\u00e9rea de Holloman dej\u00f3 un muerto y un herido, provocando el cierre inmediato de la instalaci\u00f3n. Las autoridades confirmaron que la situaci\u00f3n est\u00e1 bajo control y que se investiga el caso. No se han revelado las identidades. La base alberga unidades clave de la Fuerza A\u00e9rea. Estados Unidos: pol\u00e9mica por acusaciones contra C\u00e9sar Ch\u00e1vezEl sindicato UFW inform\u00f3 sobre acusaciones de abuso contra C\u00e9sar Ch\u00e1vez. Aunque no hay testimonios confirmados, suspendi\u00f3 actos conmemorativos. Se cre\u00f3 una plataforma independiente para recoger denuncias. El caso podr\u00eda afectar su legado como figura hist\u00f3rica. Estados Unidos: la Fed ante la subida del petr\u00f3leo por la guerra con Ir\u00e1nLa Reserva Federal debe decidir sobre las tasas en un contexto de petr\u00f3leo a 96 d\u00f3lares por barril. La situaci\u00f3n aumenta el riesgo de inflaci\u00f3n y estanflaci\u00f3n. Los mercados prev\u00e9n mantener las tasas. El aumento del desempleo y el bajo crecimiento complican el panorama. Canad\u00e1 Canad\u00e1: apoyo diplom\u00e1tico sin implicaci\u00f3n militar en Medio OrienteEl gobierno de Mark Carney busca apoyar a sus aliados del Golfo sin entrar en guerra con Ir\u00e1n. Ottawa eval\u00faa asistencia estrat\u00e9gica respetando la oposici\u00f3n p\u00fablica. Canad\u00e1 actuar\u00eda bajo la OTAN si es necesario. Sus fuerzas en la regi\u00f3n no participan en combates. Europa Francia-Alemania: tensiones por el proyecto militar FCASEl proyecto de caza europeo FCAS enfrenta tensiones entre Dassault y Airbus. Las conversaciones buscan salvar el programa estrat\u00e9gico. Las diferencias se centran en el control industrial. Un fracaso podr\u00eda cambiar la defensa europea. Vaticano: el papa Le\u00f3n XIV defiende la salud universalEl papa Le\u00f3n XIV afirm\u00f3 que el acceso a la salud es un imperativo moral. Subray\u00f3 la importancia de proteger a los m\u00e1s vulnerables. Su mensaje llega en medio de debates globales sobre sanidad. Contin\u00faa la l\u00ednea social del Vaticano. Georgia: muere el patriarca Ilia II a los 93 a\u00f1osIlia II falleci\u00f3 tras casi 50 a\u00f1os liderando la Iglesia ortodoxa georgiana. Fue clave en la sociedad post-sovi\u00e9tica. De postura conservadora, se opuso a reformas sociales. Su sucesor ser\u00e1 elegido en 40 d\u00edas. Austria: cuatro muertos por derrumbe en obra en VienaCuatro personas murieron tras el colapso de un andamio en Viena. Otro trabajador result\u00f3 gravemente herido. Las causas a\u00fan se desconocen. Se abri\u00f3 una investigaci\u00f3n oficial. Francia: elecciones municipales tensas en Par\u00eds y MarsellaLas campa\u00f1as se intensifican con alianzas estrat\u00e9gicas para el segundo turno. Las retiradas buscan evitar divisi\u00f3n del voto. La extrema derecha gana peso. Los comicios son clave de cara a 2027. Medio Oriente Israel anuncia la muerte de un alto responsable iran\u00edIsrael afirm\u00f3 haber eliminado al ministro de Inteligencia iran\u00ed Esmail Khatib. Ir\u00e1n no lo ha confirmado. El hecho ocurre en plena escalada militar. Podr\u00eda agravar la crisis regional. Turqu\u00eda: la OTAN refuerza defensa con sistema PatriotLa OTAN despliega un nuevo sistema Patriot en Turqu\u00eda para proteger la base de Incirlik. La medida responde a amenazas del conflicto con Ir\u00e1n. Otros sistemas ya fueron instalados. Turqu\u00eda depende de la alianza para su defensa a\u00e9rea. Asia-Pac\u00edfico EE. UU.\u2013China: Trump aplaza cumbre con Xi JinpingDonald Trump pospuso su visita a China por la crisis en Medio Oriente. Pek\u00edn gana tiempo para definir su estrategia. China equilibra sus relaciones con Ir\u00e1n y el Golfo. El retraso podr\u00eda afectar v\u00ednculos bilaterales. \u00c1frica CAN 2025: Senegal pierde el t\u00edtulo, Marruecos declarado campe\u00f3nLa CAF retir\u00f3 el t\u00edtulo a Senegal tras abandonar temporalmente la final ante Marruecos. El partido se valida 3-0 para Marruecos. Senegal recurrir\u00e1 la decisi\u00f3n. El caso reabre el debate sobre disciplina deportiva. Cherline Ades.<\/p>\n","protected":false},"author":9,"featured_media":30562,"comment_status":"closed","ping_status":"closed","sticky":false,"template":"","format":"standard","meta":{"give_campaign_id":0,"_crdt_document":"","jetpack_post_was_ever_published":false,"_jetpack_newsletter_access":"","_jetpack_dont_email_post_to_subs":false,"_jetpack_newsletter_tier_id":0,"_jetpack_memberships_contains_paywalled_content":false,"_jetpack_memberships_contains_paid_content":false,"jnews-multi-image_gallery":[],"jnews_single_post":{"format":"standard","override":[{"template":"4","parallax":"1","layout":"right-sidebar","sidebar":"default-sidebar","second_sidebar":"default-sidebar","sticky_sidebar":"1","share_position":"topbottom","share_float_style":"share-monocrhome","show_featured":"1","show_post_meta":"1","show_post_author":"1","show_post_author_image":"1","show_post_date":"1","post_date_format":"default","post_date_format_custom":"Y\/m\/d","show_post_category":"1","show_post_reading_time":"1","post_reading_time_wpm":"300","post_calculate_word_method":"str_word_count","show_zoom_button":"0","zoom_button_out_step":"2","zoom_button_in_step":"3","show_post_tag":"1","show_comment_section":"1","number_popup_post":"1","show_inline_post_related":"1"}],"image_override":[{"single_post_thumbnail_size":"crop-500","single_post_gallery_size":"crop-500"}],"trending_post_position":"meta","trending_post_label":"Trending","sponsored_post_label":"Sponsored by","disable_ad":"0","subtitle":"Desde elecciones en el Caribe hasta tensiones econ\u00f3micas en Estados Unidos, pasando por la crisis energ\u00e9tica en Cuba y la escalada en Medio Oriente, la actualidad mundial sigue en ebullici\u00f3n."},"jnews_primary_category":[],"jnews_social_meta":[],"jnews_post_split":{"post_split":[{"template":"1","tag":"h2","numbering":"asc","mode":"normal","first":"0","enable_toc":"0","toc_type":"normal"}]},"footnotes":"","jetpack_publicize_message":"","jetpack_publicize_feature_enabled":true,"jetpack_social_post_already_shared":true,"jetpack_social_options":{"image_generator_settings":{"template":"highway","default_image_id":0,"font":"","enabled":false},"version":2}},"categories":[3265],"tags":[4950,4951,4949],"class_list":["post-31230","post","type-post","status-publish","format-standard","has-post-thumbnail","hentry","category-internacional","tag-crisis-en-cuba","tag-decisiones-en-ee-uu-y-tensiones-con-iran-marcan-las-noticias-internacionales-del-16-de-marzo-de-2026","tag-elecciones-en-el-caribe"],"aioseo_notices":[],"jetpack_publicize_connections":[],"jetpack_featured_media_url":"https:\/\/i0.wp.com\/lequotidien509.com\/wp-content\/uploads\/2026\/03\/Culturelle-49-1.webp?fit=1920%2C1080&ssl=1","jetpack_sharing_enabled":true,"_links":{"self":[{"href":"https:\/\/lequotidien509.com\/es\/wp-json\/wp\/v2\/posts\/31230","targetHints":{"allow":["GET"]}}],"collection":[{"href":"https:\/\/lequotidien509.com\/es\/wp-json\/wp\/v2\/posts"}],"about":[{"href":"https:\/\/lequotidien509.com\/es\/wp-json\/wp\/v2\/types\/post"}],"author":[{"embeddable":true,"href":"https:\/\/lequotidien509.com\/es\/wp-json\/wp\/v2\/users\/9"}],"replies":[{"embeddable":true,"href":"https:\/\/lequotidien509.com\/es\/wp-json\/wp\/v2\/comments?post=31230"}],"version-history":[{"count":2,"href":"https:\/\/lequotidien509.com\/es\/wp-json\/wp\/v2\/posts\/31230\/revisions"}],"predecessor-version":[{"id":31235,"href":"https:\/\/lequotidien509.com\/es\/wp-json\/wp\/v2\/posts\/31230\/revisions\/31235"}],"wp:featuredmedia":[{"embeddable":true,"href":"https:\/\/lequotidien509.com\/es\/wp-json\/wp\/v2\/media\/30562"}],"wp:attachment":[{"href":"https:\/\/lequotidien509.com\/es\/wp-json\/wp\/v2\/media?parent=31230"}],"wp:term":[{"taxonomy":"category","embeddable":true,"href":"https:\/\/lequotidien509.com\/es\/wp-json\/wp\/v2\/categories?post=31230"},{"taxonomy":"post_tag","embeddable":true,"href":"https:\/\/lequotidien509.com\/es\/wp-json\/wp\/v2\/tags?post=31230"}],"curies":[{"name":"wp","href":"https:\/\/api.w.org\/{rel}","templated":true}]}}