{"id":31060,"date":"2026-03-16T16:06:33","date_gmt":"2026-03-16T20:06:33","guid":{"rendered":"https:\/\/lequotidien509.com\/?p=31060"},"modified":"2026-03-16T16:06:33","modified_gmt":"2026-03-16T20:06:33","slug":"reunion-dajabon-vigilancia-energetica-crisis-medio-oriente-republica-dominicana","status":"publish","type":"post","link":"https:\/\/lequotidien509.com\/es\/reunion-dajabon-vigilancia-energetica-crisis-medio-oriente-republica-dominicana\/","title":{"rendered":"Rep\u00fablica Dominicana: reuni\u00f3n sensible en Dajab\u00f3n y vigilancia energ\u00e9tica por la crisis en Medio Oriente"},"content":{"rendered":"<h4 data-section-id=\"do4gv1\" data-start=\"1166\" data-end=\"1241\">Frontera: reuni\u00f3n en Dajab\u00f3n entre autoridades dominicanas y diplom\u00e1ticos<\/h4>\n<p data-start=\"1243\" data-end=\"1590\">Una reuni\u00f3n de alto nivel se celebr\u00f3 el 15 de marzo de 2026 en <span class=\"hover:entity-accent entity-underline inline cursor-pointer align-baseline\"><span class=\"whitespace-normal\">Dajab\u00f3n<\/span><\/span> entre el canciller de la <span class=\"hover:entity-accent entity-underline inline cursor-pointer align-baseline\"><span class=\"whitespace-normal\">Rep\u00fablica Dominicana<\/span><\/span>, <span class=\"hover:entity-accent entity-underline inline cursor-pointer align-baseline\"><span class=\"whitespace-normal\">Roberto \u00c1lvarez<\/span><\/span>, y los embajadores de <span class=\"hover:entity-accent entity-underline inline cursor-pointer align-baseline\"><span class=\"whitespace-normal\">Estados Unidos<\/span><\/span> y <span class=\"hover:entity-accent entity-underline inline cursor-pointer align-baseline\"><span class=\"whitespace-normal\">Hait\u00ed<\/span><\/span>, junto con otros representantes dominicanos.<\/p>\n<p data-start=\"1592\" data-end=\"1769\">El encuentro tuvo lugar en las instalaciones de Villas Codevi y se desarroll\u00f3 con un alto nivel de discreci\u00f3n, sin que se ofrecieran detalles oficiales sobre los temas tratados.<\/p>\n<p data-start=\"1771\" data-end=\"1906\">La participaci\u00f3n de representantes del Ministerio de Industria, Comercio y Mipymes refleja el car\u00e1cter estrat\u00e9gico de este intercambio.<\/p>\n<p data-start=\"1908\" data-end=\"2042\">No obstante, la naturaleza reservada de la reuni\u00f3n gener\u00f3 especulaciones y preocupaciones entre habitantes de la provincia fronteriza.<\/p>\n<p data-start=\"2044\" data-end=\"2303\">Comerciantes, l\u00edderes comunitarios y residentes manifestaron inquietud ante la posibilidad de que decisiones binacionales tomadas<a href=\"https:\/\/lequotidien509.com\/es\/republica-dominicana-tension-entre-motoconchistas-en-pedernales-arresto-de-migrantes-haitianos-y-rd-sera-sede-de-la-cepal\/\"> a puerta cerrada puedan tener repercusiones directas sobre el comercio fronterizo, la seguridad y la vida cotidiana en la regi\u00f3n.<\/a><\/p>\n<p data-start=\"2305\" data-end=\"2496\">La ciudad de Dajab\u00f3n es considerada hist\u00f3ricamente uno de los principales puntos de contacto entre la Rep\u00fablica Dominicana y Hait\u00ed, especialmente en materia de migraci\u00f3n y comercio bilateral.<\/p>\n<p data-start=\"2498\" data-end=\"2661\">Hasta el momento, la ausencia de informaci\u00f3n oficial mantiene a la poblaci\u00f3n a la expectativa sobre las posibles decisiones que puedan derivarse de este encuentro.<\/p>\n<h4 data-section-id=\"17kxco4\" data-start=\"2668\" data-end=\"2738\">Energ\u00eda: el gobierno eval\u00faa el impacto de la crisis en Medio Oriente<\/h4>\n<p data-start=\"2740\" data-end=\"3019\">De forma paralela, el ministro de Energ\u00eda y Minas, <span class=\"hover:entity-accent entity-underline inline cursor-pointer align-baseline\"><span class=\"whitespace-normal\">Joel Santos<\/span><\/span>, y el superintendente de Electricidad, <span class=\"hover:entity-accent entity-underline inline cursor-pointer align-baseline\"><span class=\"whitespace-normal\">Andr\u00e9s Astacio<\/span><\/span>, se reunieron el 16 de marzo de 2026 con las principales empresas de generaci\u00f3n t\u00e9rmica de electricidad del pa\u00eds.<\/p>\n<p data-start=\"3021\" data-end=\"3257\">El objetivo del encuentro fue analizar los posibles riesgos derivados de la crisis en <span class=\"hover:entity-accent entity-underline inline cursor-pointer align-baseline\"><span class=\"whitespace-normal\">Medio Oriente<\/span><\/span> y sus eventuales efectos sobre el suministro de combustibles utilizados para la generaci\u00f3n el\u00e9ctrica en el pa\u00eds.<\/p>\n<p data-start=\"3259\" data-end=\"3462\">La reuni\u00f3n fue organizada por el <span class=\"hover:entity-accent entity-underline inline cursor-pointer align-baseline\"><span class=\"whitespace-normal\">Ministerio de Energ\u00eda y Minas de la Rep\u00fablica Dominicana<\/span><\/span> como parte del seguimiento a los cambios en el escenario geopol\u00edtico internacional <a href=\"https:\/\/youtu.be\/YAO16PcKukA\">y su posible impacto en los mercados energ\u00e9ticos.<\/a><\/p>\n<p data-start=\"3464\" data-end=\"3672\">Entre las empresas participantes estuvieron <span class=\"hover:entity-accent entity-underline inline cursor-pointer align-baseline\"><span class=\"whitespace-normal\">AES Dominicana<\/span><\/span>, <span class=\"hover:entity-accent entity-underline inline cursor-pointer align-baseline\"><span class=\"whitespace-normal\">Empresa Generadora de Electricidad Haina<\/span><\/span>, <span class=\"hover:entity-accent entity-underline inline cursor-pointer align-baseline\"><span class=\"whitespace-normal\">Central Termoel\u00e9ctrica Itabo<\/span><\/span> y <span class=\"hover:entity-accent entity-underline inline cursor-pointer align-baseline\"><span class=\"whitespace-normal\">Central Termoel\u00e9ctrica Punta Catalina<\/span><\/span>.<\/p>\n<p data-start=\"3674\" data-end=\"3898\">La mayor\u00eda de estas compa\u00f1\u00edas indic\u00f3 contar con reservas suficientes de carb\u00f3n y gas natural para mantener sus operaciones hasta finales de a\u00f1o, lo que contribuir\u00eda a garantizar la estabilidad del sistema el\u00e9ctrico nacional.<\/p>\n<p data-start=\"3900\" data-end=\"4096\">Durante el encuentro tambi\u00e9n se analizaron los inventarios de combustible, los contratos de suministro y los mecanismos de contingencia ante posibles fluctuaciones en los mercados internacionales.<\/p>\n<p data-start=\"4098\" data-end=\"4384\" data-is-last-node=\"\" data-is-only-node=\"\">Por su parte, <span class=\"hover:entity-accent entity-underline inline cursor-pointer align-baseline\"><span class=\"whitespace-normal\">Edward Veras<\/span><\/span>, representante de la <span class=\"hover:entity-accent entity-underline inline cursor-pointer align-baseline\"><span class=\"whitespace-normal\">Comisi\u00f3n Nacional de Energ\u00eda de la Rep\u00fablica Dominicana<\/span><\/span>, afirm\u00f3 que las autoridades continuar\u00e1n coordinando con los actores del sector para preservar la seguridad energ\u00e9tica y la estabilidad del suministro el\u00e9ctrico en el pa\u00eds.<\/p>\n<p>Soraya Ades.<\/p>\n","protected":false},"excerpt":{"rendered":"<p>Frontera: reuni\u00f3n en Dajab\u00f3n entre autoridades dominicanas y diplom\u00e1ticos Una reuni\u00f3n de alto nivel se celebr\u00f3 el 15 de marzo de 2026 en Dajab\u00f3n entre el canciller de la Rep\u00fablica Dominicana, Roberto \u00c1lvarez, y los embajadores de Estados Unidos y Hait\u00ed, junto con otros representantes dominicanos. El encuentro tuvo lugar en las instalaciones de Villas Codevi y se desarroll\u00f3 con un alto nivel de discreci\u00f3n, sin que se ofrecieran detalles oficiales sobre los temas tratados. La participaci\u00f3n de representantes del Ministerio de Industria, Comercio y Mipymes refleja el car\u00e1cter estrat\u00e9gico de este intercambio. No obstante, la naturaleza reservada de la reuni\u00f3n gener\u00f3 especulaciones y preocupaciones entre habitantes de la provincia fronteriza. Comerciantes, l\u00edderes comunitarios y residentes manifestaron inquietud ante la posibilidad de que decisiones binacionales tomadas a puerta cerrada puedan tener repercusiones directas sobre el comercio fronterizo, la seguridad y la vida cotidiana en la regi\u00f3n. La ciudad de Dajab\u00f3n es considerada hist\u00f3ricamente uno de los principales puntos de contacto entre la Rep\u00fablica Dominicana y Hait\u00ed, especialmente en materia de migraci\u00f3n y comercio bilateral. Hasta el momento, la ausencia de informaci\u00f3n oficial mantiene a la poblaci\u00f3n a la expectativa sobre las posibles decisiones que puedan derivarse de este encuentro. Energ\u00eda: el gobierno eval\u00faa el impacto de la crisis en Medio Oriente De forma paralela, el ministro de Energ\u00eda y Minas, Joel Santos, y el superintendente de Electricidad, Andr\u00e9s Astacio, se reunieron el 16 de marzo de 2026 con las principales empresas de generaci\u00f3n t\u00e9rmica de electricidad del pa\u00eds. El objetivo del encuentro fue analizar los posibles riesgos derivados de la crisis en Medio Oriente y sus eventuales efectos sobre el suministro de combustibles utilizados para la generaci\u00f3n el\u00e9ctrica en el pa\u00eds. La reuni\u00f3n fue organizada por el Ministerio de Energ\u00eda y Minas de la Rep\u00fablica Dominicana como parte del seguimiento a los cambios en el escenario geopol\u00edtico internacional y su posible impacto en los mercados energ\u00e9ticos. Entre las empresas participantes estuvieron AES Dominicana, Empresa Generadora de Electricidad Haina, Central Termoel\u00e9ctrica Itabo y Central Termoel\u00e9ctrica Punta Catalina. La mayor\u00eda de estas compa\u00f1\u00edas indic\u00f3 contar con reservas suficientes de carb\u00f3n y gas natural para mantener sus operaciones hasta finales de a\u00f1o, lo que contribuir\u00eda a garantizar la estabilidad del sistema el\u00e9ctrico nacional. Durante el encuentro tambi\u00e9n se analizaron los inventarios de combustible, los contratos de suministro y los mecanismos de contingencia ante posibles fluctuaciones en los mercados internacionales. Por su parte, Edward Veras, representante de la Comisi\u00f3n Nacional de Energ\u00eda de la Rep\u00fablica Dominicana, afirm\u00f3 que las autoridades continuar\u00e1n coordinando con los actores del sector para preservar la seguridad energ\u00e9tica y la estabilidad del suministro el\u00e9ctrico en el pa\u00eds. Soraya Ades.<\/p>\n","protected":false},"author":9,"featured_media":31061,"comment_status":"closed","ping_status":"closed","sticky":false,"template":"","format":"standard","meta":{"give_campaign_id":0,"_crdt_document":"","jetpack_post_was_ever_published":false,"_jetpack_newsletter_access":"","_jetpack_dont_email_post_to_subs":false,"_jetpack_newsletter_tier_id":0,"_jetpack_memberships_contains_paywalled_content":false,"_jetpack_memberships_contains_paid_content":false,"jnews-multi-image_gallery":[],"jnews_single_post":{"format":"standard","override":[{"template":"4","parallax":"1","layout":"right-sidebar","sidebar":"default-sidebar","second_sidebar":"default-sidebar","sticky_sidebar":"1","share_position":"topbottom","share_float_style":"share-monocrhome","show_featured":"1","show_post_meta":"1","show_post_author":"1","show_post_author_image":"1","show_post_date":"1","post_date_format":"default","post_date_format_custom":"Y\/m\/d","show_post_category":"1","show_post_reading_time":"1","post_reading_time_wpm":"300","post_calculate_word_method":"str_word_count","show_zoom_button":"0","zoom_button_out_step":"2","zoom_button_in_step":"3","show_post_tag":"1","show_comment_section":"1","number_popup_post":"1","show_inline_post_related":"1"}],"image_override":[{"single_post_thumbnail_size":"crop-500","single_post_gallery_size":"crop-500"}],"trending_post_position":"meta","trending_post_label":"Trending","sponsored_post_label":"Sponsored by","disable_ad":"0","subtitle":"Una reuni\u00f3n entre autoridades dominicanas y diplom\u00e1ticos en Dajab\u00f3n gener\u00f3 inquietud en la zona fronteriza, mientras el gobierno analiza el impacto de la crisis en Medio Oriente sobre el suministro de combustible para la generaci\u00f3n el\u00e9ctrica."},"jnews_primary_category":[],"jnews_social_meta":[],"jnews_post_split":{"post_split":[{"template":"1","tag":"h2","numbering":"asc","mode":"normal","first":"0","enable_toc":"0","toc_type":"normal"}]},"footnotes":"","jetpack_publicize_message":"","jetpack_publicize_feature_enabled":true,"jetpack_social_post_already_shared":true,"jetpack_social_options":{"image_generator_settings":{"template":"highway","default_image_id":0,"font":"","enabled":false},"version":2}},"categories":[3203],"tags":[],"class_list":["post-31060","post","type-post","status-publish","format-standard","has-post-thumbnail","hentry","category-noticias"],"aioseo_notices":[],"jetpack_publicize_connections":[],"jetpack_featured_media_url":"https:\/\/i0.wp.com\/lequotidien509.com\/wp-content\/uploads\/2026\/03\/an-2.webp?fit=1366%2C768&ssl=1","jetpack_sharing_enabled":true,"_links":{"self":[{"href":"https:\/\/lequotidien509.com\/es\/wp-json\/wp\/v2\/posts\/31060","targetHints":{"allow":["GET"]}}],"collection":[{"href":"https:\/\/lequotidien509.com\/es\/wp-json\/wp\/v2\/posts"}],"about":[{"href":"https:\/\/lequotidien509.com\/es\/wp-json\/wp\/v2\/types\/post"}],"author":[{"embeddable":true,"href":"https:\/\/lequotidien509.com\/es\/wp-json\/wp\/v2\/users\/9"}],"replies":[{"embeddable":true,"href":"https:\/\/lequotidien509.com\/es\/wp-json\/wp\/v2\/comments?post=31060"}],"version-history":[{"count":1,"href":"https:\/\/lequotidien509.com\/es\/wp-json\/wp\/v2\/posts\/31060\/revisions"}],"predecessor-version":[{"id":31062,"href":"https:\/\/lequotidien509.com\/es\/wp-json\/wp\/v2\/posts\/31060\/revisions\/31062"}],"wp:featuredmedia":[{"embeddable":true,"href":"https:\/\/lequotidien509.com\/es\/wp-json\/wp\/v2\/media\/31061"}],"wp:attachment":[{"href":"https:\/\/lequotidien509.com\/es\/wp-json\/wp\/v2\/media?parent=31060"}],"wp:term":[{"taxonomy":"category","embeddable":true,"href":"https:\/\/lequotidien509.com\/es\/wp-json\/wp\/v2\/categories?post=31060"},{"taxonomy":"post_tag","embeddable":true,"href":"https:\/\/lequotidien509.com\/es\/wp-json\/wp\/v2\/tags?post=31060"}],"curies":[{"name":"wp","href":"https:\/\/api.w.org\/{rel}","templated":true}]}}