{"id":31055,"date":"2026-03-16T12:47:49","date_gmt":"2026-03-16T16:47:49","guid":{"rendered":"https:\/\/lequotidien509.com\/?p=31055"},"modified":"2026-03-16T13:19:47","modified_gmt":"2026-03-16T17:19:47","slug":"elecciones-en-bahamas-toque-de-queda-en-ecuador-incendios-masivos-en-estados-unidos-y-tensiones-en-medio-oriente-noticias-internacionales","status":"publish","type":"post","link":"https:\/\/lequotidien509.com\/es\/elecciones-en-bahamas-toque-de-queda-en-ecuador-incendios-masivos-en-estados-unidos-y-tensiones-en-medio-oriente-noticias-internacionales\/","title":{"rendered":"Elecciones en Bahamas, toque de queda en Ecuador, incendios masivos en Estados Unidos y tensiones en Medio Oriente : Noticias internacionales"},"content":{"rendered":"<h1 style=\"text-align: center\" data-section-id=\"rowwyy\" data-start=\"554\" data-end=\"626\">Los remolinos de la actualidad internacional \u2013 16 de marzo de 2026<\/h1>\n<h2 style=\"text-align: left\" data-section-id=\"ysgnjv\" data-start=\"628\" data-end=\"637\">Caribe<\/h2>\n<h4 style=\"text-align: left\" data-section-id=\"1d6a2xj\" data-start=\"639\" data-end=\"723\">Bahamas: el primer ministro Philip Davis anuncia pr\u00f3ximas elecciones generales<\/h4>\n<p style=\"text-align: left\" data-start=\"724\" data-end=\"1176\">El primer ministro de Bahamas, Philip Davis, confirm\u00f3 que se celebrar\u00e1n elecciones generales pr\u00f3ximamente, aunque no anunci\u00f3 una fecha espec\u00edfica. Observadores pol\u00edticos se\u00f1alan que el voto podr\u00eda realizarse en la primavera. El Partido Liberal Progresista planea centrar su campa\u00f1a en los logros de los \u00faltimos cuatro a\u00f1os.<a href=\"https:\/\/www.caribbeannationalweekly.com\/news\/bahamas-prime-minister-philip-davis-signals-upcoming-general-election\/\"> La recuperaci\u00f3n econ\u00f3mica de Grand Bahama y el conflicto con la Grand Bahama Port Authority siguen siendo temas pol\u00edticos clave<\/a>.<\/p>\n<h4 style=\"text-align: left\" data-section-id=\"ws5jic\" data-start=\"1178\" data-end=\"1250\">Trinidad y Tobago: pr\u00f3rroga de tres meses del estado de emergencia<\/h4>\n<p style=\"text-align: left\" data-start=\"1251\" data-end=\"1656\">El Parlamento de Trinidad y Tobago aprob\u00f3 extender el estado de emergencia por tres meses para enfrentar el aumento de la criminalidad. La medida permite a las autoridades realizar arrestos y registros sin orden judicial. La oposici\u00f3n critic\u00f3 la decisi\u00f3n y considera que el gobierno no aborda las causas profundas de la violencia. M\u00e1s de 60 homicidios se han registrado en el pa\u00eds desde el inicio del a\u00f1o.<\/p>\n<h2 style=\"text-align: left\" data-section-id=\"16hupwm\" data-start=\"1663\" data-end=\"1680\">Am\u00e9rica Latina<\/h2>\n<h4 style=\"text-align: left\" data-section-id=\"1yz17cx\" data-start=\"1682\" data-end=\"1771\">Ecuador: movilizaci\u00f3n de 75.000 polic\u00edas y militares para aplicar el toque de queda<\/h4>\n<p style=\"text-align: left\" data-start=\"1772\" data-end=\"2151\">M\u00e1s de 75.000 polic\u00edas y militares fueron desplegados en Ecuador para aplicar un toque de queda nocturno durante quince d\u00edas. La medida afecta a las provincias de Guayas, El Oro, Los R\u00edos y Santo Domingo de los Ts\u00e1chilas. El toque de queda est\u00e1 vigente de 23:00 a 05:00 cada noche. El presidente Daniel Noboa supervisa personalmente estas operaciones contra el crimen organizado.<\/p>\n<h4 style=\"text-align: left\" data-section-id=\"1bg877w\" data-start=\"2153\" data-end=\"2237\">M\u00e9xico: Claudia Sheinbaum respalda el llamado de L\u00f3pez Obrador a favor de Cuba<\/h4>\n<p style=\"text-align: left\" data-start=\"2238\" data-end=\"2640\">La presidenta de M\u00e9xico, Claudia Sheinbaum, expres\u00f3 su apoyo al llamado del expresidente Andr\u00e9s Manuel L\u00f3pez Obrador para respaldar al pueblo cubano frente al bloqueo estadounidense. Durante un acto p\u00fablico afirm\u00f3 que M\u00e9xico continuar\u00e1 ofreciendo ayuda humanitaria a Cuba. El presidente cubano Miguel D\u00edaz-Canel agradeci\u00f3 el apoyo mexicano. Sheinbaum insisti\u00f3 en la solidaridad con la poblaci\u00f3n cubana.<\/p>\n<h2 style=\"text-align: left\" data-section-id=\"o8sdhw\" data-start=\"2647\" data-end=\"2664\">Estados Unidos<\/h2>\n<h4 style=\"text-align: left\" data-section-id=\"1jtmw6y\" data-start=\"2666\" data-end=\"2758\">Nebraska: incendios gigantes destruyen 600.000 acres y se declara estado de emergencia<\/h4>\n<p style=\"text-align: left\" data-start=\"2759\" data-end=\"3128\">Tres grandes incendios forestales han devastado cerca de 600.000 acres en el estado de Nebraska. El gobernador Jim Pillen declar\u00f3 el estado de emergencia y moviliz\u00f3 la Guardia Nacional para apoyar a los bomberos. El Morrill Fire ya es considerado el mayor incendio en la historia del estado. Las llamas siguen fuera de control y han causado al menos una v\u00edctima mortal.<\/p>\n<h4 style=\"text-align: left\" data-section-id=\"jmm7fe\" data-start=\"3130\" data-end=\"3223\">Washington: proyecto de centro subterr\u00e1neo de control para visitantes de la Casa Blanca<\/h4>\n<p style=\"text-align: left\" data-start=\"3224\" data-end=\"3621\">La administraci\u00f3n estadounidense propuso construir un centro subterr\u00e1neo de 33.000 pies cuadrados para el control de seguridad de los visitantes de la Casa Blanca. El proyecto ser\u00e1 evaluado por la National Capital Planning Commission el 2 de abril. Los visitantes pasar\u00edan por varios controles de identidad antes de acceder al edificio. La construcci\u00f3n podr\u00eda comenzar en oto\u00f1o y terminar en 2028.<\/p>\n<h4 style=\"text-align: left\" data-section-id=\"1uvifxu\" data-start=\"3623\" data-end=\"3708\">Estados Unidos: la guerra en Ir\u00e1n complica las decisiones de la Reserva Federal<\/h4>\n<p style=\"text-align: left\" data-start=\"3709\" data-end=\"4137\">La guerra en Ir\u00e1n est\u00e1 complicando las previsiones econ\u00f3micas de Estados Unidos antes de la reuni\u00f3n de la Reserva Federal del 18 de marzo. El aumento del precio del petr\u00f3leo impulsa la inflaci\u00f3n y podr\u00eda retrasar la reducci\u00f3n de las tasas de inter\u00e9s. Algunos analistas prev\u00e9n incluso que las tasas se mantengan altas durante 2026. La futura llegada de Kevin Warsh a la presidencia de la Fed se produce en este contexto incierto.<\/p>\n<h2 style=\"text-align: left\" data-section-id=\"ys78bx\" data-start=\"4144\" data-end=\"4153\">Canad\u00e1<\/h2>\n<h4 style=\"text-align: left\" data-section-id=\"rxx6pc\" data-start=\"4155\" data-end=\"4231\">Noruega: Mark Carney invitado de honor en la cumbre de pa\u00edses n\u00f3rdicos<\/h4>\n<p style=\"text-align: left\" data-start=\"4232\" data-end=\"4615\">El primer ministro canadiense Mark Carney particip\u00f3 como invitado de honor en una cumbre de pa\u00edses n\u00f3rdicos celebrada en Noruega. Los l\u00edderes discutieron la guerra en Medio Oriente y las tensiones estrat\u00e9gicas en el \u00c1rtico. Tras el encuentro, Carney viajar\u00e1 a Londres para reunirse con el primer ministro brit\u00e1nico Keir Starmer. La visita forma parte de una gira diplom\u00e1tica europea.<\/p>\n<h2 style=\"text-align: left\" data-section-id=\"xsh515\" data-start=\"4622\" data-end=\"4631\">Europa<\/h2>\n<h4 style=\"text-align: left\" data-section-id=\"fau7gw\" data-start=\"4633\" data-end=\"4711\">Espa\u00f1a: los socialistas de S\u00e1nchez resisten en las elecciones regionales<\/h4>\n<p style=\"text-align: left\" data-start=\"4712\" data-end=\"5095\">El Partido Socialista liderado por Pedro S\u00e1nchez logr\u00f3 un segundo lugar m\u00e1s s\u00f3lido de lo previsto en las elecciones regionales de Castilla y Le\u00f3n. El partido obtuvo 30 esca\u00f1os, dos m\u00e1s que en la legislatura anterior. El Partido Popular sigue siendo la principal fuerza pol\u00edtica con 33 esca\u00f1os.<a href=\"https:\/\/www.politico.eu\/article\/pedro-sanchez-socialist-party-defeat-regional-election-castilla-y-leon-spain\/\"> Los socialistas consideran el resultado un impulso de cara a futuros comicios nacionales.<\/a><\/p>\n<h4 style=\"text-align: left\" data-section-id=\"yiozxm\" data-start=\"5097\" data-end=\"5164\">Hungr\u00eda: P\u00e9ter Magyar acusa a Viktor Orb\u00e1n de injerencia rusa<\/h4>\n<p style=\"text-align: left\" data-start=\"5165\" data-end=\"5539\">El l\u00edder opositor P\u00e9ter Magyar acus\u00f3 al primer ministro Viktor Orb\u00e1n de permitir la intervenci\u00f3n de agentes rusos en las elecciones legislativas previstas para el 12 de abril. Su partido Tisza aparece en cabeza en varios sondeos frente al Fidesz. La oposici\u00f3n denuncia corrupci\u00f3n y crisis del costo de vida. Magyar propone limitar a dos mandatos el cargo de primer ministro.<\/p>\n<h4 style=\"text-align: left\" data-section-id=\"zl2py9\" data-start=\"5541\" data-end=\"5604\">Alemania: muere el fil\u00f3sofo J\u00fcrgen Habermas a los 96 a\u00f1os<\/h4>\n<p style=\"text-align: left\" data-start=\"5605\" data-end=\"5966\">El fil\u00f3sofo alem\u00e1n J\u00fcrgen Habermas falleci\u00f3 a los 96 a\u00f1os. Fue una de las figuras m\u00e1s influyentes de la teor\u00eda cr\u00edtica y de la Escuela de Frankfurt. Su obra <em data-start=\"5762\" data-end=\"5799\">La teor\u00eda de la acci\u00f3n comunicativa<\/em> marc\u00f3 profundamente el pensamiento pol\u00edtico contempor\u00e1neo. Habermas defendi\u00f3 una Europa unida y particip\u00f3 activamente en debates sobre democracia y memoria hist\u00f3rica.<\/p>\n<h4 style=\"text-align: left\" data-section-id=\"l4eib4\" data-start=\"5968\" data-end=\"6045\">Alemania y Grecia descartan implicaci\u00f3n militar en el estrecho de Ormuz<\/h4>\n<p style=\"text-align: left\" data-start=\"6046\" data-end=\"6362\">Alemania y Grecia anunciaron que no participar\u00e1n en operaciones militares en el estrecho de Ormuz pese a las tensiones con Ir\u00e1n. <a href=\"https:\/\/abcnews.com\/US\/biggest-wildfire-nebraska-history-continues-burn-control\/story?id=131086196\">Berl\u00edn afirm\u00f3 que el conflicto no implica a la OTAN. Atenas tambi\u00e9n reiter\u00f3 su postura de evitar cualquier participaci\u00f3n militar. Ambos pa\u00edses prefieren impulsar una soluci\u00f3n diplom\u00e1tica.<\/a><\/p>\n<h2 style=\"text-align: left\" data-section-id=\"1iq9gw1\" data-start=\"6369\" data-end=\"6385\">Medio Oriente<\/h2>\n<h4 style=\"text-align: left\" data-section-id=\"1kikv3b\" data-start=\"6387\" data-end=\"6459\">Israel lanza operaciones terrestres limitadas en el sur del L\u00edbano<\/h4>\n<p style=\"text-align: left\" data-start=\"6460\" data-end=\"6818\">El ej\u00e9rcito israel\u00ed anunci\u00f3 operaciones terrestres limitadas contra posiciones de Hezbollah en el sur del L\u00edbano. Los combates se concentran alrededor de la ciudad estrat\u00e9gica de Khiam y otras localidades cercanas. Israel afirma que busca destruir infraestructuras del grupo armado. El conflicto ha provocado el desplazamiento de cientos de miles de civiles.<\/p>\n<h2 style=\"text-align: left\" data-section-id=\"size0e\" data-start=\"6825\" data-end=\"6841\">Asia-Pac\u00edfico<\/h2>\n<h4 style=\"text-align: left\" data-section-id=\"1m20jkw\" data-start=\"6843\" data-end=\"6908\">Corea del Norte prueba un sistema de lanzacohetes de 600 mm<\/h4>\n<p style=\"text-align: left\" data-start=\"6909\" data-end=\"7257\">Corea del Norte realiz\u00f3 una prueba de un sistema avanzado de lanzacohetes m\u00faltiples de 600 mm bajo supervisi\u00f3n de Kim Jong-un. Seg\u00fan Pyongyang, los proyectiles alcanzaron un objetivo a 364 kil\u00f3metros de distancia. El r\u00e9gimen afirma que estas armas pueden transportar ojivas nucleares t\u00e1cticas. Corea del Sur denunci\u00f3 el ensayo como una provocaci\u00f3n.<\/p>\n<h2 style=\"text-align: left\" data-section-id=\"o3cv8b\" data-start=\"7264\" data-end=\"7273\">\u00c1frica<\/h2>\n<h4 style=\"text-align: left\" data-section-id=\"xfb9jm\" data-start=\"7275\" data-end=\"7356\">Congo-Brazzaville: elecciones presidenciales marcadas por corte de internet<\/h4>\n<p style=\"text-align: left\" data-start=\"7357\" data-end=\"7711\">Las elecciones presidenciales del 15 de marzo en Congo-Brazzaville se desarrollaron en un clima tenso tras la suspensi\u00f3n total del internet y de la red telef\u00f3nica. El presidente Denis Sassou-Nguesso busca un quinto mandato consecutivo. <a href=\"https:\/\/lequotidien509.com\/es\/crisis-petrolera-en-ormuz-incautacion-de-fentanilo-en-mexico-y-tensiones-por-ucrania-dominan-la-actualidad-internacional\/\">La oposici\u00f3n denunci\u00f3 un \u201csimulacro electoral\u201d y llam\u00f3 al boicot. Los resultados oficiales a\u00fan no han sido anunciados.<\/a><\/p>\n<p>Cherline Ades<\/p>\n","protected":false},"excerpt":{"rendered":"<p>Los remolinos de la actualidad internacional \u2013 16 de marzo de 2026 Caribe Bahamas: el primer ministro Philip Davis anuncia pr\u00f3ximas elecciones generales El primer ministro de Bahamas, Philip Davis, confirm\u00f3 que se celebrar\u00e1n elecciones generales pr\u00f3ximamente, aunque no anunci\u00f3 una fecha espec\u00edfica. Observadores pol\u00edticos se\u00f1alan que el voto podr\u00eda realizarse en la primavera. El Partido Liberal Progresista planea centrar su campa\u00f1a en los logros de los \u00faltimos cuatro a\u00f1os. La recuperaci\u00f3n econ\u00f3mica de Grand Bahama y el conflicto con la Grand Bahama Port Authority siguen siendo temas pol\u00edticos clave. Trinidad y Tobago: pr\u00f3rroga de tres meses del estado de emergencia El Parlamento de Trinidad y Tobago aprob\u00f3 extender el estado de emergencia por tres meses para enfrentar el aumento de la criminalidad. La medida permite a las autoridades realizar arrestos y registros sin orden judicial. La oposici\u00f3n critic\u00f3 la decisi\u00f3n y considera que el gobierno no aborda las causas profundas de la violencia. M\u00e1s de 60 homicidios se han registrado en el pa\u00eds desde el inicio del a\u00f1o. Am\u00e9rica Latina Ecuador: movilizaci\u00f3n de 75.000 polic\u00edas y militares para aplicar el toque de queda M\u00e1s de 75.000 polic\u00edas y militares fueron desplegados en Ecuador para aplicar un toque de queda nocturno durante quince d\u00edas. La medida afecta a las provincias de Guayas, El Oro, Los R\u00edos y Santo Domingo de los Ts\u00e1chilas. El toque de queda est\u00e1 vigente de 23:00 a 05:00 cada noche. El presidente Daniel Noboa supervisa personalmente estas operaciones contra el crimen organizado. M\u00e9xico: Claudia Sheinbaum respalda el llamado de L\u00f3pez Obrador a favor de Cuba La presidenta de M\u00e9xico, Claudia Sheinbaum, expres\u00f3 su apoyo al llamado del expresidente Andr\u00e9s Manuel L\u00f3pez Obrador para respaldar al pueblo cubano frente al bloqueo estadounidense. Durante un acto p\u00fablico afirm\u00f3 que M\u00e9xico continuar\u00e1 ofreciendo ayuda humanitaria a Cuba. El presidente cubano Miguel D\u00edaz-Canel agradeci\u00f3 el apoyo mexicano. Sheinbaum insisti\u00f3 en la solidaridad con la poblaci\u00f3n cubana. Estados Unidos Nebraska: incendios gigantes destruyen 600.000 acres y se declara estado de emergencia Tres grandes incendios forestales han devastado cerca de 600.000 acres en el estado de Nebraska. El gobernador Jim Pillen declar\u00f3 el estado de emergencia y moviliz\u00f3 la Guardia Nacional para apoyar a los bomberos. El Morrill Fire ya es considerado el mayor incendio en la historia del estado. Las llamas siguen fuera de control y han causado al menos una v\u00edctima mortal. Washington: proyecto de centro subterr\u00e1neo de control para visitantes de la Casa Blanca La administraci\u00f3n estadounidense propuso construir un centro subterr\u00e1neo de 33.000 pies cuadrados para el control de seguridad de los visitantes de la Casa Blanca. El proyecto ser\u00e1 evaluado por la National Capital Planning Commission el 2 de abril. Los visitantes pasar\u00edan por varios controles de identidad antes de acceder al edificio. La construcci\u00f3n podr\u00eda comenzar en oto\u00f1o y terminar en 2028. Estados Unidos: la guerra en Ir\u00e1n complica las decisiones de la Reserva Federal La guerra en Ir\u00e1n est\u00e1 complicando las previsiones econ\u00f3micas de Estados Unidos antes de la reuni\u00f3n de la Reserva Federal del 18 de marzo. El aumento del precio del petr\u00f3leo impulsa la inflaci\u00f3n y podr\u00eda retrasar la reducci\u00f3n de las tasas de inter\u00e9s. Algunos analistas prev\u00e9n incluso que las tasas se mantengan altas durante 2026. La futura llegada de Kevin Warsh a la presidencia de la Fed se produce en este contexto incierto. Canad\u00e1 Noruega: Mark Carney invitado de honor en la cumbre de pa\u00edses n\u00f3rdicos El primer ministro canadiense Mark Carney particip\u00f3 como invitado de honor en una cumbre de pa\u00edses n\u00f3rdicos celebrada en Noruega. Los l\u00edderes discutieron la guerra en Medio Oriente y las tensiones estrat\u00e9gicas en el \u00c1rtico. Tras el encuentro, Carney viajar\u00e1 a Londres para reunirse con el primer ministro brit\u00e1nico Keir Starmer. La visita forma parte de una gira diplom\u00e1tica europea. Europa Espa\u00f1a: los socialistas de S\u00e1nchez resisten en las elecciones regionales El Partido Socialista liderado por Pedro S\u00e1nchez logr\u00f3 un segundo lugar m\u00e1s s\u00f3lido de lo previsto en las elecciones regionales de Castilla y Le\u00f3n. El partido obtuvo 30 esca\u00f1os, dos m\u00e1s que en la legislatura anterior. El Partido Popular sigue siendo la principal fuerza pol\u00edtica con 33 esca\u00f1os. Los socialistas consideran el resultado un impulso de cara a futuros comicios nacionales. Hungr\u00eda: P\u00e9ter Magyar acusa a Viktor Orb\u00e1n de injerencia rusa El l\u00edder opositor P\u00e9ter Magyar acus\u00f3 al primer ministro Viktor Orb\u00e1n de permitir la intervenci\u00f3n de agentes rusos en las elecciones legislativas previstas para el 12 de abril. Su partido Tisza aparece en cabeza en varios sondeos frente al Fidesz. La oposici\u00f3n denuncia corrupci\u00f3n y crisis del costo de vida. Magyar propone limitar a dos mandatos el cargo de primer ministro. Alemania: muere el fil\u00f3sofo J\u00fcrgen Habermas a los 96 a\u00f1os El fil\u00f3sofo alem\u00e1n J\u00fcrgen Habermas falleci\u00f3 a los 96 a\u00f1os. Fue una de las figuras m\u00e1s influyentes de la teor\u00eda cr\u00edtica y de la Escuela de Frankfurt. Su obra La teor\u00eda de la acci\u00f3n comunicativa marc\u00f3 profundamente el pensamiento pol\u00edtico contempor\u00e1neo. Habermas defendi\u00f3 una Europa unida y particip\u00f3 activamente en debates sobre democracia y memoria hist\u00f3rica. Alemania y Grecia descartan implicaci\u00f3n militar en el estrecho de Ormuz Alemania y Grecia anunciaron que no participar\u00e1n en operaciones militares en el estrecho de Ormuz pese a las tensiones con Ir\u00e1n. Berl\u00edn afirm\u00f3 que el conflicto no implica a la OTAN. Atenas tambi\u00e9n reiter\u00f3 su postura de evitar cualquier participaci\u00f3n militar. Ambos pa\u00edses prefieren impulsar una soluci\u00f3n diplom\u00e1tica. Medio Oriente Israel lanza operaciones terrestres limitadas en el sur del L\u00edbano El ej\u00e9rcito israel\u00ed anunci\u00f3 operaciones terrestres limitadas contra posiciones de Hezbollah en el sur del L\u00edbano. Los combates se concentran alrededor de la ciudad estrat\u00e9gica de Khiam y otras localidades cercanas. Israel afirma que busca destruir infraestructuras del grupo armado. El conflicto ha provocado el desplazamiento de cientos de miles de civiles. Asia-Pac\u00edfico Corea del Norte prueba un sistema de lanzacohetes de 600 mm Corea del Norte realiz\u00f3 una prueba de un sistema avanzado de lanzacohetes m\u00faltiples de 600 mm bajo supervisi\u00f3n de Kim Jong-un. Seg\u00fan Pyongyang, los proyectiles alcanzaron un objetivo a 364<\/p>\n","protected":false},"author":9,"featured_media":29392,"comment_status":"closed","ping_status":"closed","sticky":false,"template":"","format":"standard","meta":{"give_campaign_id":0,"_crdt_document":"","jetpack_post_was_ever_published":false,"_jetpack_newsletter_access":"","_jetpack_dont_email_post_to_subs":false,"_jetpack_newsletter_tier_id":0,"_jetpack_memberships_contains_paywalled_content":false,"_jetpack_memberships_contains_paid_content":false,"jnews-multi-image_gallery":[],"jnews_single_post":{"format":"standard","override":[{"template":"4","parallax":"1","layout":"right-sidebar","sidebar":"default-sidebar","second_sidebar":"default-sidebar","sticky_sidebar":"1","share_position":"topbottom","share_float_style":"share-monocrhome","show_featured":"1","show_post_meta":"1","show_post_author":"1","show_post_author_image":"1","show_post_date":"1","post_date_format":"default","post_date_format_custom":"Y\/m\/d","show_post_category":"1","show_post_reading_time":"1","post_reading_time_wpm":"300","post_calculate_word_method":"str_word_count","show_zoom_button":"0","zoom_button_out_step":"2","zoom_button_in_step":"3","show_post_tag":"1","show_comment_section":"1","number_popup_post":"1","show_inline_post_related":"1"}],"image_override":[{"single_post_thumbnail_size":"crop-500","single_post_gallery_size":"crop-500"}],"trending_post_position":"meta","trending_post_label":"Trending","sponsored_post_label":"Sponsored by","disable_ad":"0","subtitle":"Elecciones anunciadas en Bahamas, despliegue masivo de fuerzas de seguridad en Ecuador, incendios hist\u00f3ricos en Nebraska y una escalada militar en Medio Oriente marcan la actualidad mundial."},"jnews_primary_category":[],"jnews_social_meta":[],"jnews_post_split":{"post_split":[{"template":"1","tag":"h2","numbering":"asc","mode":"normal","first":"0","enable_toc":"0","toc_type":"normal"}]},"footnotes":"","jetpack_publicize_message":"","jetpack_publicize_feature_enabled":true,"jetpack_social_post_already_shared":true,"jetpack_social_options":{"image_generator_settings":{"template":"highway","default_image_id":0,"font":"","enabled":false},"version":2}},"categories":[3265],"tags":[4891],"class_list":["post-31055","post","type-post","status-publish","format-standard","has-post-thumbnail","hentry","category-internacional","tag-noticias-internacionales-geopolitica-caribe-america-latina-estados-unidos-europa-africa-medio-oriente-asia-pacifico"],"aioseo_notices":[],"jetpack_publicize_connections":[],"jetpack_featured_media_url":"https:\/\/i0.wp.com\/lequotidien509.com\/wp-content\/uploads\/2026\/03\/Culturelle-49.webp?fit=1920%2C1080&ssl=1","jetpack_sharing_enabled":true,"_links":{"self":[{"href":"https:\/\/lequotidien509.com\/es\/wp-json\/wp\/v2\/posts\/31055","targetHints":{"allow":["GET"]}}],"collection":[{"href":"https:\/\/lequotidien509.com\/es\/wp-json\/wp\/v2\/posts"}],"about":[{"href":"https:\/\/lequotidien509.com\/es\/wp-json\/wp\/v2\/types\/post"}],"author":[{"embeddable":true,"href":"https:\/\/lequotidien509.com\/es\/wp-json\/wp\/v2\/users\/9"}],"replies":[{"embeddable":true,"href":"https:\/\/lequotidien509.com\/es\/wp-json\/wp\/v2\/comments?post=31055"}],"version-history":[{"count":1,"href":"https:\/\/lequotidien509.com\/es\/wp-json\/wp\/v2\/posts\/31055\/revisions"}],"predecessor-version":[{"id":31056,"href":"https:\/\/lequotidien509.com\/es\/wp-json\/wp\/v2\/posts\/31055\/revisions\/31056"}],"wp:featuredmedia":[{"embeddable":true,"href":"https:\/\/lequotidien509.com\/es\/wp-json\/wp\/v2\/media\/29392"}],"wp:attachment":[{"href":"https:\/\/lequotidien509.com\/es\/wp-json\/wp\/v2\/media?parent=31055"}],"wp:term":[{"taxonomy":"category","embeddable":true,"href":"https:\/\/lequotidien509.com\/es\/wp-json\/wp\/v2\/categories?post=31055"},{"taxonomy":"post_tag","embeddable":true,"href":"https:\/\/lequotidien509.com\/es\/wp-json\/wp\/v2\/tags?post=31055"}],"curies":[{"name":"wp","href":"https:\/\/api.w.org\/{rel}","templated":true}]}}