{"id":30982,"date":"2026-03-14T10:01:10","date_gmt":"2026-03-14T14:01:10","guid":{"rendered":"https:\/\/lequotidien509.com\/?p=30982"},"modified":"2026-03-14T10:01:58","modified_gmt":"2026-03-14T14:01:58","slug":"republica-dominicana-tension-entre-motoconchistas-en-pedernales-arresto-de-migrantes-haitianos-y-rd-sera-sede-de-la-cepal","status":"publish","type":"post","link":"https:\/\/lequotidien509.com\/es\/republica-dominicana-tension-entre-motoconchistas-en-pedernales-arresto-de-migrantes-haitianos-y-rd-sera-sede-de-la-cepal\/","title":{"rendered":"Rep\u00fablica Dominicana: tensi\u00f3n entre motoconchistas en Pedernales, arresto de migrantes haitianos y RD ser\u00e1 sede de la CEPAL"},"content":{"rendered":"<h4 data-section-id=\"j9llos\" data-start=\"1134\" data-end=\"1204\">Conflicto entre motoconchistas dominicanos y haitianos en Pedernales<\/h4>\n<p data-start=\"1206\" data-end=\"1419\">Un enfrentamiento entre motoconchistas dominicanos y haitianos se registr\u00f3 este viernes en la ciudad fronteriza de <span class=\"hover:entity-accent entity-underline inline cursor-pointer align-baseline\"><span class=\"whitespace-normal\">Pedernales<\/span><\/span>, en el suroeste de la <span class=\"hover:entity-accent entity-underline inline cursor-pointer align-baseline\"><span class=\"whitespace-normal\">Rep\u00fablica Dominicana<\/span><\/span>.<\/p>\n<p data-start=\"1421\" data-end=\"1742\">Los conductores dominicanos del mercado fronterizo acusaron a sus pares haitianos de ejercer de manera ilegal el transporte de pasajeros dentro de la ciudad. Durante el incidente, algunos motoconchistas dominicanos incautaron y destruyeron chalecos, camisetas y otros distintivos utilizados por los conductores haitianos.<\/p>\n<p data-start=\"1744\" data-end=\"1896\">La situaci\u00f3n oblig\u00f3 a la intervenci\u00f3n del <span class=\"hover:entity-accent entity-underline inline cursor-pointer align-baseline\"><span class=\"whitespace-normal\">Cuerpo Especializado de Seguridad Fronteriza Terrestre<\/span><\/span>, de la <span class=\"hover:entity-accent entity-underline inline cursor-pointer align-baseline\"><span class=\"whitespace-normal\">Direcci\u00f3n General de Seguridad de Tr\u00e1nsito y Transporte Terrestre<\/span><\/span> y de la Polic\u00eda preventiva.<\/p>\n<p data-start=\"1898\" data-end=\"2085\">Las autoridades convocaron una reuni\u00f3n de emergencia con el objetivo de reducir las tensiones y promover un di\u00e1logo entre las asociaciones de motoconchistas de ambos lados de la frontera.<\/p>\n<p data-start=\"2087\" data-end=\"2354\">Los conductores dominicanos afirman que est\u00e1n siendo desplazados por los haitianos en una actividad que consideran parte de su principal fuente de ingresos. <a href=\"https:\/\/lequotidien509.com\/es\/30-anos-prision-asesinato-puerto-plata-homicidio-haitiano-pedro-brand\/\">Tambi\u00e9n se\u00f1alaron que los dominicanos no pueden ejercer este trabajo en <span class=\"hover:entity-accent entity-underline inline cursor-pointer align-baseline\"><span class=\"whitespace-normal\">Hait\u00ed<\/span><\/span>.<\/a><\/p>\n<h4 data-section-id=\"3c1yd0\" data-start=\"2361\" data-end=\"2421\">Migraci\u00f3n irregular: cinco haitianos detenidos en San Juan<\/h4>\n<p data-start=\"2423\" data-end=\"2606\">En otro hecho, el 13 de marzo de 2026 militares del Batall\u00f3n del Ej\u00e9rcito dominicano Pedro Florentino interceptaron un cami\u00f3n en la provincia de <span class=\"hover:entity-accent entity-underline inline cursor-pointer align-baseline\"><span class=\"whitespace-normal\">San Juan<\/span><\/span>.<\/p>\n<p data-start=\"2608\" data-end=\"2781\">El veh\u00edculo, un cami\u00f3n Freightliner, transportaba a cinco ciudadanos haitianos en situaci\u00f3n migratoria irregular que intentaban desplazarse dentro del territorio dominicano.<\/p>\n<p data-start=\"2783\" data-end=\"2934\">Seg\u00fan las autoridades, cuatro hombres viajaban acostados sobre el techo del furg\u00f3n, mientras que una mujer estaba escondida en la cabina del conductor.<\/p>\n<p data-start=\"2936\" data-end=\"3167\">El chofer, identificado como <span class=\"hover:entity-accent entity-underline inline cursor-pointer align-baseline\"><span class=\"whitespace-normal\">William Ney Matos Novas<\/span><\/span>, fue detenido y trasladado junto con los migrantes a la fortaleza militar de <span class=\"hover:entity-accent entity-underline inline cursor-pointer align-baseline\"><span class=\"whitespace-normal\">Las Matas de Farf\u00e1n<\/span><\/span> para los procedimientos legales correspondientes.<\/p>\n<p data-start=\"3169\" data-end=\"3323\">De acuerdo con la <span class=\"hover:entity-accent entity-underline inline cursor-pointer align-baseline\"><span class=\"whitespace-normal\">Direcci\u00f3n General de Migraci\u00f3n<\/span><\/span>, entre enero y febrero de 2026 la Rep\u00fablica Dominicana ha deportado a 67,940 ciudadanos haitianos.<\/p>\n<p data-start=\"3325\" data-end=\"3584\">El gobierno sostiene que contin\u00faa reforzando los controles migratorios, al tiempo que asegura respetar los derechos humanos. Entre las medidas implementadas se incluye la construcci\u00f3n de un muro fronterizo para limitar el tr\u00e1fico de migrantes, armas y drogas.<\/p>\n<h4 data-section-id=\"151gjnn\" data-start=\"3591\" data-end=\"3648\"><a href=\"https:\/\/www.diariolibre.com\/economia\/finanzas\/2026\/03\/11\/rd-sera-sede-del-41-periodo-de-sesiones-de-la-cepal\/3465643\">Rep\u00fablica Dominicana ser\u00e1 sede de la sesi\u00f3n de la CEPAL<\/a><\/h4>\n<p data-start=\"3650\" data-end=\"3864\">En el \u00e1mbito econ\u00f3mico y diplom\u00e1tico, la Rep\u00fablica Dominicana acoger\u00e1 la 41\u00aa sesi\u00f3n de la <span class=\"hover:entity-accent entity-underline inline cursor-pointer align-baseline\"><span class=\"whitespace-normal\">Comisi\u00f3n Econ\u00f3mica para Am\u00e9rica Latina y el Caribe<\/span><\/span>, el encuentro bienal m\u00e1s importante de este organismo regional de las Naciones Unidas.<\/p>\n<p data-start=\"3866\" data-end=\"3975\">El evento se celebrar\u00e1 del 7 al 9 de octubre de 2026 en la ciudad de <span class=\"hover:entity-accent entity-underline inline cursor-pointer align-baseline\"><span class=\"whitespace-normal\">Santiago de los Caballeros<\/span><\/span>.<\/p>\n<p data-start=\"3977\" data-end=\"4289\">El acuerdo para organizar la reuni\u00f3n fue firmado por el ministro de Relaciones Exteriores dominicano, <span class=\"hover:entity-accent entity-underline inline cursor-pointer align-baseline\"><span class=\"whitespace-normal\">Roberto \u00c1lvarez<\/span><\/span>, y por <span class=\"hover:entity-accent entity-underline inline cursor-pointer align-baseline\"><span class=\"whitespace-normal\">Luis Fidel Y\u00e1\u00f1ez<\/span><\/span>, secretario de la comisi\u00f3n y representante del secretario ejecutivo del organismo, <span class=\"hover:entity-accent entity-underline inline cursor-pointer align-baseline\"><span class=\"whitespace-normal\">Jos\u00e9 Manuel Salazar-Xirinachs<\/span><\/span>.<\/p>\n<p data-start=\"4291\" data-end=\"4496\">La sesi\u00f3n reunir\u00e1 a representantes de gobiernos, organismos internacionales y especialistas para debatir sobre desarrollo econ\u00f3mico, pol\u00edticas p\u00fablicas e integraci\u00f3n regional en Am\u00e9rica Latina y el Caribe.<\/p>\n<p>Soraya Ades.<\/p>\n","protected":false},"excerpt":{"rendered":"<p>Conflicto entre motoconchistas dominicanos y haitianos en Pedernales Un enfrentamiento entre motoconchistas dominicanos y haitianos se registr\u00f3 este viernes en la ciudad fronteriza de Pedernales, en el suroeste de la Rep\u00fablica Dominicana. Los conductores dominicanos del mercado fronterizo acusaron a sus pares haitianos de ejercer de manera ilegal el transporte de pasajeros dentro de la ciudad. Durante el incidente, algunos motoconchistas dominicanos incautaron y destruyeron chalecos, camisetas y otros distintivos utilizados por los conductores haitianos. La situaci\u00f3n oblig\u00f3 a la intervenci\u00f3n del Cuerpo Especializado de Seguridad Fronteriza Terrestre, de la Direcci\u00f3n General de Seguridad de Tr\u00e1nsito y Transporte Terrestre y de la Polic\u00eda preventiva. Las autoridades convocaron una reuni\u00f3n de emergencia con el objetivo de reducir las tensiones y promover un di\u00e1logo entre las asociaciones de motoconchistas de ambos lados de la frontera. Los conductores dominicanos afirman que est\u00e1n siendo desplazados por los haitianos en una actividad que consideran parte de su principal fuente de ingresos. Tambi\u00e9n se\u00f1alaron que los dominicanos no pueden ejercer este trabajo en Hait\u00ed. Migraci\u00f3n irregular: cinco haitianos detenidos en San Juan En otro hecho, el 13 de marzo de 2026 militares del Batall\u00f3n del Ej\u00e9rcito dominicano Pedro Florentino interceptaron un cami\u00f3n en la provincia de San Juan. El veh\u00edculo, un cami\u00f3n Freightliner, transportaba a cinco ciudadanos haitianos en situaci\u00f3n migratoria irregular que intentaban desplazarse dentro del territorio dominicano. Seg\u00fan las autoridades, cuatro hombres viajaban acostados sobre el techo del furg\u00f3n, mientras que una mujer estaba escondida en la cabina del conductor. El chofer, identificado como William Ney Matos Novas, fue detenido y trasladado junto con los migrantes a la fortaleza militar de Las Matas de Farf\u00e1n para los procedimientos legales correspondientes. De acuerdo con la Direcci\u00f3n General de Migraci\u00f3n, entre enero y febrero de 2026 la Rep\u00fablica Dominicana ha deportado a 67,940 ciudadanos haitianos. El gobierno sostiene que contin\u00faa reforzando los controles migratorios, al tiempo que asegura respetar los derechos humanos. Entre las medidas implementadas se incluye la construcci\u00f3n de un muro fronterizo para limitar el tr\u00e1fico de migrantes, armas y drogas. Rep\u00fablica Dominicana ser\u00e1 sede de la sesi\u00f3n de la CEPAL En el \u00e1mbito econ\u00f3mico y diplom\u00e1tico, la Rep\u00fablica Dominicana acoger\u00e1 la 41\u00aa sesi\u00f3n de la Comisi\u00f3n Econ\u00f3mica para Am\u00e9rica Latina y el Caribe, el encuentro bienal m\u00e1s importante de este organismo regional de las Naciones Unidas. El evento se celebrar\u00e1 del 7 al 9 de octubre de 2026 en la ciudad de Santiago de los Caballeros. El acuerdo para organizar la reuni\u00f3n fue firmado por el ministro de Relaciones Exteriores dominicano, Roberto \u00c1lvarez, y por Luis Fidel Y\u00e1\u00f1ez, secretario de la comisi\u00f3n y representante del secretario ejecutivo del organismo, Jos\u00e9 Manuel Salazar-Xirinachs. La sesi\u00f3n reunir\u00e1 a representantes de gobiernos, organismos internacionales y especialistas para debatir sobre desarrollo econ\u00f3mico, pol\u00edticas p\u00fablicas e integraci\u00f3n regional en Am\u00e9rica Latina y el Caribe. Soraya Ades.<\/p>\n","protected":false},"author":9,"featured_media":30983,"comment_status":"closed","ping_status":"closed","sticky":false,"template":"","format":"standard","meta":{"give_campaign_id":0,"_crdt_document":"","jetpack_post_was_ever_published":false,"_jetpack_newsletter_access":"","_jetpack_dont_email_post_to_subs":false,"_jetpack_newsletter_tier_id":0,"_jetpack_memberships_contains_paywalled_content":false,"_jetpack_memberships_contains_paid_content":false,"jnews-multi-image_gallery":[],"jnews_single_post":{"format":"standard","override":[{"template":"4","parallax":"1","layout":"right-sidebar","sidebar":"default-sidebar","second_sidebar":"default-sidebar","sticky_sidebar":"1","share_position":"topbottom","share_float_style":"share-monocrhome","show_featured":"1","show_post_meta":"1","show_post_author":"1","show_post_author_image":"1","show_post_date":"1","post_date_format":"default","post_date_format_custom":"Y\/m\/d","show_post_category":"1","show_post_reading_time":"1","post_reading_time_wpm":"300","post_calculate_word_method":"str_word_count","show_zoom_button":"0","zoom_button_out_step":"2","zoom_button_in_step":"3","show_post_tag":"1","show_comment_section":"1","number_popup_post":"1","show_inline_post_related":"1"}],"image_override":[{"single_post_thumbnail_size":"crop-500","single_post_gallery_size":"crop-500"}],"trending_post_position":"meta","trending_post_label":"Trending","sponsored_post_label":"Sponsored by","disable_ad":"0","subtitle":"Un conflicto entre motoconchistas dominicanos y haitianos se registr\u00f3 en Pedernales, mientras cinco migrantes haitianos fueron detenidos en San Juan y el pa\u00eds se prepara para acoger la pr\u00f3xima sesi\u00f3n de la CEPAL."},"jnews_primary_category":[],"jnews_social_meta":[],"jnews_post_split":{"post_split":[{"template":"1","tag":"h2","numbering":"asc","mode":"normal","first":"0","enable_toc":"0","toc_type":"normal"}]},"footnotes":"","jetpack_publicize_message":"","jetpack_publicize_feature_enabled":true,"jetpack_social_post_already_shared":true,"jetpack_social_options":{"image_generator_settings":{"template":"highway","default_image_id":0,"font":"","enabled":false},"version":2}},"categories":[3267],"tags":[4865],"class_list":["post-30982","post","type-post","status-publish","format-standard","has-post-thumbnail","hentry","category-republica-dominicana","tag-republica-dominicana-pedernales-migracion-frontera-dominico-haitiana-cepal-transporte-informal"],"aioseo_notices":[],"jetpack_publicize_connections":[],"jetpack_featured_media_url":"https:\/\/i0.wp.com\/lequotidien509.com\/wp-content\/uploads\/2026\/03\/Untitled-design-3-2.jpg?fit=1366%2C768&ssl=1","jetpack_sharing_enabled":true,"_links":{"self":[{"href":"https:\/\/lequotidien509.com\/es\/wp-json\/wp\/v2\/posts\/30982","targetHints":{"allow":["GET"]}}],"collection":[{"href":"https:\/\/lequotidien509.com\/es\/wp-json\/wp\/v2\/posts"}],"about":[{"href":"https:\/\/lequotidien509.com\/es\/wp-json\/wp\/v2\/types\/post"}],"author":[{"embeddable":true,"href":"https:\/\/lequotidien509.com\/es\/wp-json\/wp\/v2\/users\/9"}],"replies":[{"embeddable":true,"href":"https:\/\/lequotidien509.com\/es\/wp-json\/wp\/v2\/comments?post=30982"}],"version-history":[{"count":2,"href":"https:\/\/lequotidien509.com\/es\/wp-json\/wp\/v2\/posts\/30982\/revisions"}],"predecessor-version":[{"id":30987,"href":"https:\/\/lequotidien509.com\/es\/wp-json\/wp\/v2\/posts\/30982\/revisions\/30987"}],"wp:featuredmedia":[{"embeddable":true,"href":"https:\/\/lequotidien509.com\/es\/wp-json\/wp\/v2\/media\/30983"}],"wp:attachment":[{"href":"https:\/\/lequotidien509.com\/es\/wp-json\/wp\/v2\/media?parent=30982"}],"wp:term":[{"taxonomy":"category","embeddable":true,"href":"https:\/\/lequotidien509.com\/es\/wp-json\/wp\/v2\/categories?post=30982"},{"taxonomy":"post_tag","embeddable":true,"href":"https:\/\/lequotidien509.com\/es\/wp-json\/wp\/v2\/tags?post=30982"}],"curies":[{"name":"wp","href":"https:\/\/api.w.org\/{rel}","templated":true}]}}