{"id":30891,"date":"2026-03-12T10:15:43","date_gmt":"2026-03-12T14:15:43","guid":{"rendered":"https:\/\/lequotidien509.com\/?p=30891"},"modified":"2026-03-12T10:15:43","modified_gmt":"2026-03-12T14:15:43","slug":"30-anos-prision-asesinato-puerto-plata-homicidio-haitiano-pedro-brand","status":"publish","type":"post","link":"https:\/\/lequotidien509.com\/es\/30-anos-prision-asesinato-puerto-plata-homicidio-haitiano-pedro-brand\/","title":{"rendered":"Rep\u00fablica Dominicana: 30 a\u00f1os de prisi\u00f3n por un asesinato en Puerto Plata y homicidio de un haitiano en Pedro Brand"},"content":{"rendered":"<h4 data-section-id=\"1m5az2f\" data-start=\"1115\" data-end=\"1195\">Justicia: 30 a\u00f1os de prisi\u00f3n por el asesinato de un agricultor en Puerto Plata<\/h4>\n<p data-start=\"1197\" data-end=\"1484\">El 11 de marzo de 2026, un tribunal del distrito judicial de <span class=\"hover:entity-accent entity-underline inline cursor-pointer align-baseline\"><span class=\"whitespace-normal\">Puerto Plata<\/span><\/span> conden\u00f3 a 30 a\u00f1os de prisi\u00f3n al ciudadano haitiano <span class=\"hover:entity-accent entity-underline inline cursor-pointer align-baseline\"><span class=\"whitespace-normal\">Wilny Jacques<\/span><\/span>, declarado culpable del asesinato del agricultor <span class=\"hover:entity-accent entity-underline inline cursor-pointer align-baseline\"><span class=\"whitespace-normal\">Domingo Acosta<\/span><\/span>, de 89 a\u00f1os.<\/p>\n<p data-start=\"1486\" data-end=\"1647\">Los hechos ocurrieron en mayo de 2025 en la comunidad de <span class=\"hover:entity-accent entity-underline inline cursor-pointer align-baseline\"><span class=\"whitespace-normal\">Estero Hondo<\/span><\/span>, ubicada en el municipio de <span class=\"hover:entity-accent entity-underline inline cursor-pointer align-baseline\"><span class=\"whitespace-normal\">Villa Isabela<\/span><\/span>.<\/p>\n<p data-start=\"1649\" data-end=\"1825\"><a href=\"https:\/\/lequotidien509.com\/es\/gira-gubernamental-frontera-norte-caso-stephora-joseph\/\">De acuerdo con el Ministerio P\u00fablico, el acusado habr\u00eda ingresado en la vivienda de la v\u00edctima con la intenci\u00f3n de cometer un robo y posteriormente la atac\u00f3 con un arma blanca.<\/a><\/p>\n<p data-start=\"1827\" data-end=\"2028\">Durante el juicio, los fiscales presentaron diversas pruebas, entre ellas grabaciones de c\u00e1maras de seguridad, testimonios, el informe de autopsia y varios objetos recuperados durante la investigaci\u00f3n. El tribunal consider\u00f3 probados los cargos de robo agravado, asesinato y violaci\u00f3n de la ley de armas.<\/p>\n<p data-start=\"2133\" data-end=\"2207\">El condenado cumplir\u00e1 su pena en el <span class=\"hover:entity-accent entity-underline inline cursor-pointer align-baseline\"><span class=\"whitespace-normal\">Centro de Correcci\u00f3n y Rehabilitaci\u00f3n San Felipe<\/span><\/span>.<\/p>\n<h4 data-section-id=\"lazonl\" data-start=\"2214\" data-end=\"2305\"><a href=\"https:\/\/elnacional.com.do\/haitiano-es-ultimado-en-una-finca-de-pedro-brand\/\">Investigaci\u00f3n: un ciudadano haitiano muere tras presunto robo en una finca de Pedro Brand<\/a><\/h4>\n<p data-start=\"2307\" data-end=\"2547\">En otro hecho, un ciudadano haitiano fue encontrado muerto el 11 de marzo de 2026 en <span class=\"hover:entity-accent entity-underline inline cursor-pointer align-baseline\"><span class=\"whitespace-normal\">Pedro Brand<\/span><\/span>, espec\u00edficamente en la secci\u00f3n Polonia, despu\u00e9s de haber sido sorprendido presuntamente robando bananas en una finca.<\/p>\n<p data-start=\"2549\" data-end=\"2732\">Seg\u00fan inform\u00f3 la <span class=\"hover:entity-accent entity-underline inline cursor-pointer align-baseline\"><span class=\"whitespace-normal\">Polic\u00eda Nacional Dominicana<\/span><\/span>, la v\u00edctima, que no ha podido ser identificada por falta de documentos, presentaba varias heridas provocadas por un arma blanca.<\/p>\n<p data-start=\"2734\" data-end=\"2918\">El cuerpo fue descubierto alrededor de las 7:30 de la ma\u00f1ana por residentes de la zona, quienes alertaron al propietario de la finca, <span class=\"hover:entity-accent entity-underline inline cursor-pointer align-baseline\"><span class=\"whitespace-normal\">Andr\u00e9s Valerio de los Santos<\/span><\/span>, de 76 a\u00f1os.<\/p>\n<p data-start=\"2920\" data-end=\"3098\">Agentes del Departamento de Investigaciones Criminales (DICRIM) y de la Polic\u00eda Cient\u00edfica acudieron al lugar para realizar el levantamiento correspondiente y asegurar la escena.<\/p>\n<p data-start=\"3100\" data-end=\"3215\">Posteriormente, el cuerpo fue trasladado al <span class=\"hover:entity-accent entity-underline inline cursor-pointer align-baseline\"><span class=\"whitespace-normal\">Instituto Nacional de Patolog\u00eda Forense<\/span><\/span> para los ex\u00e1menes m\u00e9dico-legales. Seg\u00fan las primeras informaciones de la investigaci\u00f3n, el homicidio habr\u00eda sido cometido por otros trabajadores haitianos presentes en la finca, quienes habr\u00edan sorprendido a la v\u00edctima en flagrante delito de robo.<\/p>\n<p data-start=\"3432\" data-end=\"3532\">La polic\u00eda contin\u00faa las investigaciones con el objetivo de identificar y detener a los responsables.<\/p>\n<p>Soraya Ades.<\/p>\n","protected":false},"excerpt":{"rendered":"<p>Justicia: 30 a\u00f1os de prisi\u00f3n por el asesinato de un agricultor en Puerto Plata El 11 de marzo de 2026, un tribunal del distrito judicial de Puerto Plata conden\u00f3 a 30 a\u00f1os de prisi\u00f3n al ciudadano haitiano Wilny Jacques, declarado culpable del asesinato del agricultor Domingo Acosta, de 89 a\u00f1os. Los hechos ocurrieron en mayo de 2025 en la comunidad de Estero Hondo, ubicada en el municipio de Villa Isabela. De acuerdo con el Ministerio P\u00fablico, el acusado habr\u00eda ingresado en la vivienda de la v\u00edctima con la intenci\u00f3n de cometer un robo y posteriormente la atac\u00f3 con un arma blanca. Durante el juicio, los fiscales presentaron diversas pruebas, entre ellas grabaciones de c\u00e1maras de seguridad, testimonios, el informe de autopsia y varios objetos recuperados durante la investigaci\u00f3n. El tribunal consider\u00f3 probados los cargos de robo agravado, asesinato y violaci\u00f3n de la ley de armas. El condenado cumplir\u00e1 su pena en el Centro de Correcci\u00f3n y Rehabilitaci\u00f3n San Felipe. Investigaci\u00f3n: un ciudadano haitiano muere tras presunto robo en una finca de Pedro Brand En otro hecho, un ciudadano haitiano fue encontrado muerto el 11 de marzo de 2026 en Pedro Brand, espec\u00edficamente en la secci\u00f3n Polonia, despu\u00e9s de haber sido sorprendido presuntamente robando bananas en una finca. Seg\u00fan inform\u00f3 la Polic\u00eda Nacional Dominicana, la v\u00edctima, que no ha podido ser identificada por falta de documentos, presentaba varias heridas provocadas por un arma blanca. El cuerpo fue descubierto alrededor de las 7:30 de la ma\u00f1ana por residentes de la zona, quienes alertaron al propietario de la finca, Andr\u00e9s Valerio de los Santos, de 76 a\u00f1os. Agentes del Departamento de Investigaciones Criminales (DICRIM) y de la Polic\u00eda Cient\u00edfica acudieron al lugar para realizar el levantamiento correspondiente y asegurar la escena. Posteriormente, el cuerpo fue trasladado al Instituto Nacional de Patolog\u00eda Forense para los ex\u00e1menes m\u00e9dico-legales. Seg\u00fan las primeras informaciones de la investigaci\u00f3n, el homicidio habr\u00eda sido cometido por otros trabajadores haitianos presentes en la finca, quienes habr\u00edan sorprendido a la v\u00edctima en flagrante delito de robo. La polic\u00eda contin\u00faa las investigaciones con el objetivo de identificar y detener a los responsables. Soraya Ades.<\/p>\n","protected":false},"author":9,"featured_media":30892,"comment_status":"closed","ping_status":"closed","sticky":false,"template":"","format":"standard","meta":{"give_campaign_id":0,"_crdt_document":"","jetpack_post_was_ever_published":false,"_jetpack_newsletter_access":"","_jetpack_dont_email_post_to_subs":false,"_jetpack_newsletter_tier_id":0,"_jetpack_memberships_contains_paywalled_content":false,"_jetpack_memberships_contains_paid_content":false,"jnews-multi-image_gallery":[],"jnews_single_post":{"format":"standard","override":[{"template":"4","parallax":"1","layout":"right-sidebar","sidebar":"default-sidebar","second_sidebar":"default-sidebar","sticky_sidebar":"1","share_position":"topbottom","share_float_style":"share-monocrhome","show_featured":"1","show_post_meta":"1","show_post_author":"1","show_post_author_image":"1","show_post_date":"1","post_date_format":"default","post_date_format_custom":"Y\/m\/d","show_post_category":"1","show_post_reading_time":"1","post_reading_time_wpm":"300","post_calculate_word_method":"str_word_count","show_zoom_button":"0","zoom_button_out_step":"2","zoom_button_in_step":"3","show_post_tag":"1","show_comment_section":"1","number_popup_post":"1","show_inline_post_related":"1"}],"image_override":[{"single_post_thumbnail_size":"crop-500","single_post_gallery_size":"crop-500"}],"trending_post_position":"meta","trending_post_label":"Trending","sponsored_post_label":"Sponsored by","disable_ad":"0","subtitle":"La justicia dominicana conden\u00f3 a un ciudadano haitiano a 30 a\u00f1os de prisi\u00f3n por el asesinato de un agricultor en Puerto Plata, mientras se investiga la muerte violenta de otro haitiano en Pedro Brand."},"jnews_primary_category":[],"jnews_social_meta":[],"jnews_post_split":{"post_split":[{"template":"1","tag":"h2","numbering":"asc","mode":"normal","first":"0","enable_toc":"0","toc_type":"normal"}]},"footnotes":"","jetpack_publicize_message":"","jetpack_publicize_feature_enabled":true,"jetpack_social_post_already_shared":true,"jetpack_social_options":{"image_generator_settings":{"template":"highway","default_image_id":0,"font":"","enabled":false},"version":2}},"categories":[3267],"tags":[4820],"class_list":["post-30891","post","type-post","status-publish","format-standard","has-post-thumbnail","hentry","category-republica-dominicana","tag-republica-dominicana-puerto-plata-pedro-brand-justicia-criminalidad-haiti"],"aioseo_notices":[],"jetpack_publicize_connections":[],"jetpack_featured_media_url":"https:\/\/i0.wp.com\/lequotidien509.com\/wp-content\/uploads\/2026\/03\/Untitled-design-1-3.webp?fit=1366%2C768&ssl=1","jetpack_sharing_enabled":true,"_links":{"self":[{"href":"https:\/\/lequotidien509.com\/es\/wp-json\/wp\/v2\/posts\/30891","targetHints":{"allow":["GET"]}}],"collection":[{"href":"https:\/\/lequotidien509.com\/es\/wp-json\/wp\/v2\/posts"}],"about":[{"href":"https:\/\/lequotidien509.com\/es\/wp-json\/wp\/v2\/types\/post"}],"author":[{"embeddable":true,"href":"https:\/\/lequotidien509.com\/es\/wp-json\/wp\/v2\/users\/9"}],"replies":[{"embeddable":true,"href":"https:\/\/lequotidien509.com\/es\/wp-json\/wp\/v2\/comments?post=30891"}],"version-history":[{"count":1,"href":"https:\/\/lequotidien509.com\/es\/wp-json\/wp\/v2\/posts\/30891\/revisions"}],"predecessor-version":[{"id":30893,"href":"https:\/\/lequotidien509.com\/es\/wp-json\/wp\/v2\/posts\/30891\/revisions\/30893"}],"wp:featuredmedia":[{"embeddable":true,"href":"https:\/\/lequotidien509.com\/es\/wp-json\/wp\/v2\/media\/30892"}],"wp:attachment":[{"href":"https:\/\/lequotidien509.com\/es\/wp-json\/wp\/v2\/media?parent=30891"}],"wp:term":[{"taxonomy":"category","embeddable":true,"href":"https:\/\/lequotidien509.com\/es\/wp-json\/wp\/v2\/categories?post=30891"},{"taxonomy":"post_tag","embeddable":true,"href":"https:\/\/lequotidien509.com\/es\/wp-json\/wp\/v2\/tags?post=30891"}],"curies":[{"name":"wp","href":"https:\/\/api.w.org\/{rel}","templated":true}]}}