{"id":30862,"date":"2026-03-11T16:50:11","date_gmt":"2026-03-11T20:50:11","guid":{"rendered":"https:\/\/lequotidien509.com\/?p=30862"},"modified":"2026-03-11T17:07:23","modified_gmt":"2026-03-11T21:07:23","slug":"kai-montreal-fatima-altieri-paris-carel-pedre-diaspora-haitiana","status":"publish","type":"post","link":"https:\/\/lequotidien509.com\/es\/kai-montreal-fatima-altieri-paris-carel-pedre-diaspora-haitiana\/","title":{"rendered":"KAI en Montreal, Fatima Altieri en Par\u00eds y Carel Pedre reaparece en redes sociales"},"content":{"rendered":"<h3 data-section-id=\"76apdr\" data-start=\"408\" data-end=\"417\">HAIT\u00cd<\/h3>\n<p data-start=\"419\" data-end=\"833\">La Quinzaine de la Francophonie 2026 fue inaugurada el 6 de marzo en Hait\u00ed por la ministra de Relaciones Exteriores <span class=\"hover:entity-accent entity-underline inline cursor-pointer align-baseline\"><span class=\"whitespace-normal\">Raina Forbin<\/span><\/span>. Bajo el tema del compromiso de los j\u00f3venes, el programa incluye durante dos semanas conferencias, proyecciones y encuentros culturales destinados a promover la lengua francesa y la diversidad cultural, con el apoyo de la <span class=\"hover:entity-accent entity-underline inline cursor-pointer align-baseline\"><span class=\"whitespace-normal\">Organisation internationale de la Francophonie<\/span><\/span>.<\/p>\n<p data-start=\"835\" data-end=\"1358\">La <span class=\"hover:entity-accent entity-underline inline cursor-pointer align-baseline\"><span class=\"whitespace-normal\">Biblioth\u00e8que nationale d\u2019Ha\u00efti<\/span><\/span> lanz\u00f3 tambi\u00e9n el 3 de marzo de 2026 la primera edici\u00f3n del Gran Concurso Nacional de Lectura durante una ceremonia celebrada en el hotel Karibe. El certamen est\u00e1 dedicado a la obra del escritor <span class=\"hover:entity-accent entity-underline inline cursor-pointer align-baseline\"><span class=\"whitespace-normal\">Ren\u00e9 Depestre<\/span><\/span> con motivo del centenario de su nacimiento. Bajo el lema \u00abHagamos de la lectura una fiesta nacional\u00bb, la iniciativa busca fomentar la lectura y valorizar el patrimonio literario haitiano. Los ganadores podr\u00e1n recibir premios de hasta 400 000 gourdes.<\/p>\n<p data-start=\"1360\" data-end=\"1834\">En el \u00e1mbito deportivo, los resultados de atletas haitianos en competiciones internacionales contin\u00faan generando orgullo y expectativas. Durante los <span class=\"hover:entity-accent entity-underline inline cursor-pointer align-baseline\"><span class=\"whitespace-normal\">Winter Olympics 2026<\/span><\/span>, los esquiadores <span class=\"hover:entity-accent entity-underline inline cursor-pointer align-baseline\"><span class=\"whitespace-normal\">Richardson Viano<\/span><\/span> y <span class=\"hover:entity-accent entity-underline inline cursor-pointer align-baseline\"><span class=\"whitespace-normal\">Stevenson Savart<\/span><\/span> representaron al pa\u00eds. Adem\u00e1s, la selecci\u00f3n nacional participar\u00e1 en junio de 2026 en la <span class=\"hover:entity-accent entity-underline inline cursor-pointer align-baseline\"><span class=\"whitespace-normal\">FIFA World Cup 2026<\/span><\/span>, lo que marcar\u00e1 su primera presencia en la competici\u00f3n desde 1974.<\/p>\n<p data-start=\"1836\" data-end=\"2175\">Tras su liberaci\u00f3n, el presentador haitiano <span class=\"hover:entity-accent entity-underline inline cursor-pointer align-baseline\"><span class=\"whitespace-normal\">Carel Pedre<\/span><\/span> reapareci\u00f3 en redes sociales, especialmente en Instagram. Im\u00e1genes compartidas por DJ K9 sugieren un posible regreso del programa \u00abDe tout et de rien\u00bb, suspendido desde su arresto, lo que podr\u00eda indicar una reanudaci\u00f3n gradual de sus actividades medi\u00e1ticas.<\/p>\n<p data-start=\"2177\" data-end=\"2513\">El rapero haitiano <span class=\"hover:entity-accent entity-underline inline cursor-pointer align-baseline\"><span class=\"whitespace-normal\">Woodterrib<\/span><\/span> present\u00f3 el 6 de marzo de 2026 el videoclip del tema \u00abChwal Nwa\u00bb, primer material visual de su \u00e1lbum hom\u00f3nimo. Publicado en su canal de YouTube, el video propone una puesta en escena sobria que acompa\u00f1a los temas de resistencia, perseverancia y esperanza presentes en la canci\u00f3n.<\/p>\n<h3>DI\u00c1SPORA<\/h3>\n<p data-start=\"2534\" data-end=\"2853\">La cantante haitiana <span class=\"hover:entity-accent entity-underline inline cursor-pointer align-baseline\"><span class=\"whitespace-normal\">Fatima Altieri<\/span><\/span> particip\u00f3 en la quinta edici\u00f3n de la Nuit Blanche organizada por Secret Paradise Events en Par\u00eds, donde interpret\u00f3 varios <a href=\"https:\/\/lequotidien509.com\/es\/niko-alan-cave-naika-musica-haitiana-2026\/\">de sus temas ante el p\u00fablico presente. La artista agradeci\u00f3 posteriormente a los organizadores y a los asistentes por el apoyo brindado.<\/a><\/p>\n<p data-start=\"2855\" data-end=\"3295\">En Montreal, la octava edici\u00f3n del Festival Th\u00e9\u00e2tre Communaut\u00e9 des Noirs (Feth\u00e9comnoirs) fue inaugurada el 28 de febrero de 2026 por la <span class=\"hover:entity-accent entity-underline inline cursor-pointer align-baseline\"><span class=\"whitespace-normal\">Compagnie Th\u00e9\u00e2tre Cr\u00e9ole<\/span><\/span>. Bajo el lema \u00abImplica\u0301te en tu comunidad\u00bb, el festival se desarrollar\u00e1 hasta el 26 de marzo e incluye obras teatrales, lecturas esc\u00e9nicas, talleres y encuentros art\u00edsticos, adem\u00e1s de una velada homenaje al artista haitiano <span class=\"hover:entity-accent entity-underline inline cursor-pointer align-baseline\"><span class=\"whitespace-normal\">Ansy Derose<\/span><\/span>.<\/p>\n<p data-start=\"3297\" data-end=\"3665\">Tambi\u00e9n en Canad\u00e1, el grupo <span class=\"hover:entity-accent entity-underline inline cursor-pointer align-baseline\"><span class=\"whitespace-normal\">KAI<\/span><\/span>, dirigido por <span class=\"hover:entity-accent entity-underline inline cursor-pointer align-baseline\"><span class=\"whitespace-normal\">Richard Cav\u00e9<\/span><\/span>, continuar\u00e1 la promoci\u00f3n de su nuevo \u00e1lbum <em data-start=\"3462\" data-end=\"3470\">I\u2019m OK<\/em> con un concierto previsto para el 5 de abril de 2026 en la sala MTELUS de Montreal. El espect\u00e1culo, titulado \u00abTHE SHOW | MTL\u00bb, contar\u00e1 adem\u00e1s con la participaci\u00f3n de los DJs Star-Q, Bullet y K9.<\/p>\n<p data-start=\"3667\" data-end=\"3967\">El Foro de la Di\u00e1spora Haitiana se celebrar\u00e1 del 17 al 19 de abril de 2026 en Montreal, en el Centre de Congr\u00e8s La Renaissance. El encuentro busca reunir a miembros de la di\u00e1spora, fomentar colaboraciones entre actores locales e internacionales y promover proyectos orientados al desarrollo de Hait\u00ed.<\/p>\n<p data-start=\"3969\" data-end=\"4317\"><a href=\"https:\/\/www.bkreader.com\/arts-entertainment\/haitis-jacmel-carnival-inspires-new-exhibition-11960211?utm\">En Brooklyn, la exposici\u00f3n \u00abJAKM\u00c8L |<\/a> The Unveiling of Kanaval\u00bb se presenta actualmente en <span class=\"hover:entity-accent entity-underline inline cursor-pointer align-baseline\"><span class=\"whitespace-normal\">Haiti Cultural Exchange<\/span><\/span>. Dedicada al carnaval de Jacmel, la muestra destaca el patrimonio art\u00edstico y cultural de esta tradici\u00f3n mediante obras visuales, instalaciones y archivos, y permanecer\u00e1 abierta al p\u00fablico hasta el 29 de marzo de 2026.<\/p>\n<p data-start=\"4319\" data-end=\"4758\">Por otra parte, la exestrella de la <span class=\"hover:entity-accent entity-underline inline cursor-pointer align-baseline\"><span class=\"whitespace-normal\">WNBA<\/span><\/span> <span class=\"hover:entity-accent entity-underline inline cursor-pointer align-baseline\"><span class=\"whitespace-normal\">Marie Ferdinand-Harris<\/span><\/span> ser\u00e1 homenajeada en un evento organizado en Fort Lauderdale por <span class=\"hover:entity-accent entity-underline inline cursor-pointer align-baseline\"><span class=\"whitespace-normal\">CL\u00c9 Haitian Sisterhood<\/span><\/span> con motivo del <span class=\"hover:entity-accent entity-underline inline cursor-pointer align-baseline\"><span class=\"whitespace-normal\">International Women&#8217;s Day<\/span><\/span>. La actividad incluir\u00e1 intervenciones p\u00fablicas, espacios de networking y una actuaci\u00f3n musical del artista Mac D, del grupo <span class=\"hover:entity-accent entity-underline inline cursor-pointer align-baseline\"><span class=\"whitespace-normal\">Harmonik<\/span><\/span>.<\/p>\n<h3 data-start=\"4319\" data-end=\"4758\">INTERNACIONAL<\/h3>\n<p data-start=\"4784\" data-end=\"5271\">La cantante estadounidense <span class=\"hover:entity-accent entity-underline inline cursor-pointer align-baseline\"><span class=\"whitespace-normal\">Britney Spears<\/span><\/span> fue detenida el 4 de marzo de 2024 en el condado de Ventura, en California, por conducir bajo los efectos del alcohol. Seg\u00fan informaron medios estadounidenses, fue interceptada por la California Highway Patrol, puesta bajo custodia y liberada pocas horas despu\u00e9s mediante un procedimiento conocido como \u00abcite and release\u00bb. De acuerdo con diversas fuentes, la artista habr\u00eda mostrado arrepentimiento durante el incidente.<\/p>\n","protected":false},"excerpt":{"rendered":"<p>HAIT\u00cd La Quinzaine de la Francophonie 2026 fue inaugurada el 6 de marzo en Hait\u00ed por la ministra de Relaciones Exteriores Raina Forbin. Bajo el tema del compromiso de los j\u00f3venes, el programa incluye durante dos semanas conferencias, proyecciones y encuentros culturales destinados a promover la lengua francesa y la diversidad cultural, con el apoyo de la Organisation internationale de la Francophonie. La Biblioth\u00e8que nationale d\u2019Ha\u00efti lanz\u00f3 tambi\u00e9n el 3 de marzo de 2026 la primera edici\u00f3n del Gran Concurso Nacional de Lectura durante una ceremonia celebrada en el hotel Karibe. El certamen est\u00e1 dedicado a la obra del escritor Ren\u00e9 Depestre con motivo del centenario de su nacimiento. Bajo el lema \u00abHagamos de la lectura una fiesta nacional\u00bb, la iniciativa busca fomentar la lectura y valorizar el patrimonio literario haitiano. Los ganadores podr\u00e1n recibir premios de hasta 400 000 gourdes. En el \u00e1mbito deportivo, los resultados de atletas haitianos en competiciones internacionales contin\u00faan generando orgullo y expectativas. Durante los Winter Olympics 2026, los esquiadores Richardson Viano y Stevenson Savart representaron al pa\u00eds. Adem\u00e1s, la selecci\u00f3n nacional participar\u00e1 en junio de 2026 en la FIFA World Cup 2026, lo que marcar\u00e1 su primera presencia en la competici\u00f3n desde 1974. Tras su liberaci\u00f3n, el presentador haitiano Carel Pedre reapareci\u00f3 en redes sociales, especialmente en Instagram. Im\u00e1genes compartidas por DJ K9 sugieren un posible regreso del programa \u00abDe tout et de rien\u00bb, suspendido desde su arresto, lo que podr\u00eda indicar una reanudaci\u00f3n gradual de sus actividades medi\u00e1ticas. El rapero haitiano Woodterrib present\u00f3 el 6 de marzo de 2026 el videoclip del tema \u00abChwal Nwa\u00bb, primer material visual de su \u00e1lbum hom\u00f3nimo. Publicado en su canal de YouTube, el video propone una puesta en escena sobria que acompa\u00f1a los temas de resistencia, perseverancia y esperanza presentes en la canci\u00f3n. DI\u00c1SPORA La cantante haitiana Fatima Altieri particip\u00f3 en la quinta edici\u00f3n de la Nuit Blanche organizada por Secret Paradise Events en Par\u00eds, donde interpret\u00f3 varios de sus temas ante el p\u00fablico presente. La artista agradeci\u00f3 posteriormente a los organizadores y a los asistentes por el apoyo brindado. En Montreal, la octava edici\u00f3n del Festival Th\u00e9\u00e2tre Communaut\u00e9 des Noirs (Feth\u00e9comnoirs) fue inaugurada el 28 de febrero de 2026 por la Compagnie Th\u00e9\u00e2tre Cr\u00e9ole. Bajo el lema \u00abImplica\u0301te en tu comunidad\u00bb, el festival se desarrollar\u00e1 hasta el 26 de marzo e incluye obras teatrales, lecturas esc\u00e9nicas, talleres y encuentros art\u00edsticos, adem\u00e1s de una velada homenaje al artista haitiano Ansy Derose. Tambi\u00e9n en Canad\u00e1, el grupo KAI, dirigido por Richard Cav\u00e9, continuar\u00e1 la promoci\u00f3n de su nuevo \u00e1lbum I\u2019m OK con un concierto previsto para el 5 de abril de 2026 en la sala MTELUS de Montreal. El espect\u00e1culo, titulado \u00abTHE SHOW | MTL\u00bb, contar\u00e1 adem\u00e1s con la participaci\u00f3n de los DJs Star-Q, Bullet y K9. El Foro de la Di\u00e1spora Haitiana se celebrar\u00e1 del 17 al 19 de abril de 2026 en Montreal, en el Centre de Congr\u00e8s La Renaissance. El encuentro busca reunir a miembros de la di\u00e1spora, fomentar colaboraciones entre actores locales e internacionales y promover proyectos orientados al desarrollo de Hait\u00ed. En Brooklyn, la exposici\u00f3n \u00abJAKM\u00c8L | The Unveiling of Kanaval\u00bb se presenta actualmente en Haiti Cultural Exchange. Dedicada al carnaval de Jacmel, la muestra destaca el patrimonio art\u00edstico y cultural de esta tradici\u00f3n mediante obras visuales, instalaciones y archivos, y permanecer\u00e1 abierta al p\u00fablico hasta el 29 de marzo de 2026. Por otra parte, la exestrella de la WNBA Marie Ferdinand-Harris ser\u00e1 homenajeada en un evento organizado en Fort Lauderdale por CL\u00c9 Haitian Sisterhood con motivo del International Women&#8217;s Day. La actividad incluir\u00e1 intervenciones p\u00fablicas, espacios de networking y una actuaci\u00f3n musical del artista Mac D, del grupo Harmonik. INTERNACIONAL La cantante estadounidense Britney Spears fue detenida el 4 de marzo de 2024 en el condado de Ventura, en California, por conducir bajo los efectos del alcohol. Seg\u00fan informaron medios estadounidenses, fue interceptada por la California Highway Patrol, puesta bajo custodia y liberada pocas horas despu\u00e9s mediante un procedimiento conocido como \u00abcite and release\u00bb. De acuerdo con diversas fuentes, la artista habr\u00eda mostrado arrepentimiento durante el incidente.<\/p>\n","protected":false},"author":9,"featured_media":30866,"comment_status":"closed","ping_status":"closed","sticky":false,"template":"","format":"standard","meta":{"give_campaign_id":0,"_crdt_document":"","jetpack_post_was_ever_published":false,"_jetpack_newsletter_access":"","_jetpack_dont_email_post_to_subs":false,"_jetpack_newsletter_tier_id":0,"_jetpack_memberships_contains_paywalled_content":false,"_jetpack_memberships_contains_paid_content":false,"jnews-multi-image_gallery":[],"jnews_single_post":{"format":"standard","override":[{"template":"4","parallax":"1","layout":"right-sidebar","sidebar":"default-sidebar","second_sidebar":"default-sidebar","sticky_sidebar":"1","share_position":"topbottom","share_float_style":"share-monocrhome","show_featured":"1","show_post_meta":"1","show_post_author":"1","show_post_author_image":"1","show_post_date":"1","post_date_format":"default","post_date_format_custom":"Y\/m\/d","show_post_category":"1","show_post_reading_time":"1","post_reading_time_wpm":"300","post_calculate_word_method":"str_word_count","show_zoom_button":"0","zoom_button_out_step":"2","zoom_button_in_step":"3","show_post_tag":"1","show_comment_section":"1","number_popup_post":"1","show_inline_post_related":"1"}],"image_override":[{"single_post_thumbnail_size":"crop-500","single_post_gallery_size":"crop-500"}],"trending_post_position":"meta","trending_post_label":"Trending","sponsored_post_label":"Sponsored by","disable_ad":"0","subtitle":"Eventos culturales, iniciativas educativas y presentaciones de artistas de la di\u00e1spora reflejan el dinamismo de la escena haitiana en Hait\u00ed y en el extranjero."},"jnews_primary_category":[],"jnews_social_meta":[],"jnews_post_split":{"post_split":[{"template":"1","tag":"h2","numbering":"asc","mode":"normal","first":"0","enable_toc":"0","toc_type":"normal"}]},"footnotes":"","jetpack_publicize_message":"","jetpack_publicize_feature_enabled":true,"jetpack_social_post_already_shared":true,"jetpack_social_options":{"image_generator_settings":{"template":"highway","default_image_id":0,"font":"","enabled":false},"version":2}},"categories":[3203],"tags":[4810,4752,4547,4808,4809,4751],"class_list":["post-30862","post","type-post","status-publish","format-standard","has-post-thumbnail","hentry","category-noticias","tag-arte","tag-cultura-haitiana","tag-diaspora","tag-eventos-culturales","tag-literatura","tag-musica"],"aioseo_notices":[],"jetpack_publicize_connections":[],"jetpack_featured_media_url":"https:\/\/i0.wp.com\/lequotidien509.com\/wp-content\/uploads\/2026\/03\/Culturelle-57-1.jpg?fit=1920%2C1080&ssl=1","jetpack_sharing_enabled":true,"_links":{"self":[{"href":"https:\/\/lequotidien509.com\/es\/wp-json\/wp\/v2\/posts\/30862","targetHints":{"allow":["GET"]}}],"collection":[{"href":"https:\/\/lequotidien509.com\/es\/wp-json\/wp\/v2\/posts"}],"about":[{"href":"https:\/\/lequotidien509.com\/es\/wp-json\/wp\/v2\/types\/post"}],"author":[{"embeddable":true,"href":"https:\/\/lequotidien509.com\/es\/wp-json\/wp\/v2\/users\/9"}],"replies":[{"embeddable":true,"href":"https:\/\/lequotidien509.com\/es\/wp-json\/wp\/v2\/comments?post=30862"}],"version-history":[{"count":1,"href":"https:\/\/lequotidien509.com\/es\/wp-json\/wp\/v2\/posts\/30862\/revisions"}],"predecessor-version":[{"id":30864,"href":"https:\/\/lequotidien509.com\/es\/wp-json\/wp\/v2\/posts\/30862\/revisions\/30864"}],"wp:featuredmedia":[{"embeddable":true,"href":"https:\/\/lequotidien509.com\/es\/wp-json\/wp\/v2\/media\/30866"}],"wp:attachment":[{"href":"https:\/\/lequotidien509.com\/es\/wp-json\/wp\/v2\/media?parent=30862"}],"wp:term":[{"taxonomy":"category","embeddable":true,"href":"https:\/\/lequotidien509.com\/es\/wp-json\/wp\/v2\/categories?post=30862"},{"taxonomy":"post_tag","embeddable":true,"href":"https:\/\/lequotidien509.com\/es\/wp-json\/wp\/v2\/tags?post=30862"}],"curies":[{"name":"wp","href":"https:\/\/api.w.org\/{rel}","templated":true}]}}