{"id":30826,"date":"2026-03-11T09:36:38","date_gmt":"2026-03-11T13:36:38","guid":{"rendered":"https:\/\/lequotidien509.com\/?p=30826"},"modified":"2026-03-11T10:11:23","modified_gmt":"2026-03-11T14:11:23","slug":"crisis-humanitaria-en-cuba-tormentas-masivas-en-ee-uu-y-represalia-de-iran-sacuden-las-noticias-internacionales","status":"publish","type":"post","link":"https:\/\/lequotidien509.com\/es\/crisis-humanitaria-en-cuba-tormentas-masivas-en-ee-uu-y-represalia-de-iran-sacuden-las-noticias-internacionales\/","title":{"rendered":"Crisis humanitaria en Cuba, tormentas masivas en EE. UU. y represalia de Ir\u00e1n sacuden las Noticias Internacionales"},"content":{"rendered":"<h1 style=\"text-align: center\" data-section-id=\"1ul1cy5\" data-start=\"541\" data-end=\"613\">Los remolinos de la actualidad internacional \u2013 11 de marzo de 2026<\/h1>\n<h2 data-section-id=\"4xy8jf\" data-start=\"615\" data-end=\"628\">Caribe<\/h2>\n<h3 data-section-id=\"a6nv8c\" data-start=\"630\" data-end=\"720\">La ONU advierte que la escasez de combustible agrava la crisis humanitaria en Cuba<\/h3>\n<p data-start=\"722\" data-end=\"1590\">La escasez de combustible en Cuba est\u00e1 provocando una creciente crisis humanitaria, seg\u00fan las Naciones Unidas. El portavoz de la ONU, St\u00e9phane Dujarric, declar\u00f3 el 10 de marzo de 2026 que la incapacidad del pa\u00eds para importar combustible est\u00e1 generando una grave crisis energ\u00e9tica. Los hospitales enfrentan cortes de electricidad, escasez de medicamentos y la paralizaci\u00f3n de equipos vitales. M\u00e1s de 16.000 pacientes con c\u00e1ncer que necesitan radioterapia y 12.000 que dependen de la quimioterapia no est\u00e1n recibiendo tratamiento. Las ambulancias carecen de combustible, lo que retrasa las emergencias m\u00e9dicas. Cerca de un mill\u00f3n de personas dependen de camiones cisterna para obtener agua, mientras la infraestructura el\u00e9ctrica del pa\u00eds permanece paralizada.<a href=\"https:\/\/www.caribbeannationalweekly.com\/news\/un-warns-fuel-shortages-pushing-cuba-toward-humanitarian-crisis\/\"> La cadena alimentaria tambi\u00e9n se ve afectada por fallas en los sistemas de almacenamiento y distribuci\u00f3n.<\/a><\/p>\n<h1 data-section-id=\"1rpoyjp\" data-start=\"1597\" data-end=\"1617\">Am\u00e9rica Latina<\/h1>\n<h3 data-section-id=\"1ylmlyv\" data-start=\"1619\" data-end=\"1690\">Muere el escritor peruano Alfredo Bryce Echenique a los 87 a\u00f1os<\/h3>\n<p data-start=\"1692\" data-end=\"2633\">El gobierno de Per\u00fa confirm\u00f3 el fallecimiento del escritor Alfredo Bryce Echenique, una de las figuras m\u00e1s importantes de la literatura latinoamericana, el 10 de marzo de 2026 a los 87 a\u00f1os. Su carrera literaria comenz\u00f3 con <em data-start=\"1920\" data-end=\"1936\">Huerto cerrado<\/em> (1968) y se consolid\u00f3 con <em data-start=\"1963\" data-end=\"1985\">Un mundo para Julius<\/em> (1970), una obra emblem\u00e1tica sobre la sociedad lime\u00f1a. Bryce recibi\u00f3 premios prestigiosos como el Casa de las Am\u00e9ricas, el Premio Nacional de Literatura de Per\u00fa, el Premio Planeta y el Premio FIL de Literatura. El Ministerio de Cultura destac\u00f3 su humor y sensibilidad como contribuciones fundamentales a la identidad cultural peruana. La Casa de la Literatura lo describi\u00f3 como una voz representativa de la literatura contempor\u00e1nea. Su familia anunci\u00f3 que sus restos ser\u00e1n velados en la hist\u00f3rica Casona de la Universidad Nacional Mayor de San Marcos. Bryce vivi\u00f3 muchos a\u00f1os en Espa\u00f1a y Francia, aunque siempre mantuvo un fuerte v\u00ednculo con Per\u00fa.<\/p>\n<h3 data-section-id=\"vjv624\" data-start=\"2640\" data-end=\"2702\">Cuatro pa\u00edses suspenden el programa de m\u00e9dicos cubanos<\/h3>\n<p data-start=\"2704\" data-end=\"3690\">En apenas mes y medio, Honduras, Guatemala, Jamaica y Guyana han puesto fin a su cooperaci\u00f3n con las brigadas m\u00e9dicas cubanas, uno de los programas internacionales m\u00e1s emblem\u00e1ticos de La Habana. Honduras abri\u00f3 una investigaci\u00f3n por supuestas irregularidades y expuls\u00f3 a la brigada. Guatemala anunci\u00f3 el 10 de febrero el fin progresivo del programa para fortalecer su propio sistema m\u00e9dico nacional. A principios de marzo, Jamaica suspendi\u00f3 el acuerdo por falta de consenso, mientras que Cuba calific\u00f3 la decisi\u00f3n de \u201cunilateral\u201d. En Guyana, las autoridades cubanas retiraron a sus m\u00e9dicos despu\u00e9s de que Georgetown impusiera nuevas exigencias. El Departamento de Estado de Estados Unidos ha criticado el programa, calific\u00e1ndolo de \u201ctrabajo forzado\u201d. Desde la d\u00e9cada de 1960, Cuba afirma haber enviado brigadas m\u00e9dicas a m\u00e1s de 150 pa\u00edses. <a href=\"https:\/\/lequotidien509.com\/es\/noticias-internacionales-9-marzo-2026-iran-trump-carteles-peru-kenia\/\">La presi\u00f3n estadounidense aument\u00f3 tras la captura de Nicol\u00e1s Maduro, lo que priv\u00f3 a Cuba de uno de sus principales proveedores de petr\u00f3leo.<\/a><\/p>\n<h1 data-section-id=\"hrdql3\" data-start=\"3697\" data-end=\"3717\">Estados Unidos<\/h1>\n<h3 data-section-id=\"1f369xa\" data-start=\"3719\" data-end=\"3815\">Cierre del DHS duplica las ausencias en la TSA y provoca largas filas en los aeropuertos<\/h3>\n<p data-start=\"3817\" data-end=\"4769\">El 10 de marzo de 2026, CBS News inform\u00f3 que las ausencias no planificadas entre los agentes de la Transportation Security Administration (TSA) se han duplicado desde el inicio del cierre del Department of Homeland Security (DHS). M\u00e1s de 300 empleados abandonaron la agencia entre el 14 de febrero y el 9 de marzo. La tasa nacional de ausencias pas\u00f3 del 2 % al 6 %, alcanzando el 9 % en algunos d\u00edas. En el aeropuerto Houston Hobby, m\u00e1s de la mitad de los agentes faltaron durante dos d\u00edas consecutivos, mientras que en el aeropuerto JFK de Nueva York se registr\u00f3 un promedio del 21 % de ausencias. Las filas de seguridad pueden superar las tres horas, obligando a los viajeros a llegar con cuatro o cinco horas de anticipaci\u00f3n. Programas como Global Entry han sido suspendidos y TSA PreCheck podr\u00eda verse afectado. Las autoridades advierten que la falta de financiaci\u00f3n podr\u00eda tener consecuencias duraderas para la seguridad aeroportuaria.<\/p>\n<h3 data-section-id=\"1sesa3u\" data-start=\"4776\" data-end=\"4865\">Polic\u00edas piden a la justicia avanzar con la demanda sobre la placa del 6 de enero<\/h3>\n<p data-start=\"4867\" data-end=\"5598\">El 10 de marzo de 2026, dos polic\u00edas \u2014 Harry Dunn, exagente de la Polic\u00eda del Capitolio, y Danny Hodges, oficial de la polic\u00eda de Washington \u2014 solicitaron a un juez que permita continuar su demanda civil sobre la ubicaci\u00f3n de la placa que honra a los agentes del orden del 6 de enero de 2021. La placa fue instalada dentro del Capitolio, detr\u00e1s de puertas en el ala oeste, a las 4 de la madrugada, lo que los demandantes consideran una violaci\u00f3n de la ley. Argumentan que la legislaci\u00f3n exig\u00eda que el monumento se exhibiera p\u00fablicamente en la fachada oeste del edificio. <a href=\"https:\/\/www.cbsnews.com\/news\/jan-6-police-responders-ask-judge-to-let-lawsuit-over-plaque-in-capitol-proceed\/\">Los dem\u00f3cratas acusan a los republicanos de retrasar su instalaci\u00f3n. Seg\u00fan los polic\u00edas, colocar la placa en el interior equivale a ocultar el memorial.<\/a><\/p>\n<h3 data-section-id=\"1a5l1lc\" data-start=\"5605\" data-end=\"5673\">El Congreso interroga al antiguo contable de Jeffrey Epstein<\/h3>\n<p data-start=\"5675\" data-end=\"6386\">El 11 de marzo de 2026, el Comit\u00e9 de Supervisi\u00f3n de la C\u00e1mara de Representantes cit\u00f3 a Richard Kahn, contable de Jeffrey Epstein durante m\u00e1s de una d\u00e9cada. Las v\u00edctimas afirman que ayud\u00f3 a crear una compleja red financiera que facilit\u00f3 los delitos del financiero. Kahn niega cualquier implicaci\u00f3n y asegura que desconoc\u00eda los abusos. Su declaraci\u00f3n a puerta cerrada ser\u00e1 grabada y publicada posteriormente, lo que podr\u00eda arrojar luz sobre las finanzas de Epstein. Junto con el abogado Darren Indyke, Kahn fue coejecutor del testamento y estaba previsto que recibiera 25 millones de d\u00f3lares. El valor estimado de la herencia ha pasado de 650 millones a unos 127 millones tras varios acuerdos legales.<\/p>\n<h3 data-section-id=\"162cvfz\" data-start=\"6393\" data-end=\"6472\">M\u00e1s de 100 millones de estadounidenses amenazados por tormentas severas<\/h3>\n<p data-start=\"6474\" data-end=\"7044\">M\u00e1s de 100 millones de personas, desde Texas hasta Michigan, se encuentran en la trayectoria de un potente sistema de tormentas. Los pron\u00f3sticos advierten de tornados violentos, vientos destructivos y granizo del tama\u00f1o de pelotas de b\u00e9isbol. En Illinois, un tornado toc\u00f3 tierra en el condado de Kankakee causando importantes da\u00f1os. Varias alertas de tornado han sido emitidas para Illinois, Missouri, Iowa e Indiana. Chicago experiment\u00f3 lluvias intensas y riesgo de inundaciones. El sistema podr\u00eda llegar a Washington D.C. antes de una ca\u00edda brusca de las temperaturas.<\/p>\n<h1 data-section-id=\"1x16q0e\" data-start=\"7051\" data-end=\"7063\">Canad\u00e1<\/h1>\n<h3 data-section-id=\"l1epdi\" data-start=\"7065\" data-end=\"7114\">Tormenta de hielo golpea Quebec y Ontario<\/h3>\n<p data-start=\"7116\" data-end=\"7515\">Una tormenta de lluvia helada afecta a Quebec y Ontario con entre 20 y 30 mil\u00edmetros de precipitaci\u00f3n. Las zonas m\u00e1s afectadas se encuentran en los valles del Outaouais y del r\u00edo San Lorenzo, alrededor de Montreal y Ottawa. Cerca de 150 vuelos han sido cancelados en el aeropuerto Montreal-Trudeau. Las autoridades recomiendan evitar desplazamientos innecesarios debido al peligro en las carreteras.<\/p>\n<h3 data-section-id=\"zyiqb6\" data-start=\"7522\" data-end=\"7584\">Disparos contra el consulado estadounidense en Toronto<\/h3>\n<p data-start=\"7586\" data-end=\"7982\">El 10 de marzo de 2026 se registraron disparos contra el consulado de Estados Unidos en Toronto, sin que se reportaran heridos. La polic\u00eda encontr\u00f3 casquillos y da\u00f1os en el edificio. Dos hombres habr\u00edan disparado desde un SUV blanco antes de huir. El primer ministro Mark Carney conden\u00f3 el ataque y anunci\u00f3 el refuerzo de la seguridad en las misiones diplom\u00e1ticas estadounidenses e israel\u00edes.<\/p>\n<h1 data-section-id=\"qt7blm\" data-start=\"7989\" data-end=\"8001\">Europa<\/h1>\n<h3 data-section-id=\"14fvfu8\" data-start=\"8003\" data-end=\"8081\">Coldplay demandado por una empresa francesa por el nombre \u201cMoon Music\u201d<\/h3>\n<p data-start=\"8083\" data-end=\"8533\">Una empresa francesa con sede en Lyon present\u00f3 una demanda contra el grupo Coldplay por el uso del nombre \u201cMoon Music\u201d. El tribunal judicial de Lyon rechaz\u00f3 inicialmente la demanda en 2025 al considerar que se trataba de un t\u00edtulo art\u00edstico. Sin embargo, la empresa apel\u00f3 argumentando que el nombre tambi\u00e9n se utiliza en productos comerciales como discos y ropa. El caso ser\u00e1 examinado por el Tribunal de Apelaci\u00f3n de Lyon el 17 de marzo de 2026.<\/p>\n<h3 data-section-id=\"1r0zh6d\" data-start=\"8540\" data-end=\"8597\">Seis muertos tras incendio de un autob\u00fas en Suiza<\/h3>\n<p data-start=\"8599\" data-end=\"8890\">Un autob\u00fas se incendi\u00f3 en Kerzers, en el cant\u00f3n de Friburgo, dejando seis muertos y tres heridos. La polic\u00eda sospecha que se trata de un acto intencional despu\u00e9s de que un pasajero se rociara con gasolina y prendiera fuego al veh\u00edculo. Las autoridades descartan por ahora un acto terrorista.<\/p>\n<h3 data-section-id=\"6xyyr6\" data-start=\"8897\" data-end=\"8970\">Reino Unido presenta nueva definici\u00f3n de hostilidad antimusulmana<\/h3>\n<p data-start=\"8972\" data-end=\"9253\">El gobierno brit\u00e1nico present\u00f3 una definici\u00f3n consultiva de hostilidad antimusulmana para ayudar a identificar delitos de odio. En 2025 se registraron cerca de 4.500 delitos contra musulmanes en Inglaterra y Gales. La definici\u00f3n incluye violencia, vandalismo, acoso e intimidaci\u00f3n.<\/p>\n<h3 data-section-id=\"r96r87\" data-start=\"9260\" data-end=\"9333\">Espa\u00f1a ampl\u00eda el acceso a la sanidad para inmigrantes sin papeles<\/h3>\n<p data-start=\"9335\" data-end=\"9620\">El gobierno espa\u00f1ol liderado por Pedro S\u00e1nchez anunci\u00f3 la ampliaci\u00f3n del acceso al sistema sanitario para las personas en situaci\u00f3n irregular. Los migrantes podr\u00e1n obtener un documento provisional que les permitir\u00e1 recibir atenci\u00f3n m\u00e9dica inmediata en las 17 comunidades aut\u00f3nomas.<\/p>\n<h1 data-section-id=\"8vmoo2\" data-start=\"9627\" data-end=\"9646\">Oriente Medio<\/h1>\n<h3 data-section-id=\"1vjiqhm\" data-start=\"9648\" data-end=\"9701\">Ir\u00e1n responde pese a los ataques m\u00e1s intensos<\/h3>\n<p data-start=\"9703\" data-end=\"10035\">Ir\u00e1n lanz\u00f3 ataques contra Israel y otros objetivos regionales pese a los bombardeos de Estados Unidos e Israel. Al menos tres buques fueron alcanzados en el estrecho de Ormuz, afectando las rutas energ\u00e9ticas mundiales. <a href=\"https:\/\/www.reuters.com\/world\/middle-east\/combatants-mideast-war-trade-more-air-strikes-iran-clamps-down-dissent-2026-03-11\/\">Dos drones cayeron cerca del aeropuerto de Dub\u00e1i. La crisis contin\u00faa afectando los mercados energ\u00e9ticos globales.<\/a><\/p>\n<h1 data-section-id=\"6cwq31\" data-start=\"10042\" data-end=\"10061\">Asia-Pac\u00edfico<\/h1>\n<h3 data-section-id=\"15vgwmv\" data-start=\"10063\" data-end=\"10136\">Corea del Sur teme el traslado de misiles Patriot estadounidenses<\/h3>\n<p data-start=\"10138\" data-end=\"10350\">Se\u00fal teme que Estados Unidos traslade sistemas de misiles Patriot desde la pen\u00ednsula coreana hacia Oriente Medio. El gobierno asegura que la estrategia de defensa frente a Corea del Norte no se ver\u00e1 comprometida.<\/p>\n<h1 data-section-id=\"15vvnrs\" data-start=\"10357\" data-end=\"10369\">\u00c1frica<\/h1>\n<h3 data-section-id=\"g0eu0h\" data-start=\"10371\" data-end=\"10444\">Zimbabwe: Human Rights Watch denuncia presiones contra opositores<\/h3>\n<p data-start=\"10446\" data-end=\"10713\">Human Rights Watch denunci\u00f3 presiones contra opositores al proyecto de reforma constitucional en Zimbabwe. La reforma permitir\u00eda al presidente Emmerson Mnangagwa permanecer en el poder m\u00e1s all\u00e1 de 2030. La oposici\u00f3n exige la celebraci\u00f3n de un refer\u00e9ndum nacional.<\/p>\n<p>Cherline Ades.<\/p>\n","protected":false},"excerpt":{"rendered":"<p>Los remolinos de la actualidad internacional \u2013 11 de marzo de 2026 Caribe La ONU advierte que la escasez de combustible agrava la crisis humanitaria en Cuba La escasez de combustible en Cuba est\u00e1 provocando una creciente crisis humanitaria, seg\u00fan las Naciones Unidas. El portavoz de la ONU, St\u00e9phane Dujarric, declar\u00f3 el 10 de marzo de 2026 que la incapacidad del pa\u00eds para importar combustible est\u00e1 generando una grave crisis energ\u00e9tica. Los hospitales enfrentan cortes de electricidad, escasez de medicamentos y la paralizaci\u00f3n de equipos vitales. M\u00e1s de 16.000 pacientes con c\u00e1ncer que necesitan radioterapia y 12.000 que dependen de la quimioterapia no est\u00e1n recibiendo tratamiento. Las ambulancias carecen de combustible, lo que retrasa las emergencias m\u00e9dicas. Cerca de un mill\u00f3n de personas dependen de camiones cisterna para obtener agua, mientras la infraestructura el\u00e9ctrica del pa\u00eds permanece paralizada. La cadena alimentaria tambi\u00e9n se ve afectada por fallas en los sistemas de almacenamiento y distribuci\u00f3n. Am\u00e9rica Latina Muere el escritor peruano Alfredo Bryce Echenique a los 87 a\u00f1os El gobierno de Per\u00fa confirm\u00f3 el fallecimiento del escritor Alfredo Bryce Echenique, una de las figuras m\u00e1s importantes de la literatura latinoamericana, el 10 de marzo de 2026 a los 87 a\u00f1os. Su carrera literaria comenz\u00f3 con Huerto cerrado (1968) y se consolid\u00f3 con Un mundo para Julius (1970), una obra emblem\u00e1tica sobre la sociedad lime\u00f1a. Bryce recibi\u00f3 premios prestigiosos como el Casa de las Am\u00e9ricas, el Premio Nacional de Literatura de Per\u00fa, el Premio Planeta y el Premio FIL de Literatura. El Ministerio de Cultura destac\u00f3 su humor y sensibilidad como contribuciones fundamentales a la identidad cultural peruana. La Casa de la Literatura lo describi\u00f3 como una voz representativa de la literatura contempor\u00e1nea. Su familia anunci\u00f3 que sus restos ser\u00e1n velados en la hist\u00f3rica Casona de la Universidad Nacional Mayor de San Marcos. Bryce vivi\u00f3 muchos a\u00f1os en Espa\u00f1a y Francia, aunque siempre mantuvo un fuerte v\u00ednculo con Per\u00fa. Cuatro pa\u00edses suspenden el programa de m\u00e9dicos cubanos En apenas mes y medio, Honduras, Guatemala, Jamaica y Guyana han puesto fin a su cooperaci\u00f3n con las brigadas m\u00e9dicas cubanas, uno de los programas internacionales m\u00e1s emblem\u00e1ticos de La Habana. Honduras abri\u00f3 una investigaci\u00f3n por supuestas irregularidades y expuls\u00f3 a la brigada. Guatemala anunci\u00f3 el 10 de febrero el fin progresivo del programa para fortalecer su propio sistema m\u00e9dico nacional. A principios de marzo, Jamaica suspendi\u00f3 el acuerdo por falta de consenso, mientras que Cuba calific\u00f3 la decisi\u00f3n de \u201cunilateral\u201d. En Guyana, las autoridades cubanas retiraron a sus m\u00e9dicos despu\u00e9s de que Georgetown impusiera nuevas exigencias. El Departamento de Estado de Estados Unidos ha criticado el programa, calific\u00e1ndolo de \u201ctrabajo forzado\u201d. Desde la d\u00e9cada de 1960, Cuba afirma haber enviado brigadas m\u00e9dicas a m\u00e1s de 150 pa\u00edses. La presi\u00f3n estadounidense aument\u00f3 tras la captura de Nicol\u00e1s Maduro, lo que priv\u00f3 a Cuba de uno de sus principales proveedores de petr\u00f3leo. Estados Unidos Cierre del DHS duplica las ausencias en la TSA y provoca largas filas en los aeropuertos El 10 de marzo de 2026, CBS News inform\u00f3 que las ausencias no planificadas entre los agentes de la Transportation Security Administration (TSA) se han duplicado desde el inicio del cierre del Department of Homeland Security (DHS). M\u00e1s de 300 empleados abandonaron la agencia entre el 14 de febrero y el 9 de marzo. La tasa nacional de ausencias pas\u00f3 del 2 % al 6 %, alcanzando el 9 % en algunos d\u00edas. En el aeropuerto Houston Hobby, m\u00e1s de la mitad de los agentes faltaron durante dos d\u00edas consecutivos, mientras que en el aeropuerto JFK de Nueva York se registr\u00f3 un promedio del 21 % de ausencias. Las filas de seguridad pueden superar las tres horas, obligando a los viajeros a llegar con cuatro o cinco horas de anticipaci\u00f3n. Programas como Global Entry han sido suspendidos y TSA PreCheck podr\u00eda verse afectado. Las autoridades advierten que la falta de financiaci\u00f3n podr\u00eda tener consecuencias duraderas para la seguridad aeroportuaria. Polic\u00edas piden a la justicia avanzar con la demanda sobre la placa del 6 de enero El 10 de marzo de 2026, dos polic\u00edas \u2014 Harry Dunn, exagente de la Polic\u00eda del Capitolio, y Danny Hodges, oficial de la polic\u00eda de Washington \u2014 solicitaron a un juez que permita continuar su demanda civil sobre la ubicaci\u00f3n de la placa que honra a los agentes del orden del 6 de enero de 2021. La placa fue instalada dentro del Capitolio, detr\u00e1s de puertas en el ala oeste, a las 4 de la madrugada, lo que los demandantes consideran una violaci\u00f3n de la ley. Argumentan que la legislaci\u00f3n exig\u00eda que el monumento se exhibiera p\u00fablicamente en la fachada oeste del edificio. Los dem\u00f3cratas acusan a los republicanos de retrasar su instalaci\u00f3n. Seg\u00fan los polic\u00edas, colocar la placa en el interior equivale a ocultar el memorial. El Congreso interroga al antiguo contable de Jeffrey Epstein El 11 de marzo de 2026, el Comit\u00e9 de Supervisi\u00f3n de la C\u00e1mara de Representantes cit\u00f3 a Richard Kahn, contable de Jeffrey Epstein durante m\u00e1s de una d\u00e9cada. Las v\u00edctimas afirman que ayud\u00f3 a crear una compleja red financiera que facilit\u00f3 los delitos del financiero. Kahn niega cualquier implicaci\u00f3n y asegura que desconoc\u00eda los abusos. Su declaraci\u00f3n a puerta cerrada ser\u00e1 grabada y publicada posteriormente, lo que podr\u00eda arrojar luz sobre las finanzas de Epstein. Junto con el abogado Darren Indyke, Kahn fue coejecutor del testamento y estaba previsto que recibiera 25 millones de d\u00f3lares. El valor estimado de la herencia ha pasado de 650 millones a unos 127 millones tras varios acuerdos legales. M\u00e1s de 100 millones de estadounidenses amenazados por tormentas severas M\u00e1s de 100 millones de personas, desde Texas hasta Michigan, se encuentran en la trayectoria de un potente sistema de tormentas. Los pron\u00f3sticos advierten de tornados violentos, vientos destructivos y granizo del tama\u00f1o de pelotas de b\u00e9isbol. En Illinois, un tornado toc\u00f3 tierra en el condado de Kankakee causando importantes da\u00f1os. Varias alertas de tornado han sido emitidas para Illinois, Missouri, Iowa e Indiana. Chicago experiment\u00f3 lluvias intensas y riesgo<\/p>\n","protected":false},"author":9,"featured_media":30562,"comment_status":"closed","ping_status":"closed","sticky":false,"template":"","format":"standard","meta":{"give_campaign_id":0,"_crdt_document":"","jetpack_post_was_ever_published":false,"_jetpack_newsletter_access":"","_jetpack_dont_email_post_to_subs":false,"_jetpack_newsletter_tier_id":0,"_jetpack_memberships_contains_paywalled_content":false,"_jetpack_memberships_contains_paid_content":false,"jnews-multi-image_gallery":[],"jnews_single_post":{"format":"standard","override":[{"template":"4","parallax":"1","layout":"right-sidebar","sidebar":"default-sidebar","second_sidebar":"default-sidebar","sticky_sidebar":"1","share_position":"topbottom","share_float_style":"share-monocrhome","show_featured":"1","show_post_meta":"1","show_post_author":"1","show_post_author_image":"1","show_post_date":"1","post_date_format":"default","post_date_format_custom":"Y\/m\/d","show_post_category":"1","show_post_reading_time":"1","post_reading_time_wpm":"300","post_calculate_word_method":"str_word_count","show_zoom_button":"0","zoom_button_out_step":"2","zoom_button_in_step":"3","show_post_tag":"1","show_comment_section":"1","number_popup_post":"1","show_inline_post_related":"1"}],"image_override":[{"single_post_thumbnail_size":"crop-500","single_post_gallery_size":"crop-500"}],"trending_post_position":"meta","trending_post_label":"Trending","sponsored_post_label":"Sponsored by","disable_ad":"0","subtitle":"Desde la crisis energ\u00e9tica en Cuba hasta las tensiones en Oriente Medio, pasando por tormentas severas en Estados Unidos y presiones pol\u00edticas en \u00c1frica, un repaso a las principales noticias internacionales del 11 de marzo de 2026."},"jnews_primary_category":[],"jnews_social_meta":[],"jnews_post_split":{"post_split":[{"template":"1","tag":"h2","numbering":"asc","mode":"normal","first":"0","enable_toc":"0","toc_type":"normal"}]},"footnotes":"","jetpack_publicize_message":"","jetpack_publicize_feature_enabled":true,"jetpack_social_post_already_shared":true,"jetpack_social_options":{"image_generator_settings":{"template":"highway","default_image_id":0,"font":"","enabled":false},"version":2}},"categories":[3265],"tags":[4790],"class_list":["post-30826","post","type-post","status-publish","format-standard","has-post-thumbnail","hentry","category-internacional","tag-noticias-internacionales-geopolitica-caribe-america-latina-estados-unidos-europa-oriente-medio-africa-asia-pacifico"],"aioseo_notices":[],"jetpack_publicize_connections":[],"jetpack_featured_media_url":"https:\/\/i0.wp.com\/lequotidien509.com\/wp-content\/uploads\/2026\/03\/Culturelle-49-1.webp?fit=1920%2C1080&ssl=1","jetpack_sharing_enabled":true,"_links":{"self":[{"href":"https:\/\/lequotidien509.com\/es\/wp-json\/wp\/v2\/posts\/30826","targetHints":{"allow":["GET"]}}],"collection":[{"href":"https:\/\/lequotidien509.com\/es\/wp-json\/wp\/v2\/posts"}],"about":[{"href":"https:\/\/lequotidien509.com\/es\/wp-json\/wp\/v2\/types\/post"}],"author":[{"embeddable":true,"href":"https:\/\/lequotidien509.com\/es\/wp-json\/wp\/v2\/users\/9"}],"replies":[{"embeddable":true,"href":"https:\/\/lequotidien509.com\/es\/wp-json\/wp\/v2\/comments?post=30826"}],"version-history":[{"count":1,"href":"https:\/\/lequotidien509.com\/es\/wp-json\/wp\/v2\/posts\/30826\/revisions"}],"predecessor-version":[{"id":30828,"href":"https:\/\/lequotidien509.com\/es\/wp-json\/wp\/v2\/posts\/30826\/revisions\/30828"}],"wp:featuredmedia":[{"embeddable":true,"href":"https:\/\/lequotidien509.com\/es\/wp-json\/wp\/v2\/media\/30562"}],"wp:attachment":[{"href":"https:\/\/lequotidien509.com\/es\/wp-json\/wp\/v2\/media?parent=30826"}],"wp:term":[{"taxonomy":"category","embeddable":true,"href":"https:\/\/lequotidien509.com\/es\/wp-json\/wp\/v2\/categories?post=30826"},{"taxonomy":"post_tag","embeddable":true,"href":"https:\/\/lequotidien509.com\/es\/wp-json\/wp\/v2\/tags?post=30826"}],"curies":[{"name":"wp","href":"https:\/\/api.w.org\/{rel}","templated":true}]}}