{"id":30763,"date":"2026-03-10T13:03:16","date_gmt":"2026-03-10T17:03:16","guid":{"rendered":"https:\/\/lequotidien509.com\/haiti-y-chile-quieren-reforzar-su-cooperacion-encuentro-entre-alix-didier-fils-aime-y-jose-antonio-kast\/"},"modified":"2026-03-10T13:03:16","modified_gmt":"2026-03-10T17:03:16","slug":"haiti-y-chile-quieren-reforzar-su-cooperacion-encuentro-entre-alix-didier-fils-aime-y-jose-antonio-kast","status":"publish","type":"post","link":"https:\/\/lequotidien509.com\/es\/haiti-y-chile-quieren-reforzar-su-cooperacion-encuentro-entre-alix-didier-fils-aime-y-jose-antonio-kast\/","title":{"rendered":"Hait\u00ed y Chile quieren reforzar su cooperaci\u00f3n: encuentro entre Alix Didier Fils-Aim\u00e9 y Jos\u00e9 Antonio Kast"},"content":{"rendered":"<p data-start=\"119\" data-end=\"483\">El primer ministro haitiano <span class=\"hover:entity-accent entity-underline inline cursor-pointer align-baseline\"><span class=\"whitespace-normal\">Alix Didier Fils-Aim\u00e9<\/span><\/span> se ha reunido este martes con el presidente electo de Chile, <span class=\"hover:entity-accent entity-underline inline cursor-pointer align-baseline\"><span class=\"whitespace-normal\">Jos\u00e9 Antonio Kast<\/span><\/span>, en el <span class=\"hover:entity-accent entity-underline inline cursor-pointer align-baseline\"><span class=\"whitespace-normal\">Palacio Cousi\u00f1o<\/span><\/span>, en el marco de su visita oficial al pa\u00eds sudamericano. Este encuentro de alto nivel ten\u00eda como objetivo relanzar y profundizar la cooperaci\u00f3n entre Hait\u00ed y Chile. <\/p>\n<p data-start=\"485\" data-end=\"846\">La reuni\u00f3n se celebr\u00f3 en presencia del futuro ministro chileno de Relaciones Exteriores, <span class=\"hover:entity-accent entity-underline inline cursor-pointer align-baseline\"><span class=\"whitespace-normal\">Francisco P\u00e9rez Mackenna<\/span><\/span>. Por la parte haitiana, la delegaci\u00f3n inclu\u00eda tambi\u00e9n a la ministra de Asuntos Exteriores, <span class=\"hover:entity-accent entity-underline inline cursor-pointer align-baseline\"><span class=\"whitespace-normal\">Raina Forbin<\/span><\/span>, al embajador <span class=\"hover:entity-accent entity-underline inline cursor-pointer align-baseline\"><span class=\"whitespace-normal\">Herv\u00e9 Saint-Louis<\/span><\/span> y al consejero <span class=\"hover:entity-accent entity-underline inline cursor-pointer align-baseline\"><span class=\"whitespace-normal\">Wilner Joseph<\/span><\/span>. <\/p>\n<p data-start=\"848\" data-end=\"1130\">Seg\u00fan la Primatura haitiana, las conversaciones se centraron en el fortalecimiento de las relaciones bilaterales, con especial \u00e9nfasis en la cooperaci\u00f3n diplom\u00e1tica, los intercambios econ\u00f3micos, la movilidad acad\u00e9mica y profesional, as\u00ed como la coordinaci\u00f3n en asuntos regionales.<\/p>\n<p data-start=\"1132\" data-end=\"1310\">El primer ministro haitiano reafirm\u00f3 la voluntad del Gobierno de intensificar los v\u00ednculos hist\u00f3ricos entre ambos pa\u00edses y de explorar nuevas oportunidades de asociaci\u00f3n.<\/p>\n<p data-start=\"1312\" data-end=\"1465\">Por su parte, Jos\u00e9 Antonio Kast expres\u00f3 su intenci\u00f3n de desarrollar iniciativas concretas para consolidar la cooperaci\u00f3n entre Hait\u00ed y Chile.<\/p>\n<p data-start=\"1467\" data-end=\"1695\">Este encuentro tuvo lugar en el Palacio Cousi\u00f1o.<\/p>\n<p data-start=\"1467\" data-end=\"1695\">Redacci\u00f3n<\/p>\n","protected":false},"excerpt":{"rendered":"<p>El primer ministro haitiano Alix Didier Fils-Aim\u00e9 se ha reunido este martes con el presidente electo de Chile, Jos\u00e9 Antonio Kast, en el Palacio Cousi\u00f1o, en el marco de su visita oficial al pa\u00eds sudamericano. Este encuentro de alto nivel ten\u00eda como objetivo relanzar y profundizar la cooperaci\u00f3n entre Hait\u00ed y Chile. La reuni\u00f3n se celebr\u00f3 en presencia del futuro ministro chileno de Relaciones Exteriores, Francisco P\u00e9rez Mackenna. Por la parte haitiana, la delegaci\u00f3n inclu\u00eda tambi\u00e9n a la ministra de Asuntos Exteriores, Raina Forbin, al embajador Herv\u00e9 Saint-Louis y al consejero Wilner Joseph. Seg\u00fan la Primatura haitiana, las conversaciones se centraron en el fortalecimiento de las relaciones bilaterales, con especial \u00e9nfasis en la cooperaci\u00f3n diplom\u00e1tica, los intercambios econ\u00f3micos, la movilidad acad\u00e9mica y profesional, as\u00ed como la coordinaci\u00f3n en asuntos regionales. El primer ministro haitiano reafirm\u00f3 la voluntad del Gobierno de intensificar los v\u00ednculos hist\u00f3ricos entre ambos pa\u00edses y de explorar nuevas oportunidades de asociaci\u00f3n. Por su parte, Jos\u00e9 Antonio Kast expres\u00f3 su intenci\u00f3n de desarrollar iniciativas concretas para consolidar la cooperaci\u00f3n entre Hait\u00ed y Chile. Este encuentro tuvo lugar en el Palacio Cousi\u00f1o. Redacci\u00f3n<\/p>\n","protected":false},"author":3,"featured_media":30760,"comment_status":"closed","ping_status":"closed","sticky":false,"template":"","format":"standard","meta":{"give_campaign_id":0,"_crdt_document":"","jetpack_post_was_ever_published":false,"_jetpack_newsletter_access":"","_jetpack_dont_email_post_to_subs":false,"_jetpack_newsletter_tier_id":0,"_jetpack_memberships_contains_paywalled_content":false,"_jetpack_memberships_contains_paid_content":false,"jnews-multi-image_gallery":[],"jnews_single_post":[],"jnews_primary_category":[],"jnews_social_meta":[],"jnews_post_split":[],"footnotes":"","jetpack_publicize_message":"","jetpack_publicize_feature_enabled":true,"jetpack_social_post_already_shared":true,"jetpack_social_options":{"image_generator_settings":{"template":"highway","default_image_id":0,"font":"","enabled":false},"version":2}},"categories":[3215,3266],"tags":[4779,3399,4755],"class_list":["post-30763","post","type-post","status-publish","format-standard","has-post-thumbnail","hentry","category-en-portada","category-nacional","tag-chile-2","tag-haiti","tag-kast"],"aioseo_notices":[],"jetpack_publicize_connections":[],"jetpack_featured_media_url":"https:\/\/i0.wp.com\/lequotidien509.com\/wp-content\/uploads\/2026\/03\/pmauChili.webp?fit=1280%2C720&ssl=1","jetpack_sharing_enabled":true,"_links":{"self":[{"href":"https:\/\/lequotidien509.com\/es\/wp-json\/wp\/v2\/posts\/30763","targetHints":{"allow":["GET"]}}],"collection":[{"href":"https:\/\/lequotidien509.com\/es\/wp-json\/wp\/v2\/posts"}],"about":[{"href":"https:\/\/lequotidien509.com\/es\/wp-json\/wp\/v2\/types\/post"}],"author":[{"embeddable":true,"href":"https:\/\/lequotidien509.com\/es\/wp-json\/wp\/v2\/users\/3"}],"replies":[{"embeddable":true,"href":"https:\/\/lequotidien509.com\/es\/wp-json\/wp\/v2\/comments?post=30763"}],"version-history":[{"count":0,"href":"https:\/\/lequotidien509.com\/es\/wp-json\/wp\/v2\/posts\/30763\/revisions"}],"wp:featuredmedia":[{"embeddable":true,"href":"https:\/\/lequotidien509.com\/es\/wp-json\/wp\/v2\/media\/30760"}],"wp:attachment":[{"href":"https:\/\/lequotidien509.com\/es\/wp-json\/wp\/v2\/media?parent=30763"}],"wp:term":[{"taxonomy":"category","embeddable":true,"href":"https:\/\/lequotidien509.com\/es\/wp-json\/wp\/v2\/categories?post=30763"},{"taxonomy":"post_tag","embeddable":true,"href":"https:\/\/lequotidien509.com\/es\/wp-json\/wp\/v2\/tags?post=30763"}],"curies":[{"name":"wp","href":"https:\/\/api.w.org\/{rel}","templated":true}]}}