{"id":30752,"date":"2026-03-10T10:48:28","date_gmt":"2026-03-10T14:48:28","guid":{"rendered":"https:\/\/lequotidien509.com\/?p=30752"},"modified":"2026-03-10T10:50:44","modified_gmt":"2026-03-10T14:50:44","slug":"haiti-sub17-femenina-ceus-mbappe-lesion","status":"publish","type":"post","link":"https:\/\/lequotidien509.com\/es\/haiti-sub17-femenina-ceus-mbappe-lesion\/","title":{"rendered":"Resumen deportivo: Hait\u00ed: Sub-17 femenina, C\u00e9us brilla, Mbapp\u00e9 lesionado,PSG Chelsea Champions League"},"content":{"rendered":"<h1 style=\"text-align: center\" data-section-id=\"1c0lto4\" data-start=\"3130\" data-end=\"3176\">RESUMEN DEPORTIVO \u2013 10 de marzo de 2026<\/h1>\n<h2 data-section-id=\"lszro8\" data-start=\"3178\" data-end=\"3194\">NACIONAL<\/h2>\n<h4 data-section-id=\"gz0v76\" data-start=\"3196\" data-end=\"3208\">\u00a0F\u00fatbol<\/h4>\n<p data-start=\"3210\" data-end=\"3274\"><strong>La selecci\u00f3n femenina Sub-17 de Hait\u00ed apunta al Mundial 2026<\/strong><\/p>\n<p data-start=\"3276\" data-end=\"3416\">La selecci\u00f3n femenina Sub-17 de Hait\u00ed se prepara para la fase final de las eliminatorias del Mundial Sub-17 femenino Marruecos 2026.<\/p>\n<p data-start=\"3418\" data-end=\"3496\"><a href=\"https:\/\/lequotidien509.com\/es\/noticias-deportivas-5-marzo-ziyech-mbappe-chelsea-haiti\/\">Solo los primeros de cada grupo y el mejor segundo clasificar\u00e1n al torneo.<\/a><\/p>\n<p data-start=\"3498\" data-end=\"3562\">Un partido de preparaci\u00f3n est\u00e1 previsto para el 28 de marzo.<\/p>\n<p data-start=\"3569\" data-end=\"3614\"><strong>Claudeson C\u00e9us brilla en la liga haitiana<\/strong><\/p>\n<p data-start=\"3616\" data-end=\"3791\">El delantero <span class=\"hover:entity-accent entity-underline inline cursor-pointer align-baseline\"><span class=\"whitespace-normal\">Claudeson C\u00e9us<\/span><\/span> present\u00f3 sus trofeos de Mejor Jugador y M\u00e1ximo Goleador de la serie de apertura de la Liga Haitiana de F\u00fatbol.<\/p>\n<p data-start=\"3793\" data-end=\"3907\">Su club <span class=\"hover:entity-accent entity-underline inline cursor-pointer align-baseline\"><span class=\"whitespace-normal\">Racing FC des Gona\u00efves<\/span><\/span> venci\u00f3 1-0 al <span class=\"hover:entity-accent entity-underline inline cursor-pointer align-baseline\"><span class=\"whitespace-normal\">Temp\u00eate FC<\/span><\/span>.<\/p>\n<h4 data-section-id=\"epdq2v\" data-start=\"3914\" data-end=\"3928\">\u00a0\u00a0INTERNACIONAL<\/h4>\n<p data-start=\"3944\" data-end=\"3980\"><strong>Mbapp\u00e9 avanza en su recuperaci\u00f3n<\/strong><\/p>\n<p data-start=\"3982\" data-end=\"4153\">La estrella francesa <span class=\"hover:entity-accent entity-underline inline cursor-pointer align-baseline\"><span class=\"whitespace-normal\">Kylian Mbapp\u00e9<\/span><\/span> contin\u00faa su recuperaci\u00f3n con el <span class=\"hover:entity-accent entity-underline inline cursor-pointer align-baseline\"><span class=\"whitespace-normal\">Real Madrid<\/span><\/span> tras una lesi\u00f3n en la rodilla.<\/p>\n<p data-start=\"4155\" data-end=\"4265\"><a href=\"https:\/\/www.footmercato.net\/transferts-en-direct\">El delantero se perder\u00e1 el duelo ante <span class=\"hover:entity-accent entity-underline inline cursor-pointer align-baseline\"><span class=\"whitespace-normal\">Manchester City<\/span><\/span>, pero su regreso est\u00e1 cerca.<\/a><\/p>\n<h4 data-section-id=\"gz0v76\" data-start=\"4293\" data-end=\"4305\">\u00a0F\u00fatbol<\/h4>\n<p data-start=\"4307\" data-end=\"4341\"><strong>Nantes despide a Ahmed Kantari<\/strong><\/p>\n<p data-start=\"4343\" data-end=\"4538\">El <span class=\"hover:entity-accent entity-underline inline cursor-pointer align-baseline\"><span class=\"whitespace-normal\">FC Nantes<\/span><\/span> decidi\u00f3 destituir a su entrenador <span class=\"hover:entity-accent entity-underline inline cursor-pointer align-baseline\"><span class=\"whitespace-normal\">Ahmed Kantari<\/span><\/span> tras la derrota frente al <span class=\"hover:entity-accent entity-underline inline cursor-pointer align-baseline\"><span class=\"whitespace-normal\">Angers SCO<\/span><\/span>.<\/p>\n<p data-start=\"4540\" data-end=\"4624\">El t\u00e9cnico <span class=\"hover:entity-accent entity-underline inline cursor-pointer align-baseline\"><span class=\"whitespace-normal\">Vahid Halilhod\u017ei\u0107<\/span><\/span> podr\u00eda regresar al banquillo.<\/p>\n<p data-start=\"4631\" data-end=\"4667\"><strong>Champions League: PSG vs Chelsea<\/strong><\/p>\n<p data-start=\"4669\" data-end=\"4825\">El <span class=\"hover:entity-accent entity-underline inline cursor-pointer align-baseline\"><span class=\"whitespace-normal\">Paris Saint-Germain<\/span><\/span> se enfrentar\u00e1 al <span class=\"hover:entity-accent entity-underline inline cursor-pointer align-baseline\"><span class=\"whitespace-normal\">Chelsea FC<\/span><\/span> en los octavos de final de la Liga de Campeones.<\/p>\n<p data-start=\"4827\" data-end=\"4912\">El mediocampista <span class=\"hover:entity-accent entity-underline inline cursor-pointer align-baseline\"><span class=\"whitespace-normal\">Jo\u00e3o Neves<\/span><\/span> es duda para el partido.<\/p>\n<h4 data-section-id=\"s1t83o\" data-start=\"4919\" data-end=\"4942\">\u00a0Baloncesto \u2013 NBA<\/h4>\n<p data-start=\"4944\" data-end=\"4985\"><a href=\"https:\/\/www.basketusa.com\/\"><strong>Shai Gilgeous-Alexander hace historia<\/strong><\/a><\/p>\n<p data-start=\"4987\" data-end=\"5185\">El base <span class=\"hover:entity-accent entity-underline inline cursor-pointer align-baseline\"><span class=\"whitespace-normal\">Shai Gilgeous-Alexander<\/span><\/span> brill\u00f3 con el <span class=\"hover:entity-accent entity-underline inline cursor-pointer align-baseline\"><span class=\"whitespace-normal\">Oklahoma City Thunder<\/span><\/span>, igualando un r\u00e9cord hist\u00f3rico frente a los <span class=\"hover:entity-accent entity-underline inline cursor-pointer align-baseline\"><span class=\"whitespace-normal\">Denver Nuggets<\/span><\/span>.<\/p>\n<p>Cherline Ades.<\/p>\n","protected":false},"excerpt":{"rendered":"<p>RESUMEN DEPORTIVO \u2013 10 de marzo de 2026 NACIONAL \u00a0F\u00fatbol La selecci\u00f3n femenina Sub-17 de Hait\u00ed apunta al Mundial 2026 La selecci\u00f3n femenina Sub-17 de Hait\u00ed se prepara para la fase final de las eliminatorias del Mundial Sub-17 femenino Marruecos 2026. Solo los primeros de cada grupo y el mejor segundo clasificar\u00e1n al torneo. Un partido de preparaci\u00f3n est\u00e1 previsto para el 28 de marzo. Claudeson C\u00e9us brilla en la liga haitiana El delantero Claudeson C\u00e9us present\u00f3 sus trofeos de Mejor Jugador y M\u00e1ximo Goleador de la serie de apertura de la Liga Haitiana de F\u00fatbol. Su club Racing FC des Gona\u00efves venci\u00f3 1-0 al Temp\u00eate FC. \u00a0\u00a0INTERNACIONAL Mbapp\u00e9 avanza en su recuperaci\u00f3n La estrella francesa Kylian Mbapp\u00e9 contin\u00faa su recuperaci\u00f3n con el Real Madrid tras una lesi\u00f3n en la rodilla. El delantero se perder\u00e1 el duelo ante Manchester City, pero su regreso est\u00e1 cerca. \u00a0F\u00fatbol Nantes despide a Ahmed Kantari El FC Nantes decidi\u00f3 destituir a su entrenador Ahmed Kantari tras la derrota frente al Angers SCO. El t\u00e9cnico Vahid Halilhod\u017ei\u0107 podr\u00eda regresar al banquillo. Champions League: PSG vs Chelsea El Paris Saint-Germain se enfrentar\u00e1 al Chelsea FC en los octavos de final de la Liga de Campeones. El mediocampista Jo\u00e3o Neves es duda para el partido. \u00a0Baloncesto \u2013 NBA Shai Gilgeous-Alexander hace historia El base Shai Gilgeous-Alexander brill\u00f3 con el Oklahoma City Thunder, igualando un r\u00e9cord hist\u00f3rico frente a los Denver Nuggets. Cherline Ades.<\/p>\n","protected":false},"author":9,"featured_media":30753,"comment_status":"closed","ping_status":"closed","sticky":false,"template":"","format":"standard","meta":{"give_campaign_id":0,"_crdt_document":"","jetpack_post_was_ever_published":false,"_jetpack_newsletter_access":"","_jetpack_dont_email_post_to_subs":false,"_jetpack_newsletter_tier_id":0,"_jetpack_memberships_contains_paywalled_content":false,"_jetpack_memberships_contains_paid_content":false,"jnews-multi-image_gallery":[],"jnews_single_post":{"format":"standard","override":[{"template":"4","parallax":"1","layout":"right-sidebar","sidebar":"default-sidebar","second_sidebar":"default-sidebar","sticky_sidebar":"1","share_position":"topbottom","share_float_style":"share-monocrhome","show_featured":"1","show_post_meta":"1","show_post_author":"1","show_post_author_image":"1","show_post_date":"1","post_date_format":"default","post_date_format_custom":"Y\/m\/d","show_post_category":"1","show_post_reading_time":"1","post_reading_time_wpm":"300","post_calculate_word_method":"str_word_count","show_zoom_button":"0","zoom_button_out_step":"2","zoom_button_in_step":"3","show_post_tag":"1","show_comment_section":"1","number_popup_post":"1","show_inline_post_related":"1"}],"image_override":[{"single_post_thumbnail_size":"crop-500","single_post_gallery_size":"crop-500"}],"trending_post_position":"meta","trending_post_label":"Trending","sponsored_post_label":"Sponsored by","disable_ad":"0","subtitle":"La selecci\u00f3n femenina Sub-17 de Hait\u00ed apunta al Mundial 2026. Claudeson C\u00e9us destaca en la liga haitiana y Mbapp\u00e9 sigue su recuperaci\u00f3n"},"jnews_primary_category":[],"jnews_social_meta":[],"jnews_post_split":{"post_split":[{"template":"1","tag":"h2","numbering":"asc","mode":"normal","first":"0","enable_toc":"0","toc_type":"normal"}]},"footnotes":"","jetpack_publicize_message":"","jetpack_publicize_feature_enabled":true,"jetpack_social_post_already_shared":true,"jetpack_social_options":{"image_generator_settings":{"template":"highway","default_image_id":0,"font":"","enabled":false},"version":2}},"categories":[3203],"tags":[],"class_list":["post-30752","post","type-post","status-publish","format-standard","has-post-thumbnail","hentry","category-noticias"],"aioseo_notices":[],"jetpack_publicize_connections":[],"jetpack_featured_media_url":"https:\/\/i0.wp.com\/lequotidien509.com\/wp-content\/uploads\/2026\/03\/Culturelle-53-1.webp?fit=1920%2C1080&ssl=1","jetpack_sharing_enabled":true,"_links":{"self":[{"href":"https:\/\/lequotidien509.com\/es\/wp-json\/wp\/v2\/posts\/30752","targetHints":{"allow":["GET"]}}],"collection":[{"href":"https:\/\/lequotidien509.com\/es\/wp-json\/wp\/v2\/posts"}],"about":[{"href":"https:\/\/lequotidien509.com\/es\/wp-json\/wp\/v2\/types\/post"}],"author":[{"embeddable":true,"href":"https:\/\/lequotidien509.com\/es\/wp-json\/wp\/v2\/users\/9"}],"replies":[{"embeddable":true,"href":"https:\/\/lequotidien509.com\/es\/wp-json\/wp\/v2\/comments?post=30752"}],"version-history":[{"count":2,"href":"https:\/\/lequotidien509.com\/es\/wp-json\/wp\/v2\/posts\/30752\/revisions"}],"predecessor-version":[{"id":30756,"href":"https:\/\/lequotidien509.com\/es\/wp-json\/wp\/v2\/posts\/30752\/revisions\/30756"}],"wp:featuredmedia":[{"embeddable":true,"href":"https:\/\/lequotidien509.com\/es\/wp-json\/wp\/v2\/media\/30753"}],"wp:attachment":[{"href":"https:\/\/lequotidien509.com\/es\/wp-json\/wp\/v2\/media?parent=30752"}],"wp:term":[{"taxonomy":"category","embeddable":true,"href":"https:\/\/lequotidien509.com\/es\/wp-json\/wp\/v2\/categories?post=30752"},{"taxonomy":"post_tag","embeddable":true,"href":"https:\/\/lequotidien509.com\/es\/wp-json\/wp\/v2\/tags?post=30752"}],"curies":[{"name":"wp","href":"https:\/\/api.w.org\/{rel}","templated":true}]}}