{"id":30681,"date":"2026-03-09T09:49:25","date_gmt":"2026-03-09T13:49:25","guid":{"rendered":"https:\/\/lequotidien509.com\/?p=30681"},"modified":"2026-03-09T09:49:25","modified_gmt":"2026-03-09T13:49:25","slug":"abinader-alianza-estrategica-estados-unidos-cumbre-escudo-americas","status":"publish","type":"post","link":"https:\/\/lequotidien509.com\/es\/abinader-alianza-estrategica-estados-unidos-cumbre-escudo-americas\/","title":{"rendered":"Rep\u00fablica Dominicana refuerza cooperaci\u00f3n regional en la Cumbre Escudo de las Am\u00e9ricas"},"content":{"rendered":"<p data-start=\"1175\" data-end=\"1493\">El presidente de la <span class=\"hover:entity-accent entity-underline inline cursor-pointer align-baseline\"><span class=\"whitespace-normal\">Rep\u00fablica Dominicana<\/span><\/span>, <span class=\"hover:entity-accent entity-underline inline cursor-pointer align-baseline\"><span class=\"whitespace-normal\">Luis Abinader<\/span><\/span>, particip\u00f3 en la Cumbre Escudo de las Am\u00e9ricas, organizada por el presidente de <span class=\"hover:entity-accent entity-underline inline cursor-pointer align-baseline\"><span class=\"whitespace-normal\">Estados Unidos<\/span><\/span>,<a href=\"https:\/\/presidencia.gob.do\/noticias\/presidente-abinader-participa-en-firma-de-proclamacion-para-crear-una-coalicion-militar\"> <span class=\"hover:entity-accent entity-underline inline cursor-pointer align-baseline\"><span class=\"whitespace-normal\">Donald Trump<\/span><\/span>, en el complejo de Mar-a-Lago, en Florida.<\/a><\/p>\n<p data-start=\"1495\" data-end=\"1740\">El encuentro reuni\u00f3 a varios jefes de Estado de Am\u00e9rica Latina y el Caribe con el objetivo de fortalecer la cooperaci\u00f3n regional frente al crimen organizado, el narcotr\u00e1fico y otras amenazas transnacionales. Durante la reuni\u00f3n, los mandatarios presentes respaldaron la creaci\u00f3n de una Coalici\u00f3n Antic\u00e1rteles de las Am\u00e9ricas, orientada a coordinar acciones regionales contra las organizaciones criminales transnacionales.<\/p>\n<p data-start=\"2063\" data-end=\"2360\">A trav\u00e9s de sus redes sociales, Abinader se\u00f1al\u00f3 la disposici\u00f3n de la Rep\u00fablica Dominicana de alinearse con estrategias econ\u00f3micas, pol\u00edticas, militares y tecnol\u00f3gicas impulsadas por Estados Unidos. Tambi\u00e9n agradeci\u00f3 a Donald Trump y destac\u00f3 el car\u00e1cter hist\u00f3rico de la relaci\u00f3n entre ambos pa\u00edses.<\/p>\n<p data-start=\"2362\" data-end=\"2515\">Adem\u00e1s de la lucha contra el narcotr\u00e1fico, la cooperaci\u00f3n entre <span class=\"hover:entity-accent entity-underline inline cursor-pointer align-baseline\"><span class=\"whitespace-normal\">Santo Domingo<\/span><\/span> y Washington abarca diversos sectores estrat\u00e9gicos.<\/p>\n<p data-start=\"2517\" data-end=\"2719\">En materia de seguridad y defensa, el pa\u00eds autoriz\u00f3 a Estados Unidos a utilizar determinadas zonas a\u00e9reas dominicanas para operaciones log\u00edsticas vinculadas a la operaci\u00f3n denominada Southern Spear.<\/p>\n<p data-start=\"2767\" data-end=\"3121\">En el \u00e1mbito tecnol\u00f3gico, se prev\u00e9 el desarrollo de un puerto digital internacional en colaboraci\u00f3n con <span class=\"hover:entity-accent entity-underline inline cursor-pointer align-baseline\"><span class=\"whitespace-normal\">Google<\/span><\/span>, as\u00ed como la instalaci\u00f3n de un cable submarino que conectar\u00eda la Rep\u00fablica Dominicana con los estados estadounidenses de Carolina del Sur y Virginia, con una inversi\u00f3n inicial estimada en 500 millones de d\u00f3lares.<\/p>\n<p data-start=\"3123\" data-end=\"3319\"><a href=\"https:\/\/lequotidien509.com\/es\/chile-el-primer-ministro-haitiano-alix-didier-fils-aime-asistira-a-la-investidura-de-jose-antonio-kast\/\">El pa\u00eds tambi\u00e9n busca integrarse en las cadenas de valor de la industria de semiconductores mediante una estrategia nacional y acuerdos en preparaci\u00f3n con la <span class=\"hover:entity-accent entity-underline inline cursor-pointer align-baseline\"><span class=\"whitespace-normal\">Purdue University<\/span><\/span>.<\/a><\/p>\n<p data-start=\"3366\" data-end=\"3470\">La cooperaci\u00f3n bilateral tambi\u00e9n incluye discusiones sobre proyectos de energ\u00eda y desarrollo sostenible.<\/p>\n<p data-start=\"3472\" data-end=\"3768\">Entre las iniciativas mencionadas se encuentra la construcci\u00f3n de un futuro puerto espacial comercial en <span class=\"hover:entity-accent entity-underline inline cursor-pointer align-baseline\"><span class=\"whitespace-normal\">Oviedo<\/span><\/span>, en la provincia de Pedernales, en alianza con la empresa <span class=\"hover:entity-accent entity-underline inline cursor-pointer align-baseline\"><span class=\"whitespace-normal\">Launch On Demand<\/span><\/span>, con una inversi\u00f3n estimada en 600 millones de d\u00f3lares.<\/p>\n<p data-start=\"3770\" data-end=\"3964\">En el plano pol\u00edtico regional, Abinader reiter\u00f3 su oposici\u00f3n al gobierno de <span class=\"hover:entity-accent entity-underline inline cursor-pointer align-baseline\"><span class=\"whitespace-normal\">Nicol\u00e1s Maduro<\/span><\/span> y expres\u00f3 su apoyo a la democracia en <span class=\"hover:entity-accent entity-underline inline cursor-pointer align-baseline\"><span class=\"whitespace-normal\">Venezuela<\/span><\/span>.<\/p>\n<p data-start=\"4009\" data-end=\"4247\">Pese al fortalecimiento de la relaci\u00f3n bilateral, la Rep\u00fablica Dominicana contin\u00faa afectada por la pol\u00edtica arancelaria del 10 % aplicada por Washington, la cual incide en algunas exportaciones dominicanas y en las zonas francas del pa\u00eds.<\/p>\n<p data-start=\"4009\" data-end=\"4247\">Soraya Ades.<\/p>\n","protected":false},"excerpt":{"rendered":"<p>El presidente de la Rep\u00fablica Dominicana, Luis Abinader, particip\u00f3 en la Cumbre Escudo de las Am\u00e9ricas, organizada por el presidente de Estados Unidos, Donald Trump, en el complejo de Mar-a-Lago, en Florida. El encuentro reuni\u00f3 a varios jefes de Estado de Am\u00e9rica Latina y el Caribe con el objetivo de fortalecer la cooperaci\u00f3n regional frente al crimen organizado, el narcotr\u00e1fico y otras amenazas transnacionales. Durante la reuni\u00f3n, los mandatarios presentes respaldaron la creaci\u00f3n de una Coalici\u00f3n Antic\u00e1rteles de las Am\u00e9ricas, orientada a coordinar acciones regionales contra las organizaciones criminales transnacionales. A trav\u00e9s de sus redes sociales, Abinader se\u00f1al\u00f3 la disposici\u00f3n de la Rep\u00fablica Dominicana de alinearse con estrategias econ\u00f3micas, pol\u00edticas, militares y tecnol\u00f3gicas impulsadas por Estados Unidos. Tambi\u00e9n agradeci\u00f3 a Donald Trump y destac\u00f3 el car\u00e1cter hist\u00f3rico de la relaci\u00f3n entre ambos pa\u00edses. Adem\u00e1s de la lucha contra el narcotr\u00e1fico, la cooperaci\u00f3n entre Santo Domingo y Washington abarca diversos sectores estrat\u00e9gicos. En materia de seguridad y defensa, el pa\u00eds autoriz\u00f3 a Estados Unidos a utilizar determinadas zonas a\u00e9reas dominicanas para operaciones log\u00edsticas vinculadas a la operaci\u00f3n denominada Southern Spear. En el \u00e1mbito tecnol\u00f3gico, se prev\u00e9 el desarrollo de un puerto digital internacional en colaboraci\u00f3n con Google, as\u00ed como la instalaci\u00f3n de un cable submarino que conectar\u00eda la Rep\u00fablica Dominicana con los estados estadounidenses de Carolina del Sur y Virginia, con una inversi\u00f3n inicial estimada en 500 millones de d\u00f3lares. El pa\u00eds tambi\u00e9n busca integrarse en las cadenas de valor de la industria de semiconductores mediante una estrategia nacional y acuerdos en preparaci\u00f3n con la Purdue University. La cooperaci\u00f3n bilateral tambi\u00e9n incluye discusiones sobre proyectos de energ\u00eda y desarrollo sostenible. Entre las iniciativas mencionadas se encuentra la construcci\u00f3n de un futuro puerto espacial comercial en Oviedo, en la provincia de Pedernales, en alianza con la empresa Launch On Demand, con una inversi\u00f3n estimada en 600 millones de d\u00f3lares. En el plano pol\u00edtico regional, Abinader reiter\u00f3 su oposici\u00f3n al gobierno de Nicol\u00e1s Maduro y expres\u00f3 su apoyo a la democracia en Venezuela. Pese al fortalecimiento de la relaci\u00f3n bilateral, la Rep\u00fablica Dominicana contin\u00faa afectada por la pol\u00edtica arancelaria del 10 % aplicada por Washington, la cual incide en algunas exportaciones dominicanas y en las zonas francas del pa\u00eds. Soraya Ades.<\/p>\n","protected":false},"author":9,"featured_media":30682,"comment_status":"closed","ping_status":"closed","sticky":false,"template":"","format":"standard","meta":{"give_campaign_id":0,"_crdt_document":"","jetpack_post_was_ever_published":false,"_jetpack_newsletter_access":"","_jetpack_dont_email_post_to_subs":false,"_jetpack_newsletter_tier_id":0,"_jetpack_memberships_contains_paywalled_content":false,"_jetpack_memberships_contains_paid_content":false,"jnews-multi-image_gallery":[],"jnews_single_post":{"format":"standard","override":[{"template":"4","parallax":"1","layout":"right-sidebar","sidebar":"default-sidebar","second_sidebar":"default-sidebar","sticky_sidebar":"1","share_position":"topbottom","share_float_style":"share-monocrhome","show_featured":"1","show_post_meta":"1","show_post_author":"1","show_post_author_image":"1","show_post_date":"1","post_date_format":"default","post_date_format_custom":"Y\/m\/d","show_post_category":"1","show_post_reading_time":"1","post_reading_time_wpm":"300","post_calculate_word_method":"str_word_count","show_zoom_button":"0","zoom_button_out_step":"2","zoom_button_in_step":"3","show_post_tag":"1","show_comment_section":"1","number_popup_post":"1","show_inline_post_related":"1"}],"image_override":[{"single_post_thumbnail_size":"crop-500","single_post_gallery_size":"crop-500"}],"trending_post_position":"meta","trending_post_label":"Trending","sponsored_post_label":"Sponsored by","disable_ad":"0","subtitle":"El presidente dominicano particip\u00f3 en la Cumbre Escudo de las Am\u00e9ricas en Florida, enfocada en fortalecer la cooperaci\u00f3n regional contra el crimen organizado y ampliar las alianzas estrat\u00e9gicas con Washington."},"jnews_primary_category":[],"jnews_social_meta":[],"jnews_post_split":{"post_split":[{"template":"1","tag":"h2","numbering":"asc","mode":"normal","first":"0","enable_toc":"0","toc_type":"normal"}]},"footnotes":"","jetpack_publicize_message":"","jetpack_publicize_feature_enabled":true,"jetpack_social_post_already_shared":true,"jetpack_social_options":{"image_generator_settings":{"template":"highway","default_image_id":0,"font":"","enabled":false},"version":2}},"categories":[3267],"tags":[],"class_list":["post-30681","post","type-post","status-publish","format-standard","has-post-thumbnail","hentry","category-republica-dominicana"],"aioseo_notices":[],"jetpack_publicize_connections":[],"jetpack_featured_media_url":"https:\/\/i0.wp.com\/lequotidien509.com\/wp-content\/uploads\/2026\/03\/Culturelle-8-4.webp?fit=1920%2C1080&ssl=1","jetpack_sharing_enabled":true,"_links":{"self":[{"href":"https:\/\/lequotidien509.com\/es\/wp-json\/wp\/v2\/posts\/30681","targetHints":{"allow":["GET"]}}],"collection":[{"href":"https:\/\/lequotidien509.com\/es\/wp-json\/wp\/v2\/posts"}],"about":[{"href":"https:\/\/lequotidien509.com\/es\/wp-json\/wp\/v2\/types\/post"}],"author":[{"embeddable":true,"href":"https:\/\/lequotidien509.com\/es\/wp-json\/wp\/v2\/users\/9"}],"replies":[{"embeddable":true,"href":"https:\/\/lequotidien509.com\/es\/wp-json\/wp\/v2\/comments?post=30681"}],"version-history":[{"count":1,"href":"https:\/\/lequotidien509.com\/es\/wp-json\/wp\/v2\/posts\/30681\/revisions"}],"predecessor-version":[{"id":30683,"href":"https:\/\/lequotidien509.com\/es\/wp-json\/wp\/v2\/posts\/30681\/revisions\/30683"}],"wp:featuredmedia":[{"embeddable":true,"href":"https:\/\/lequotidien509.com\/es\/wp-json\/wp\/v2\/media\/30682"}],"wp:attachment":[{"href":"https:\/\/lequotidien509.com\/es\/wp-json\/wp\/v2\/media?parent=30681"}],"wp:term":[{"taxonomy":"category","embeddable":true,"href":"https:\/\/lequotidien509.com\/es\/wp-json\/wp\/v2\/categories?post=30681"},{"taxonomy":"post_tag","embeddable":true,"href":"https:\/\/lequotidien509.com\/es\/wp-json\/wp\/v2\/tags?post=30681"}],"curies":[{"name":"wp","href":"https:\/\/api.w.org\/{rel}","templated":true}]}}