{"id":30646,"date":"2026-03-08T19:26:19","date_gmt":"2026-03-08T23:26:19","guid":{"rendered":"https:\/\/lequotidien509.com\/?p=30646"},"modified":"2026-03-08T19:26:19","modified_gmt":"2026-03-08T23:26:19","slug":"chile-el-primer-ministro-haitiano-alix-didier-fils-aime-asistira-a-la-investidura-de-jose-antonio-kast","status":"publish","type":"post","link":"https:\/\/lequotidien509.com\/es\/chile-el-primer-ministro-haitiano-alix-didier-fils-aime-asistira-a-la-investidura-de-jose-antonio-kast\/","title":{"rendered":"Chile: el primer ministro haitiano Alix Didier Fils-Aim\u00e9 asistir\u00e1 a la investidura de Jos\u00e9 Antonio Kast"},"content":{"rendered":"<p data-start=\"102\" data-end=\"505\">El primer ministro haitiano <span class=\"hover:entity-accent entity-underline inline cursor-pointer align-baseline\"><span class=\"whitespace-normal\">Alix Didier Fils-Aim\u00e9<\/span><\/span> viajar\u00e1 a Chile a partir del martes 10 de marzo de 2026 para asistir a la ceremonia de investidura del nuevo presidente chileno, <span class=\"hover:entity-accent entity-underline inline cursor-pointer align-baseline\"><span class=\"whitespace-normal\">Jos\u00e9 Antonio Kast<\/span><\/span>. Las actividades protocolares se desarrollar\u00e1n entre <span class=\"hover:entity-accent entity-underline inline cursor-pointer align-baseline\"><span class=\"whitespace-normal\">Santiago<\/span><\/span> y <span class=\"hover:entity-accent entity-underline inline cursor-pointer align-baseline\"><span class=\"whitespace-normal\">Valpara\u00edso<\/span><\/span>, del 10 al 12 de marzo de 2026.<\/p>\n<p data-start=\"507\" data-end=\"796\">Seg\u00fan informaciones confirmadas por varias fuentes a nivel gubernamental, esta participaci\u00f3n se produce en un contexto diplom\u00e1tico sensible para Hait\u00ed, marcado por la persistente crisis de seguridad en el pa\u00eds y por los debates regionales sobre la migraci\u00f3n haitiana en Am\u00e9rica Latina.<\/p>\n<h3 data-section-id=\"1cngor6\" data-start=\"798\" data-end=\"841\">Una postura firme frente a la migraci\u00f3n<\/h3>\n<p data-start=\"843\" data-end=\"1227\">El nuevo presidente chileno, <span class=\"hover:entity-accent entity-underline inline cursor-pointer align-baseline\"><span class=\"whitespace-normal\">Jos\u00e9 Antonio Kast<\/span><\/span>, es conocido por sus posiciones firmes frente a la migraci\u00f3n irregular. Durante su campa\u00f1a electoral, prometi\u00f3 reforzar el control de las fronteras, acelerar las expulsiones de migrantes en situaci\u00f3n irregular y endurecer las pol\u00edticas migratorias con el fin de limitar el ingreso clandestino al pa\u00eds.<\/p>\n<p data-start=\"1229\" data-end=\"1276\">Entre sus principales propuestas se destacan:<\/p>\n<ul data-start=\"1277\" data-end=\"1551\">\n<li data-section-id=\"urqv98\" data-start=\"1277\" data-end=\"1418\">\n<p data-start=\"1279\" data-end=\"1418\">el refuerzo de la vigilancia en la frontera norte de Chile, principal punto de ingreso de migrantes provenientes de la regi\u00f3n andina;<\/p>\n<\/li>\n<li data-section-id=\"ecp5zr\" data-start=\"1419\" data-end=\"1471\">\n<p data-start=\"1421\" data-end=\"1471\">la revisi\u00f3n del sistema de asilo y de visas;<\/p>\n<\/li>\n<li data-section-id=\"1f3j43d\" data-start=\"1472\" data-end=\"1551\">\n<p data-start=\"1474\" data-end=\"1551\">una pol\u00edtica migratoria que priorice la inmigraci\u00f3n regular y controlada.<\/p>\n<\/li>\n<\/ul>\n<p data-start=\"1553\" data-end=\"1748\">Estas posiciones han generado un intenso debate en Chile, en un contexto de aumento de los flujos migratorios en los \u00faltimos a\u00f1os, entre los cuales figuran ciudadanos haitianos y venezolanos.<\/p>\n<h3 data-section-id=\"rrfgzo\" data-start=\"1750\" data-end=\"1799\">Una visita con fuerte significado diplom\u00e1tico<\/h3>\n<p data-start=\"1801\" data-end=\"2137\">La presencia del primer ministro haitiano en esta investidura podr\u00eda tambi\u00e9n abrir espacio para conversaciones bilaterales informales sobre temas migratorios, humanitarios y de cooperaci\u00f3n regional, en un momento en que varios pa\u00edses de Am\u00e9rica Latina est\u00e1n reevaluando sus pol\u00edticas de acogida frente a los movimientos migratorios.<\/p>\n<p data-start=\"2139\" data-end=\"2369\" data-is-last-node=\"\" data-is-only-node=\"\">Esta visita se inscribe en la voluntad de las autoridades haitianas de mantener un di\u00e1logo diplom\u00e1tico activo con los socios de la regi\u00f3n, en medio de la crisis interna que atraviesa Hait\u00ed y de la creciente presi\u00f3n migratoria.<\/p>\n","protected":false},"excerpt":{"rendered":"<p>El primer ministro haitiano Alix Didier Fils-Aim\u00e9 viajar\u00e1 a Chile a partir del martes 10 de marzo de 2026 para asistir a la ceremonia de investidura del nuevo presidente chileno, Jos\u00e9 Antonio Kast. Las actividades protocolares se desarrollar\u00e1n entre Santiago y Valpara\u00edso, del 10 al 12 de marzo de 2026. Seg\u00fan informaciones confirmadas por varias fuentes a nivel gubernamental, esta participaci\u00f3n se produce en un contexto diplom\u00e1tico sensible para Hait\u00ed, marcado por la persistente crisis de seguridad en el pa\u00eds y por los debates regionales sobre la migraci\u00f3n haitiana en Am\u00e9rica Latina. Una postura firme frente a la migraci\u00f3n El nuevo presidente chileno, Jos\u00e9 Antonio Kast, es conocido por sus posiciones firmes frente a la migraci\u00f3n irregular. Durante su campa\u00f1a electoral, prometi\u00f3 reforzar el control de las fronteras, acelerar las expulsiones de migrantes en situaci\u00f3n irregular y endurecer las pol\u00edticas migratorias con el fin de limitar el ingreso clandestino al pa\u00eds. Entre sus principales propuestas se destacan: el refuerzo de la vigilancia en la frontera norte de Chile, principal punto de ingreso de migrantes provenientes de la regi\u00f3n andina; la revisi\u00f3n del sistema de asilo y de visas; una pol\u00edtica migratoria que priorice la inmigraci\u00f3n regular y controlada. Estas posiciones han generado un intenso debate en Chile, en un contexto de aumento de los flujos migratorios en los \u00faltimos a\u00f1os, entre los cuales figuran ciudadanos haitianos y venezolanos. Una visita con fuerte significado diplom\u00e1tico La presencia del primer ministro haitiano en esta investidura podr\u00eda tambi\u00e9n abrir espacio para conversaciones bilaterales informales sobre temas migratorios, humanitarios y de cooperaci\u00f3n regional, en un momento en que varios pa\u00edses de Am\u00e9rica Latina est\u00e1n reevaluando sus pol\u00edticas de acogida frente a los movimientos migratorios. Esta visita se inscribe en la voluntad de las autoridades haitianas de mantener un di\u00e1logo diplom\u00e1tico activo con los socios de la regi\u00f3n, en medio de la crisis interna que atraviesa Hait\u00ed y de la creciente presi\u00f3n migratoria.<\/p>\n","protected":false},"author":3,"featured_media":30647,"comment_status":"closed","ping_status":"closed","sticky":false,"template":"","format":"standard","meta":{"give_campaign_id":0,"_crdt_document":"","jetpack_post_was_ever_published":false,"_jetpack_newsletter_access":"","_jetpack_dont_email_post_to_subs":false,"_jetpack_newsletter_tier_id":0,"_jetpack_memberships_contains_paywalled_content":false,"_jetpack_memberships_contains_paid_content":false,"jnews-multi-image_gallery":[],"jnews_single_post":{"format":"standard","override":[{"template":"4","parallax":"1","layout":"right-sidebar","sidebar":"default-sidebar","second_sidebar":"default-sidebar","sticky_sidebar":"1","share_position":"topbottom","share_float_style":"share-monocrhome","show_featured":"1","show_post_meta":"1","show_post_author":"1","show_post_author_image":"1","show_post_date":"1","post_date_format":"default","post_date_format_custom":"Y\/m\/d","show_post_category":"1","show_post_reading_time":"1","post_reading_time_wpm":"300","post_calculate_word_method":"str_word_count","show_zoom_button":"0","zoom_button_out_step":"2","zoom_button_in_step":"3","show_post_tag":"1","show_comment_section":"1","number_popup_post":"1","show_inline_post_related":"1"}],"image_override":[{"single_post_thumbnail_size":"crop-500","single_post_gallery_size":"crop-500"}],"trending_post_position":"meta","trending_post_label":"Trending","sponsored_post_label":"Sponsored by","disable_ad":"0","subtitle":"El primer ministro de Hait\u00ed, Alix Didier Fils-Aim\u00e9, viajar\u00e1 a Chile el 10 de marzo de 2026 para participar en la ceremonia de investidura del nuevo presidente chileno, Jos\u00e9 Antonio Kast. La visita se produce en un contexto diplom\u00e1tico delicado para Hait\u00ed, marcado por la crisis de seguridad en el pa\u00eds y por el debate regional sobre la migraci\u00f3n haitiana en Am\u00e9rica Latina."},"jnews_primary_category":[],"jnews_social_meta":[],"jnews_post_split":{"post_split":[{"template":"1","tag":"h2","numbering":"asc","mode":"normal","first":"0","enable_toc":"0","toc_type":"normal"}]},"footnotes":"","jetpack_publicize_message":"","jetpack_publicize_feature_enabled":true,"jetpack_social_post_already_shared":true,"jetpack_social_options":{"image_generator_settings":{"template":"highway","default_image_id":0,"font":"","enabled":false},"version":2}},"categories":[3215,3266,3203],"tags":[4756,4755],"class_list":["post-30646","post","type-post","status-publish","format-standard","has-post-thumbnail","hentry","category-en-portada","category-nacional","category-noticias","tag-chile","tag-kast"],"aioseo_notices":[],"jetpack_publicize_connections":[],"jetpack_featured_media_url":"https:\/\/i0.wp.com\/lequotidien509.com\/wp-content\/uploads\/2026\/03\/kastpm.webp?fit=1195%2C672&ssl=1","jetpack_sharing_enabled":true,"_links":{"self":[{"href":"https:\/\/lequotidien509.com\/es\/wp-json\/wp\/v2\/posts\/30646","targetHints":{"allow":["GET"]}}],"collection":[{"href":"https:\/\/lequotidien509.com\/es\/wp-json\/wp\/v2\/posts"}],"about":[{"href":"https:\/\/lequotidien509.com\/es\/wp-json\/wp\/v2\/types\/post"}],"author":[{"embeddable":true,"href":"https:\/\/lequotidien509.com\/es\/wp-json\/wp\/v2\/users\/3"}],"replies":[{"embeddable":true,"href":"https:\/\/lequotidien509.com\/es\/wp-json\/wp\/v2\/comments?post=30646"}],"version-history":[{"count":1,"href":"https:\/\/lequotidien509.com\/es\/wp-json\/wp\/v2\/posts\/30646\/revisions"}],"predecessor-version":[{"id":30648,"href":"https:\/\/lequotidien509.com\/es\/wp-json\/wp\/v2\/posts\/30646\/revisions\/30648"}],"wp:featuredmedia":[{"embeddable":true,"href":"https:\/\/lequotidien509.com\/es\/wp-json\/wp\/v2\/media\/30647"}],"wp:attachment":[{"href":"https:\/\/lequotidien509.com\/es\/wp-json\/wp\/v2\/media?parent=30646"}],"wp:term":[{"taxonomy":"category","embeddable":true,"href":"https:\/\/lequotidien509.com\/es\/wp-json\/wp\/v2\/categories?post=30646"},{"taxonomy":"post_tag","embeddable":true,"href":"https:\/\/lequotidien509.com\/es\/wp-json\/wp\/v2\/tags?post=30646"}],"curies":[{"name":"wp","href":"https:\/\/api.w.org\/{rel}","templated":true}]}}