{"id":30543,"date":"2026-03-06T11:23:59","date_gmt":"2026-03-06T16:23:59","guid":{"rendered":"https:\/\/lequotidien509.com\/?p=30543"},"modified":"2026-03-06T11:23:59","modified_gmt":"2026-03-06T16:23:59","slug":"republica-dominicana-impulsa-comercio-con-haiti-y-se-suma-a-alianza-regional-contra-el-narcoterrorismo","status":"publish","type":"post","link":"https:\/\/lequotidien509.com\/es\/republica-dominicana-impulsa-comercio-con-haiti-y-se-suma-a-alianza-regional-contra-el-narcoterrorismo\/","title":{"rendered":"Rep\u00fablica Dominicana impulsa comercio con Hait\u00ed y se suma a alianza regional contra el narcoterrorismo"},"content":{"rendered":"<p data-start=\"415\" data-end=\"746\"><strong data-start=\"415\" data-end=\"433\">Santo Domingo.<\/strong> La Rep\u00fablica Dominicana anunci\u00f3 el 6 de marzo de 2026 dos iniciativas estrat\u00e9gicas orientadas a fortalecer su papel en la regi\u00f3n: un acuerdo econ\u00f3mico para impulsar el comercio fronterizo con Hait\u00ed y su incorporaci\u00f3n a un pacto internacional destinado a combatir el narcoterrorismo en Am\u00e9rica Latina y el Caribe.<\/p>\n<h3 data-section-id=\"oma90u\" data-start=\"748\" data-end=\"849\">Comercio fronterizo: exportadores y comerciantes dominicanos refuerzan los intercambios con Hait\u00ed<\/h3>\n<p data-start=\"851\" data-end=\"1100\">La Asociaci\u00f3n de Exportadores Fronterizos de Cemento y Materiales de Construcci\u00f3n (Asoexpofroncem) y la Federaci\u00f3n Dominicana de Comerciantes (FDC)<a href=\"https:\/\/lequotidien509.com\/es\/republica-dominicana-expulso-67940-haitianos-enero-febrero-2026\/\"> informaron sobre un acuerdo destinado a fortalecer las exportaciones dominicanas hacia Hait\u00ed.<\/a><\/p>\n<p data-start=\"1102\" data-end=\"1272\">La iniciativa busca dinamizar el comercio bilateral y, al mismo tiempo, contribuir al desarrollo de las comunidades situadas a lo largo de la frontera entre ambos pa\u00edses.<\/p>\n<p data-start=\"1274\" data-end=\"1559\">Carlos Morillo, presidente de Asoexpofroncem, explic\u00f3 que el proyecto no se limita al \u00e1mbito estrictamente comercial, sino que tambi\u00e9n pretende mejorar las condiciones de vida en las zonas fronterizas, donde la actividad econ\u00f3mica representa un factor clave para la estabilidad social.<\/p>\n<p data-start=\"1561\" data-end=\"1823\">Ambas organizaciones se comprometieron a coordinar esfuerzos para aumentar la competitividad econ\u00f3mica y fomentar un entorno m\u00e1s estable en esta regi\u00f3n estrat\u00e9gica. El acuerdo surge en un contexto regional marcado por desaf\u00edos tanto econ\u00f3micos como de seguridad.<\/p>\n<h3 data-section-id=\"6c19cz\" data-start=\"1825\" data-end=\"1896\">Seguridad regional: <a href=\"https:\/\/www.diariolibre.com\/actualidad\/nacional\/2026\/03\/05\/rd-combatira-el-narcoterrorismo-con-estados-unidos\/3459530\">alianza internacional contra el narcoterrorismo<\/a><\/h3>\n<p data-start=\"1898\" data-end=\"2105\">Paralelamente, la Rep\u00fablica Dominicana firm\u00f3 el mismo 6 de marzo un acuerdo con Estados Unidos y otros 19 pa\u00edses de Am\u00e9rica Latina y el Caribe para reforzar la cooperaci\u00f3n regional contra el narcoterrorismo.<\/p>\n<p data-start=\"2107\" data-end=\"2270\">El pacto fue alcanzado en Miami durante la conferencia <em><strong data-start=\"2162\" data-end=\"2196\">\u201c<\/strong>Am\u00e9ricas contra los carteles\u201d<\/em>, convocada por el secretario de Defensa estadounidense, Pete Hegseth.<\/p>\n<p data-start=\"2272\" data-end=\"2518\">Entre las medidas previstas figuran el fortalecimiento de la seguridad fronteriza, la coordinaci\u00f3n de operaciones contra redes criminales, la protecci\u00f3n de infraestructuras cr\u00edticas y el intercambio de informaci\u00f3n entre los Estados participantes.<\/p>\n<p data-start=\"2520\" data-end=\"2694\">Washington advirti\u00f3 adem\u00e1s que podr\u00eda actuar de manera unilateral si los pa\u00edses de la regi\u00f3n no intensifican su compromiso en la lucha contra estas organizaciones criminales.<\/p>\n<p data-start=\"2696\" data-end=\"2886\">La iniciativa antecede a la cumbre \u201cEscudo de las Am\u00e9ricas\u201d, que el expresidente estadounidense Donald Trump tiene previsto presidir en Miami junto a varios l\u00edderes latinoamericanos.<\/p>\n<p>Soraya Ades.<\/p>\n","protected":false},"excerpt":{"rendered":"<p>Santo Domingo. La Rep\u00fablica Dominicana anunci\u00f3 el 6 de marzo de 2026 dos iniciativas estrat\u00e9gicas orientadas a fortalecer su papel en la regi\u00f3n: un acuerdo econ\u00f3mico para impulsar el comercio fronterizo con Hait\u00ed y su incorporaci\u00f3n a un pacto internacional destinado a combatir el narcoterrorismo en Am\u00e9rica Latina y el Caribe. Comercio fronterizo: exportadores y comerciantes dominicanos refuerzan los intercambios con Hait\u00ed La Asociaci\u00f3n de Exportadores Fronterizos de Cemento y Materiales de Construcci\u00f3n (Asoexpofroncem) y la Federaci\u00f3n Dominicana de Comerciantes (FDC) informaron sobre un acuerdo destinado a fortalecer las exportaciones dominicanas hacia Hait\u00ed. La iniciativa busca dinamizar el comercio bilateral y, al mismo tiempo, contribuir al desarrollo de las comunidades situadas a lo largo de la frontera entre ambos pa\u00edses. Carlos Morillo, presidente de Asoexpofroncem, explic\u00f3 que el proyecto no se limita al \u00e1mbito estrictamente comercial, sino que tambi\u00e9n pretende mejorar las condiciones de vida en las zonas fronterizas, donde la actividad econ\u00f3mica representa un factor clave para la estabilidad social. Ambas organizaciones se comprometieron a coordinar esfuerzos para aumentar la competitividad econ\u00f3mica y fomentar un entorno m\u00e1s estable en esta regi\u00f3n estrat\u00e9gica. El acuerdo surge en un contexto regional marcado por desaf\u00edos tanto econ\u00f3micos como de seguridad. Seguridad regional: alianza internacional contra el narcoterrorismo Paralelamente, la Rep\u00fablica Dominicana firm\u00f3 el mismo 6 de marzo un acuerdo con Estados Unidos y otros 19 pa\u00edses de Am\u00e9rica Latina y el Caribe para reforzar la cooperaci\u00f3n regional contra el narcoterrorismo. El pacto fue alcanzado en Miami durante la conferencia \u201cAm\u00e9ricas contra los carteles\u201d, convocada por el secretario de Defensa estadounidense, Pete Hegseth. Entre las medidas previstas figuran el fortalecimiento de la seguridad fronteriza, la coordinaci\u00f3n de operaciones contra redes criminales, la protecci\u00f3n de infraestructuras cr\u00edticas y el intercambio de informaci\u00f3n entre los Estados participantes. Washington advirti\u00f3 adem\u00e1s que podr\u00eda actuar de manera unilateral si los pa\u00edses de la regi\u00f3n no intensifican su compromiso en la lucha contra estas organizaciones criminales. La iniciativa antecede a la cumbre \u201cEscudo de las Am\u00e9ricas\u201d, que el expresidente estadounidense Donald Trump tiene previsto presidir en Miami junto a varios l\u00edderes latinoamericanos. Soraya Ades.<\/p>\n","protected":false},"author":9,"featured_media":30544,"comment_status":"closed","ping_status":"closed","sticky":false,"template":"","format":"standard","meta":{"give_campaign_id":0,"_crdt_document":"","jetpack_post_was_ever_published":false,"_jetpack_newsletter_access":"","_jetpack_dont_email_post_to_subs":false,"_jetpack_newsletter_tier_id":0,"_jetpack_memberships_contains_paywalled_content":false,"_jetpack_memberships_contains_paid_content":false,"jnews-multi-image_gallery":[],"jnews_single_post":{"format":"standard","override":[{"template":"4","parallax":"1","layout":"right-sidebar","sidebar":"default-sidebar","second_sidebar":"default-sidebar","sticky_sidebar":"1","share_position":"topbottom","share_float_style":"share-monocrhome","show_featured":"1","show_post_meta":"1","show_post_author":"1","show_post_author_image":"1","show_post_date":"1","post_date_format":"default","post_date_format_custom":"Y\/m\/d","show_post_category":"1","show_post_reading_time":"1","post_reading_time_wpm":"300","post_calculate_word_method":"str_word_count","show_zoom_button":"0","zoom_button_out_step":"2","zoom_button_in_step":"3","show_post_tag":"1","show_comment_section":"1","number_popup_post":"1","show_inline_post_related":"1"}],"image_override":[{"single_post_thumbnail_size":"crop-500","single_post_gallery_size":"crop-500"}],"trending_post_position":"meta","trending_post_label":"Trending","sponsored_post_label":"Sponsored by","disable_ad":"0","subtitle":"El pa\u00eds anunci\u00f3 el 6 de marzo de 2026 dos iniciativas clave: un acuerdo para fortalecer el comercio fronterizo con Hait\u00ed y su adhesi\u00f3n a una cooperaci\u00f3n regional liderada por Estados Unidos para combatir el narcoterrorismo en las Am\u00e9ricas."},"jnews_primary_category":[],"jnews_social_meta":[],"jnews_post_split":{"post_split":[{"template":"1","tag":"h2","numbering":"asc","mode":"normal","first":"0","enable_toc":"0","toc_type":"normal"}]},"footnotes":"","jetpack_publicize_message":"","jetpack_publicize_feature_enabled":true,"jetpack_social_post_already_shared":true,"jetpack_social_options":{"image_generator_settings":{"template":"highway","default_image_id":0,"font":"","enabled":false},"version":2}},"categories":[3267],"tags":[],"class_list":["post-30543","post","type-post","status-publish","format-standard","has-post-thumbnail","hentry","category-republica-dominicana"],"aioseo_notices":[],"jetpack_publicize_connections":[],"jetpack_featured_media_url":"https:\/\/i0.wp.com\/lequotidien509.com\/wp-content\/uploads\/2026\/03\/Culturelle-3-6.jpg?fit=1920%2C1080&ssl=1","jetpack_sharing_enabled":true,"_links":{"self":[{"href":"https:\/\/lequotidien509.com\/es\/wp-json\/wp\/v2\/posts\/30543","targetHints":{"allow":["GET"]}}],"collection":[{"href":"https:\/\/lequotidien509.com\/es\/wp-json\/wp\/v2\/posts"}],"about":[{"href":"https:\/\/lequotidien509.com\/es\/wp-json\/wp\/v2\/types\/post"}],"author":[{"embeddable":true,"href":"https:\/\/lequotidien509.com\/es\/wp-json\/wp\/v2\/users\/9"}],"replies":[{"embeddable":true,"href":"https:\/\/lequotidien509.com\/es\/wp-json\/wp\/v2\/comments?post=30543"}],"version-history":[{"count":2,"href":"https:\/\/lequotidien509.com\/es\/wp-json\/wp\/v2\/posts\/30543\/revisions"}],"predecessor-version":[{"id":30546,"href":"https:\/\/lequotidien509.com\/es\/wp-json\/wp\/v2\/posts\/30543\/revisions\/30546"}],"wp:featuredmedia":[{"embeddable":true,"href":"https:\/\/lequotidien509.com\/es\/wp-json\/wp\/v2\/media\/30544"}],"wp:attachment":[{"href":"https:\/\/lequotidien509.com\/es\/wp-json\/wp\/v2\/media?parent=30543"}],"wp:term":[{"taxonomy":"category","embeddable":true,"href":"https:\/\/lequotidien509.com\/es\/wp-json\/wp\/v2\/categories?post=30543"},{"taxonomy":"post_tag","embeddable":true,"href":"https:\/\/lequotidien509.com\/es\/wp-json\/wp\/v2\/tags?post=30543"}],"curies":[{"name":"wp","href":"https:\/\/api.w.org\/{rel}","templated":true}]}}