{"id":30450,"date":"2026-03-05T10:15:10","date_gmt":"2026-03-05T15:15:10","guid":{"rendered":"https:\/\/lequotidien509.com\/?p=30450"},"modified":"2026-03-05T10:19:33","modified_gmt":"2026-03-05T15:19:33","slug":"noticias-deportivas-5-marzo-ziyech-mbappe-chelsea-haiti","status":"publish","type":"post","link":"https:\/\/lequotidien509.com\/es\/noticias-deportivas-5-marzo-ziyech-mbappe-chelsea-haiti\/","title":{"rendered":"Noticias Deportivas \u2013 5 de marzo: Golazo de Ziyech, preocupaci\u00f3n por Mbapp\u00e9 y Jo\u00e3o Pedro brilla con Chelsea"},"content":{"rendered":"<h3 data-start=\"4420\" data-end=\"4437\">Internacional<\/h3>\n<h4 data-start=\"4439\" data-end=\"4486\">Gol espectacular de Hakim Ziyech con Wydad<\/h4>\n<p data-start=\"4488\" data-end=\"4699\">El mediocampista ofensivo marroqu\u00ed <span class=\"hover:entity-accent entity-underline inline cursor-pointer align-baseline\"><span class=\"whitespace-normal\">Hakim Ziyech<\/span><\/span> volvi\u00f3 a demostrar su talento con <span class=\"hover:entity-accent entity-underline inline cursor-pointer align-baseline\"><span class=\"whitespace-normal\">Wydad AC<\/span><\/span> en la jornada 9 de la <span class=\"hover:entity-accent entity-underline inline cursor-pointer align-baseline\"><span class=\"whitespace-normal\">Botola Pro<\/span><\/span>.<\/p>\n<p data-start=\"4701\" data-end=\"4936\"><a href=\"https:\/\/www.footmercato.net\/a4673998474998858101-hakim-ziyech-inscrit-un-but-fantastique-avec-le-wac-casablanca\">Ante <span class=\"hover:entity-accent entity-underline inline cursor-pointer align-baseline\"><span class=\"whitespace-normal\">AS FAR<\/span><\/span>, el exjugador del <span class=\"hover:entity-accent entity-underline inline cursor-pointer align-baseline\"><span class=\"whitespace-normal\">Ajax Amsterdam<\/span><\/span> anot\u00f3 un gol espectacular con la pierna izquierda desde fuera del \u00e1rea. Su potente disparo termin\u00f3 en la escuadra del portero rival.<\/a><\/p>\n<h4 data-start=\"4943\" data-end=\"4994\">Real Madrid molesto por la situaci\u00f3n de Mbapp\u00e9<\/h4>\n<p data-start=\"4996\" data-end=\"5148\">La situaci\u00f3n de la rodilla de <span class=\"hover:entity-accent entity-underline inline cursor-pointer align-baseline\"><span class=\"whitespace-normal\">Kylian Mbapp\u00e9<\/span><\/span> empieza a generar preocupaci\u00f3n dentro del <span class=\"hover:entity-accent entity-underline inline cursor-pointer align-baseline\"><span class=\"whitespace-normal\">Real Madrid<\/span><\/span>.<\/p>\n<p data-start=\"5150\" data-end=\"5355\">El delantero franc\u00e9s, ausente en los \u00faltimos partidos, viaj\u00f3 a Par\u00eds para consultar a especialistas y evaluar la evoluci\u00f3n de su lesi\u00f3n. Sin embargo, su entorno ha desmentido cualquier operaci\u00f3n por ahora.<\/p>\n<h4 data-start=\"5362\" data-end=\"5400\">Jo\u00e3o Pedro impresiona con Chelsea<\/h4>\n<p data-start=\"5402\" data-end=\"5535\">El delantero brasile\u00f1o <span class=\"hover:entity-accent entity-underline inline cursor-pointer align-baseline\"><span class=\"whitespace-normal\">Jo\u00e3o Pedro<\/span><\/span> atraviesa un gran momento con <span class=\"hover:entity-accent entity-underline inline cursor-pointer align-baseline\"><span class=\"whitespace-normal\">Chelsea FC<\/span><\/span>.<\/p>\n<p data-start=\"5537\" data-end=\"5736\">Marc\u00f3 un triplete frente a <span class=\"hover:entity-accent entity-underline inline cursor-pointer align-baseline\"><span class=\"whitespace-normal\">Aston Villa<\/span><\/span> y se consolida como el principal arma ofensiva del equipo antes del importante duelo contra <span class=\"hover:entity-accent entity-underline inline cursor-pointer align-baseline\"><span class=\"whitespace-normal\">Paris Saint\u2011Germain<\/span><\/span>.<\/p>\n<h4 data-start=\"5743\" data-end=\"5784\">Kak\u00e1 abre la puerta a ser entrenador<\/h4>\n<p data-start=\"5786\" data-end=\"5940\">La leyenda del <span class=\"hover:entity-accent entity-underline inline cursor-pointer align-baseline\"><span class=\"whitespace-normal\">AC Milan<\/span><\/span>, <span class=\"hover:entity-accent entity-underline inline cursor-pointer align-baseline\"><span class=\"whitespace-normal\">Kak\u00e1<\/span><\/span>, considera seriamente iniciar una carrera como entrenador.<\/p>\n<p data-start=\"5942\" data-end=\"6176\"><a href=\"https:\/\/lequotidien509.com\/es\/iran-mundial-2026-en-duda-haiti-sub-20-gana-3-0-por-forfait\/\">El ganador del Bal\u00f3n de Oro 2007 ha seguido varias formaciones en gesti\u00f3n deportiva y ha trabajado con <span class=\"hover:entity-accent entity-underline inline cursor-pointer align-baseline\"><span class=\"whitespace-normal\">FIFA<\/span><\/span> y <span class=\"hover:entity-accent entity-underline inline cursor-pointer align-baseline\"><span class=\"whitespace-normal\">UEFA<\/span><\/span> para prepararse para su futuro en los banquillos.<\/a><\/p>\n<h3 data-start=\"6183\" data-end=\"6195\">Nacional<\/h3>\n<h4 data-start=\"6197\" data-end=\"6244\">Hait\u00ed Sub-20 clasifica a la siguiente fase<\/h4>\n<p data-start=\"6246\" data-end=\"6376\">La <span class=\"hover:entity-accent entity-underline inline cursor-pointer align-baseline\"><span class=\"whitespace-normal\">Haiti national under\u201120 football team<\/span><\/span> logr\u00f3 clasificarse a la siguiente ronda de las <span class=\"hover:entity-accent entity-underline inline cursor-pointer align-baseline\"><span class=\"whitespace-normal\">CONCACAF U\u201120 Championship Qualifiers<\/span><\/span>.<\/p>\n<p data-start=\"6378\" data-end=\"6469\">Los j\u00f3venes Grenadiers terminaron l\u00edderes de su grupo gracias a su disciplina y compromiso.<\/p>\n<h4 data-start=\"6476\" data-end=\"6535\">Las Grenadi\u00e8res siguen su camino hacia el Mundial 2027<\/h4>\n<p data-start=\"6537\" data-end=\"6665\">La <span class=\"hover:entity-accent entity-underline inline cursor-pointer align-baseline\"><span class=\"whitespace-normal\">Haiti women&#8217;s national football team<\/span><\/span> contin\u00faa su campa\u00f1a de clasificaci\u00f3n para la <span class=\"hover:entity-accent entity-underline inline cursor-pointer align-baseline\"><span class=\"whitespace-normal\">2027 FIFA Women&#8217;s World Cup<\/span><\/span>.<\/p>\n<p data-start=\"6667\" data-end=\"6770\">Tras vencer 2-0 a la <span class=\"hover:entity-accent entity-underline inline cursor-pointer align-baseline\"><span class=\"whitespace-normal\">Suriname women&#8217;s national football team<\/span><\/span>, el equipo tiene dos partidos importantes:<\/p>\n<p data-start=\"6772\" data-end=\"6845\">9 de abril: Hait\u00ed vs Anguila<br data-start=\"6800\" data-end=\"6803\" \/>17 de abril: Hait\u00ed vs Rep\u00fablica Dominicana<\/p>\n<p data-start=\"6847\" data-end=\"6919\">El objetivo es claro: terminar primero del grupo y acercarse al Mundial.<\/p>\n<h3 data-start=\"6926\" data-end=\"6938\">Di\u00e1spora<\/h3>\n<h4 data-start=\"6940\" data-end=\"6982\">Regreso de Hannes Delcroix con Lugano<\/h4>\n<p data-start=\"6984\" data-end=\"7145\">Buenas noticias para la di\u00e1spora haitiana: el defensor <span class=\"hover:entity-accent entity-underline inline cursor-pointer align-baseline\"><span class=\"whitespace-normal\">Hannes Delcroix<\/span><\/span> regres\u00f3 a las canchas con <span class=\"hover:entity-accent entity-underline inline cursor-pointer align-baseline\"><span class=\"whitespace-normal\">FC Lugano<\/span><\/span>.<\/p>\n<p data-start=\"7147\" data-end=\"7299\">Tras una lesi\u00f3n desde finales de enero, el internacional haitiano jug\u00f3 los 90 minutos en la victoria 2-1 contra <span class=\"hover:entity-accent entity-underline inline cursor-pointer align-baseline\"><span class=\"whitespace-normal\">FC Sion<\/span><\/span>.<\/p>\n<p><em>Cherline Ades.<\/em><\/p>\n","protected":false},"excerpt":{"rendered":"<p>Internacional Gol espectacular de Hakim Ziyech con Wydad El mediocampista ofensivo marroqu\u00ed Hakim Ziyech volvi\u00f3 a demostrar su talento con Wydad AC en la jornada 9 de la Botola Pro. Ante AS FAR, el exjugador del Ajax Amsterdam anot\u00f3 un gol espectacular con la pierna izquierda desde fuera del \u00e1rea. Su potente disparo termin\u00f3 en la escuadra del portero rival. Real Madrid molesto por la situaci\u00f3n de Mbapp\u00e9 La situaci\u00f3n de la rodilla de Kylian Mbapp\u00e9 empieza a generar preocupaci\u00f3n dentro del Real Madrid. El delantero franc\u00e9s, ausente en los \u00faltimos partidos, viaj\u00f3 a Par\u00eds para consultar a especialistas y evaluar la evoluci\u00f3n de su lesi\u00f3n. Sin embargo, su entorno ha desmentido cualquier operaci\u00f3n por ahora. Jo\u00e3o Pedro impresiona con Chelsea El delantero brasile\u00f1o Jo\u00e3o Pedro atraviesa un gran momento con Chelsea FC. Marc\u00f3 un triplete frente a Aston Villa y se consolida como el principal arma ofensiva del equipo antes del importante duelo contra Paris Saint\u2011Germain. Kak\u00e1 abre la puerta a ser entrenador La leyenda del AC Milan, Kak\u00e1, considera seriamente iniciar una carrera como entrenador. El ganador del Bal\u00f3n de Oro 2007 ha seguido varias formaciones en gesti\u00f3n deportiva y ha trabajado con FIFA y UEFA para prepararse para su futuro en los banquillos. Nacional Hait\u00ed Sub-20 clasifica a la siguiente fase La Haiti national under\u201120 football team logr\u00f3 clasificarse a la siguiente ronda de las CONCACAF U\u201120 Championship Qualifiers. Los j\u00f3venes Grenadiers terminaron l\u00edderes de su grupo gracias a su disciplina y compromiso. Las Grenadi\u00e8res siguen su camino hacia el Mundial 2027 La Haiti women&#8217;s national football team contin\u00faa su campa\u00f1a de clasificaci\u00f3n para la 2027 FIFA Women&#8217;s World Cup. Tras vencer 2-0 a la Suriname women&#8217;s national football team, el equipo tiene dos partidos importantes: 9 de abril: Hait\u00ed vs Anguila17 de abril: Hait\u00ed vs Rep\u00fablica Dominicana El objetivo es claro: terminar primero del grupo y acercarse al Mundial. Di\u00e1spora Regreso de Hannes Delcroix con Lugano Buenas noticias para la di\u00e1spora haitiana: el defensor Hannes Delcroix regres\u00f3 a las canchas con FC Lugano. Tras una lesi\u00f3n desde finales de enero, el internacional haitiano jug\u00f3 los 90 minutos en la victoria 2-1 contra FC Sion. Cherline Ades.<\/p>\n","protected":false},"author":9,"featured_media":30452,"comment_status":"closed","ping_status":"closed","sticky":false,"template":"","format":"standard","meta":{"give_campaign_id":0,"_crdt_document":"","jetpack_post_was_ever_published":false,"_jetpack_newsletter_access":"","_jetpack_dont_email_post_to_subs":false,"_jetpack_newsletter_tier_id":0,"_jetpack_memberships_contains_paywalled_content":false,"_jetpack_memberships_contains_paid_content":false,"jnews-multi-image_gallery":[],"jnews_single_post":{"format":"standard","override":[{"template":"4","parallax":"1","layout":"right-sidebar","sidebar":"default-sidebar","second_sidebar":"default-sidebar","sticky_sidebar":"1","share_position":"topbottom","share_float_style":"share-monocrhome","show_featured":"1","show_post_meta":"1","show_post_author":"1","show_post_author_image":"1","show_post_date":"1","post_date_format":"default","post_date_format_custom":"Y\/m\/d","show_post_category":"1","show_post_reading_time":"1","post_reading_time_wpm":"300","post_calculate_word_method":"str_word_count","show_zoom_button":"0","zoom_button_out_step":"2","zoom_button_in_step":"3","show_post_tag":"1","show_comment_section":"1","number_popup_post":"1","show_inline_post_related":"1"}],"image_override":[{"single_post_thumbnail_size":"crop-500","single_post_gallery_size":"crop-500"}],"trending_post_position":"meta","trending_post_label":"Trending","sponsored_post_label":"Sponsored by","disable_ad":"0","subtitle":"Actualidad del f\u00fatbol internacional y haitiano: golazo de Hakim Ziyech con Wydad AC, preocupaci\u00f3n por la lesi\u00f3n de Kylian Mbapp\u00e9 en Real Madrid, triplete de Jo\u00e3o Pedro con Chelsea FC y novedades del f\u00fatbol de Hait\u00ed."},"jnews_primary_category":[],"jnews_social_meta":[],"jnews_post_split":{"post_split":[{"template":"1","tag":"h2","numbering":"asc","mode":"normal","first":"0","enable_toc":"0","toc_type":"normal"}]},"footnotes":"","jetpack_publicize_message":"","jetpack_publicize_feature_enabled":true,"jetpack_social_post_already_shared":true,"jetpack_social_options":{"image_generator_settings":{"template":"highway","default_image_id":0,"font":"","enabled":false},"version":2}},"categories":[3303],"tags":[],"class_list":["post-30450","post","type-post","status-publish","format-standard","has-post-thumbnail","hentry","category-deportes"],"aioseo_notices":[],"jetpack_publicize_connections":[],"jetpack_featured_media_url":"https:\/\/i0.wp.com\/lequotidien509.com\/wp-content\/uploads\/2026\/03\/Culturelle-53.jpg?fit=1920%2C1080&ssl=1","jetpack_sharing_enabled":true,"_links":{"self":[{"href":"https:\/\/lequotidien509.com\/es\/wp-json\/wp\/v2\/posts\/30450","targetHints":{"allow":["GET"]}}],"collection":[{"href":"https:\/\/lequotidien509.com\/es\/wp-json\/wp\/v2\/posts"}],"about":[{"href":"https:\/\/lequotidien509.com\/es\/wp-json\/wp\/v2\/types\/post"}],"author":[{"embeddable":true,"href":"https:\/\/lequotidien509.com\/es\/wp-json\/wp\/v2\/users\/9"}],"replies":[{"embeddable":true,"href":"https:\/\/lequotidien509.com\/es\/wp-json\/wp\/v2\/comments?post=30450"}],"version-history":[{"count":2,"href":"https:\/\/lequotidien509.com\/es\/wp-json\/wp\/v2\/posts\/30450\/revisions"}],"predecessor-version":[{"id":30456,"href":"https:\/\/lequotidien509.com\/es\/wp-json\/wp\/v2\/posts\/30450\/revisions\/30456"}],"wp:featuredmedia":[{"embeddable":true,"href":"https:\/\/lequotidien509.com\/es\/wp-json\/wp\/v2\/media\/30452"}],"wp:attachment":[{"href":"https:\/\/lequotidien509.com\/es\/wp-json\/wp\/v2\/media?parent=30450"}],"wp:term":[{"taxonomy":"category","embeddable":true,"href":"https:\/\/lequotidien509.com\/es\/wp-json\/wp\/v2\/categories?post=30450"},{"taxonomy":"post_tag","embeddable":true,"href":"https:\/\/lequotidien509.com\/es\/wp-json\/wp\/v2\/tags?post=30450"}],"curies":[{"name":"wp","href":"https:\/\/api.w.org\/{rel}","templated":true}]}}