{"id":29379,"date":"2026-03-04T09:06:31","date_gmt":"2026-03-04T14:06:31","guid":{"rendered":"https:\/\/lequotidien509.com\/?p=29379"},"modified":"2026-03-04T09:39:28","modified_gmt":"2026-03-04T14:39:28","slug":"tension-frontera-juana-mendez-dajabon-refuerza-seguridad","status":"publish","type":"post","link":"https:\/\/lequotidien509.com\/es\/tension-frontera-juana-mendez-dajabon-refuerza-seguridad\/","title":{"rendered":"Tensi\u00f3n en la frontera: movilizaci\u00f3n de haitianos en Juana M\u00e9ndez y refuerzo de seguridad en Dajab\u00f3n"},"content":{"rendered":"<p data-start=\"379\" data-end=\"589\">El 3 de marzo de 2026, ciudadanos haitianos se movilizaron de manera pac\u00edfica en <span class=\"hover:entity-accent entity-underline inline cursor-pointer align-baseline\"><span class=\"whitespace-normal\">Juana M\u00e9ndez<\/span><\/span>, localidad situada cerca de la frontera norte con la <span class=\"hover:entity-accent entity-underline inline cursor-pointer align-baseline\"><span class=\"whitespace-normal\">Rep\u00fablica Dominicana<\/span><\/span>.<\/p>\n<p data-start=\"591\" data-end=\"901\">Los manifestantes expresaron su rechazo a una medida adoptada por el alcalde de <span class=\"hover:entity-accent entity-underline inline cursor-pointer align-baseline\"><span class=\"whitespace-normal\">Dajab\u00f3n<\/span><\/span> destinada a regular la entrada de extranjeros en el municipio. Utilizando, entre otros medios, motocicletas de transporte de tres ruedas, denunciaron lo que consideran una restricci\u00f3n injusta.<\/p>\n<p data-start=\"903\" data-end=\"1082\">Ante esta situaci\u00f3n, el <span class=\"hover:entity-accent entity-underline inline cursor-pointer align-baseline\"><span class=\"whitespace-normal\">Cuerpo Especializado en Seguridad Fronteriza Terrestre<\/span><\/span> (Cesfront) reforz\u00f3 la seguridad en el puesto fronterizo con el objetivo de prevenir incidentes y garantizar el orden.<\/p>\n<p data-start=\"1084\" data-end=\"1236\">Por su parte, el alcalde <span class=\"hover:entity-accent entity-underline inline cursor-pointer align-baseline\"><span class=\"whitespace-normal\">Santiago River\u00f3n<\/span><\/span> denunci\u00f3 supuestos \u201cchantajes\u201d <a href=\"https:\/\/listindiario.com\/la-republica\/20260303\/haitianos-movilizan-juana-mendez-alcalde-santiago-riveron-amenaza-cerrar-frontera_896271.html\">vinculados a eventuales amenazas de cierre de la frontera.<\/a><\/p>\n<p data-start=\"1238\" data-end=\"1469\">La movilizaci\u00f3n pone de relieve la sensibilidad de las relaciones<a href=\"https:\/\/lequotidien509.com\/es\/republica-dominicana-787-extranjeros-detenidos-y-790-expulsados-en-operativos-migratorios\/\"> entre <span class=\"hover:entity-accent entity-underline inline cursor-pointer align-baseline\"><span class=\"whitespace-normal\">Hait\u00ed<\/span><\/span> y la Rep\u00fablica Dominicana, en un contexto marcado por tensiones recurrentes en torno a asuntos migratorios y comerciales.<\/a><\/p>\n<p data-start=\"1471\" data-end=\"1591\">Las autoridades dominicanas se\u00f1alaron que buscan preservar el orden p\u00fablico y evitar cualquier escalada de la situaci\u00f3n.<\/p>\n<p><em>Ades Soraya.<\/em><\/p>\n","protected":false},"excerpt":{"rendered":"<p>El 3 de marzo de 2026, ciudadanos haitianos se movilizaron de manera pac\u00edfica en Juana M\u00e9ndez, localidad situada cerca de la frontera norte con la Rep\u00fablica Dominicana. Los manifestantes expresaron su rechazo a una medida adoptada por el alcalde de Dajab\u00f3n destinada a regular la entrada de extranjeros en el municipio. Utilizando, entre otros medios, motocicletas de transporte de tres ruedas, denunciaron lo que consideran una restricci\u00f3n injusta. Ante esta situaci\u00f3n, el Cuerpo Especializado en Seguridad Fronteriza Terrestre (Cesfront) reforz\u00f3 la seguridad en el puesto fronterizo con el objetivo de prevenir incidentes y garantizar el orden. Por su parte, el alcalde Santiago River\u00f3n denunci\u00f3 supuestos \u201cchantajes\u201d vinculados a eventuales amenazas de cierre de la frontera. La movilizaci\u00f3n pone de relieve la sensibilidad de las relaciones entre Hait\u00ed y la Rep\u00fablica Dominicana, en un contexto marcado por tensiones recurrentes en torno a asuntos migratorios y comerciales. Las autoridades dominicanas se\u00f1alaron que buscan preservar el orden p\u00fablico y evitar cualquier escalada de la situaci\u00f3n. Ades Soraya.<\/p>\n","protected":false},"author":9,"featured_media":29384,"comment_status":"closed","ping_status":"closed","sticky":false,"template":"","format":"standard","meta":{"give_campaign_id":0,"_crdt_document":"","jetpack_post_was_ever_published":false,"_jetpack_newsletter_access":"","_jetpack_dont_email_post_to_subs":false,"_jetpack_newsletter_tier_id":0,"_jetpack_memberships_contains_paywalled_content":false,"_jetpack_memberships_contains_paid_content":false,"jnews-multi-image_gallery":[],"jnews_single_post":{"format":"standard","override":[{"template":"4","parallax":"1","layout":"right-sidebar","sidebar":"default-sidebar","second_sidebar":"default-sidebar","sticky_sidebar":"1","share_position":"topbottom","share_float_style":"share-monocrhome","show_featured":"1","show_post_meta":"1","show_post_author":"1","show_post_author_image":"1","show_post_date":"1","post_date_format":"default","post_date_format_custom":"Y\/m\/d","show_post_category":"1","show_post_reading_time":"1","post_reading_time_wpm":"300","post_calculate_word_method":"str_word_count","show_zoom_button":"0","zoom_button_out_step":"2","zoom_button_in_step":"3","show_post_tag":"1","show_comment_section":"1","number_popup_post":"1","show_inline_post_related":"1"}],"image_override":[{"single_post_thumbnail_size":"crop-500","single_post_gallery_size":"crop-500"}],"trending_post_position":"meta","trending_post_label":"Trending","sponsored_post_label":"Sponsored by","disable_ad":"0","subtitle":"Manifestantes haitianos protestan contra una medida municipal, mientras el Cesfront incrementa la vigilancia en el paso fronterizo."},"jnews_primary_category":[],"jnews_social_meta":[],"jnews_post_split":{"post_split":[{"template":"1","tag":"h2","numbering":"asc","mode":"normal","first":"0","enable_toc":"0","toc_type":"normal"}]},"footnotes":"","jetpack_publicize_message":"","jetpack_publicize_feature_enabled":true,"jetpack_social_post_already_shared":true,"jetpack_social_options":{"image_generator_settings":{"template":"highway","default_image_id":0,"font":"","enabled":false},"version":2}},"categories":[3267],"tags":[],"class_list":["post-29379","post","type-post","status-publish","format-standard","has-post-thumbnail","hentry","category-republica-dominicana"],"aioseo_notices":[],"jetpack_publicize_connections":[],"jetpack_featured_media_url":"https:\/\/i0.wp.com\/lequotidien509.com\/wp-content\/uploads\/2026\/03\/Culturelle-9.jpg?fit=1920%2C1080&ssl=1","jetpack_sharing_enabled":true,"_links":{"self":[{"href":"https:\/\/lequotidien509.com\/es\/wp-json\/wp\/v2\/posts\/29379","targetHints":{"allow":["GET"]}}],"collection":[{"href":"https:\/\/lequotidien509.com\/es\/wp-json\/wp\/v2\/posts"}],"about":[{"href":"https:\/\/lequotidien509.com\/es\/wp-json\/wp\/v2\/types\/post"}],"author":[{"embeddable":true,"href":"https:\/\/lequotidien509.com\/es\/wp-json\/wp\/v2\/users\/9"}],"replies":[{"embeddable":true,"href":"https:\/\/lequotidien509.com\/es\/wp-json\/wp\/v2\/comments?post=29379"}],"version-history":[{"count":2,"href":"https:\/\/lequotidien509.com\/es\/wp-json\/wp\/v2\/posts\/29379\/revisions"}],"predecessor-version":[{"id":29407,"href":"https:\/\/lequotidien509.com\/es\/wp-json\/wp\/v2\/posts\/29379\/revisions\/29407"}],"wp:featuredmedia":[{"embeddable":true,"href":"https:\/\/lequotidien509.com\/es\/wp-json\/wp\/v2\/media\/29384"}],"wp:attachment":[{"href":"https:\/\/lequotidien509.com\/es\/wp-json\/wp\/v2\/media?parent=29379"}],"wp:term":[{"taxonomy":"category","embeddable":true,"href":"https:\/\/lequotidien509.com\/es\/wp-json\/wp\/v2\/categories?post=29379"},{"taxonomy":"post_tag","embeddable":true,"href":"https:\/\/lequotidien509.com\/es\/wp-json\/wp\/v2\/tags?post=29379"}],"curies":[{"name":"wp","href":"https:\/\/api.w.org\/{rel}","templated":true}]}}