{"id":27616,"date":"2026-01-26T09:50:29","date_gmt":"2026-01-26T14:50:29","guid":{"rendered":"https:\/\/lequotidien509.com\/haiti-las-autoridades-reafirman-su-apoyo-a-las-fuerzas-del-orden-durante-una-visita-a-la-ddo-1\/"},"modified":"2026-01-26T09:50:29","modified_gmt":"2026-01-26T14:50:29","slug":"haiti-las-autoridades-reafirman-su-apoyo-a-las-fuerzas-del-orden-durante-una-visita-a-la-ddo-1","status":"publish","type":"post","link":"https:\/\/lequotidien509.com\/es\/haiti-las-autoridades-reafirman-su-apoyo-a-las-fuerzas-del-orden-durante-una-visita-a-la-ddo-1\/","title":{"rendered":"Hait\u00ed: las autoridades reafirman su apoyo a las fuerzas del orden durante una visita a la DDO-1"},"content":{"rendered":"<p dir=\"ltr\">Puerto Pr\u00edncipe, 26 de enero de 2026. Seg\u00fan un comunicado oficial, la visita tuvo como objetivo expresar el respaldo a las fuerzas del orden que participan en la lucha contra la inseguridad, en un contexto marcado por el aumento de la violencia armada en el \u00e1rea metropolitana. Las autoridades elogiaron el compromiso y la determinaci\u00f3n de los agentes desplegados sobre el terreno.  <\/p>\n<p dir=\"ltr\">En esta ocasi\u00f3n, el presidente del Consejo Presidencial de Transici\u00f3n (CPT) inst\u00f3 a las fuerzas de seguridad a mantener la concentraci\u00f3n frente a los desaf\u00edos existentes e imparti\u00f3 instrucciones para intensificar las operaciones contra los grupos criminales. Las autoridades informaron que, durante las \u00faltimas 24 horas, se llevaron a cabo operativos policiales reforzados en varias zonas estrat\u00e9gicas del departamento del Oeste, especialmente en Bel-Air y Delmas 4. <\/p>\n<p dir=\"ltr\">Estas intervenciones forman parte de una estrategia ofensiva de la Polic\u00eda Nacional de Hait\u00ed (PNH), apoyada por una fuerza de tarea, con el objetivo de recuperar el control de territorios bajo la influencia de grupos armados y restablecer el orden p\u00fablico. El gobierno afirm\u00f3 que estas acciones cuentan con un seguimiento directo de las m\u00e1s altas autoridades del Estado. <\/p>\n<p dir=\"ltr\">De acuerdo con la informaci\u00f3n difundida, la presencia conjunta del presidente del CPT, el primer ministro y el ministro de Justicia en las instalaciones policiales refleja la voluntad del Ejecutivo de reforzar las capacidades operativas de la PNH y de apoyar a las fuerzas de seguridad en el cumplimiento de sus misiones.<\/p>\n<p dir=\"ltr\">Las autoridades recordaron que el restablecimiento de la seguridad constituye una condici\u00f3n esencial para la celebraci\u00f3n de elecciones libres, democr\u00e1ticas y cre\u00edbles previstas para 2026, as\u00ed como para el retorno a la estabilidad institucional. Aseguraron que las operaciones en curso continuar\u00e1n hasta que se restablezca plenamente el orden p\u00fablico en todas las zonas concernidas. <\/p>\n<p dir=\"ltr\">Ronald Andr\u00e9<\/p>\n","protected":false},"excerpt":{"rendered":"<p>Puerto Pr\u00edncipe, 26 de enero de 2026. Seg\u00fan un comunicado oficial, la visita tuvo como objetivo expresar el respaldo a las fuerzas del orden que participan en la lucha contra la inseguridad, en un contexto marcado por el aumento de la violencia armada en el \u00e1rea metropolitana. Las autoridades elogiaron el compromiso y la determinaci\u00f3n de los agentes desplegados sobre el terreno. En esta ocasi\u00f3n, el presidente del Consejo Presidencial de Transici\u00f3n (CPT) inst\u00f3 a las fuerzas de seguridad a mantener la concentraci\u00f3n frente a los desaf\u00edos existentes e imparti\u00f3 instrucciones para intensificar las operaciones contra los grupos criminales. Las autoridades informaron que, durante las \u00faltimas 24 horas, se llevaron a cabo operativos policiales reforzados en varias zonas estrat\u00e9gicas del departamento del Oeste, especialmente en Bel-Air y Delmas 4. Estas intervenciones forman parte de una estrategia ofensiva de la Polic\u00eda Nacional de Hait\u00ed (PNH), apoyada por una fuerza de tarea, con el objetivo de recuperar el control de territorios bajo la influencia de grupos armados y restablecer el orden p\u00fablico. El gobierno afirm\u00f3 que estas acciones cuentan con un seguimiento directo de las m\u00e1s altas autoridades del Estado. De acuerdo con la informaci\u00f3n difundida, la presencia conjunta del presidente del CPT, el primer ministro y el ministro de Justicia en las instalaciones policiales refleja la voluntad del Ejecutivo de reforzar las capacidades operativas de la PNH y de apoyar a las fuerzas de seguridad en el cumplimiento de sus misiones. Las autoridades recordaron que el restablecimiento de la seguridad constituye una condici\u00f3n esencial para la celebraci\u00f3n de elecciones libres, democr\u00e1ticas y cre\u00edbles previstas para 2026, as\u00ed como para el retorno a la estabilidad institucional. Aseguraron que las operaciones en curso continuar\u00e1n hasta que se restablezca plenamente el orden p\u00fablico en todas las zonas concernidas. Ronald Andr\u00e9<\/p>\n","protected":false},"author":12,"featured_media":27615,"comment_status":"closed","ping_status":"closed","sticky":false,"template":"","format":"standard","meta":{"give_campaign_id":0,"_crdt_document":"","jetpack_post_was_ever_published":false,"_jetpack_newsletter_access":"","_jetpack_dont_email_post_to_subs":false,"_jetpack_newsletter_tier_id":0,"_jetpack_memberships_contains_paywalled_content":false,"_jetpack_memberships_contains_paid_content":false,"jnews-multi-image_gallery":[],"jnews_single_post":[],"jnews_primary_category":[],"jnews_social_meta":[],"jnews_post_split":[],"footnotes":"","jetpack_publicize_message":"","jetpack_publicize_feature_enabled":true,"jetpack_social_post_already_shared":true,"jetpack_social_options":{"image_generator_settings":{"template":"highway","default_image_id":0,"font":"","enabled":false},"version":2}},"categories":[3215,3266],"tags":[],"class_list":["post-27616","post","type-post","status-publish","format-standard","has-post-thumbnail","hentry","category-en-portada","category-nacional"],"aioseo_notices":[],"jetpack_publicize_connections":[],"jetpack_featured_media_url":"https:\/\/i0.wp.com\/lequotidien509.com\/wp-content\/uploads\/2026\/01\/FB_IMG_1769438842187.jpg?fit=1440%2C959&ssl=1","jetpack_sharing_enabled":true,"_links":{"self":[{"href":"https:\/\/lequotidien509.com\/es\/wp-json\/wp\/v2\/posts\/27616","targetHints":{"allow":["GET"]}}],"collection":[{"href":"https:\/\/lequotidien509.com\/es\/wp-json\/wp\/v2\/posts"}],"about":[{"href":"https:\/\/lequotidien509.com\/es\/wp-json\/wp\/v2\/types\/post"}],"author":[{"embeddable":true,"href":"https:\/\/lequotidien509.com\/es\/wp-json\/wp\/v2\/users\/12"}],"replies":[{"embeddable":true,"href":"https:\/\/lequotidien509.com\/es\/wp-json\/wp\/v2\/comments?post=27616"}],"version-history":[{"count":0,"href":"https:\/\/lequotidien509.com\/es\/wp-json\/wp\/v2\/posts\/27616\/revisions"}],"wp:featuredmedia":[{"embeddable":true,"href":"https:\/\/lequotidien509.com\/es\/wp-json\/wp\/v2\/media\/27615"}],"wp:attachment":[{"href":"https:\/\/lequotidien509.com\/es\/wp-json\/wp\/v2\/media?parent=27616"}],"wp:term":[{"taxonomy":"category","embeddable":true,"href":"https:\/\/lequotidien509.com\/es\/wp-json\/wp\/v2\/categories?post=27616"},{"taxonomy":"post_tag","embeddable":true,"href":"https:\/\/lequotidien509.com\/es\/wp-json\/wp\/v2\/tags?post=27616"}],"curies":[{"name":"wp","href":"https:\/\/api.w.org\/{rel}","templated":true}]}}