{"id":27564,"date":"2026-01-25T19:07:23","date_gmt":"2026-01-26T00:07:23","guid":{"rendered":"https:\/\/lequotidien509.com\/tres-de-cinco-miembros-del-cpt-bajo-sanciones-de-estados-unidos-fritz-jean-ya-habia-sido-sancionado\/"},"modified":"2026-01-25T21:07:01","modified_gmt":"2026-01-26T02:07:01","slug":"tres-de-cinco-miembros-del-cpt-bajo-sanciones-de-estados-unidos-fritz-jean-ya-habia-sido-sancionado","status":"publish","type":"post","link":"https:\/\/lequotidien509.com\/es\/tres-de-cinco-miembros-del-cpt-bajo-sanciones-de-estados-unidos-fritz-jean-ya-habia-sido-sancionado\/","title":{"rendered":"Tres de cinco miembros del CPT bajo sanciones de Estados Unidos, Fritz Jean ya hab\u00eda sido sancionado"},"content":{"rendered":"&#13;\n<p class=\"p1 wp-block-paragraph\">Puerto Pr\u00edncipe, 25 de enero de 2026 \u2014 Estados Unidos anunci\u00f3 la imposici\u00f3n de restricciones de visa contra dos miembros del Consejo Presidencial de Transici\u00f3n (CPT), as\u00ed como contra sus c\u00f3nyuges e hijos, por su presunta implicaci\u00f3n en actividades vinculadas a bandas criminales en Hait\u00ed.<br\/><\/p>&#13;\n&#13;\n<p class=\"p1 wp-block-paragraph\">El anuncio fue realizado por el Departamento de Estado mediante un comunicado firmado por Thomas \u201cTommy\u201d Pigott, portavoz adjunto principal.<br\/><\/p>&#13;\n&#13;\n<p class=\"p1 wp-block-paragraph\">Seg\u00fan Washington, los dos funcionarios habr\u00edan apoyado o facilitado las actividades de grupos criminales, en particular al interferir con los esfuerzos de las autoridades haitianas para combatir a las bandas designadas como Organizaciones Terroristas Extranjeras (FTO) por Estados Unidos.<br\/><\/p>&#13;\n&#13;\n<p class=\"p1 wp-block-paragraph\">Las sanciones fueron impuestas en virtud del art\u00edculo 212(a)(3)(C) de la Ley de Inmigraci\u00f3n y Nacionalidad de Estados Unidos, que permite negar la entrada al territorio estadounidense a cualquier persona considerada perjudicial para los intereses de pol\u00edtica exterior del pa\u00eds.<\/p>&#13;\n&#13;\n<p class=\"p2 wp-block-paragraph\"><strong>Tres miembros del CPT ahora afectados<br\/><\/strong><\/p>&#13;\n&#13;\n<p class=\"p1 wp-block-paragraph\">Con esta nueva decisi\u00f3n, tres de los cinco miembros del CPT se encuentran ahora bajo sanciones estadounidenses.<br\/><\/p>&#13;\n&#13;\n<p class=\"p1 wp-block-paragraph\">Fritz Jean ya hab\u00eda sido sancionado anteriormente.<br\/><\/p>&#13;\n&#13;\n<p class=\"p1 wp-block-paragraph\">Entre los cuatro consejeros restantes que firmaron la resoluci\u00f3n para destituir al primer ministro Alix Didier Fils-Aim\u00e9, dos est\u00e1n afectados por estas nuevas medidas.<br\/><\/p>&#13;\n&#13;\n<p class=\"p1 wp-block-paragraph\">Las autoridades estadounidenses no han hecho p\u00fablicos los nombres de las personas sancionadas, lo que genera especulaci\u00f3n en los c\u00edrculos pol\u00edticos. Hasta el momento, no existe confirmaci\u00f3n oficial. <\/p>&#13;\n&#13;\n<p class=\"p1 wp-block-paragraph\">El Departamento de Estado afirm\u00f3 que Estados Unidos apoya la estabilidad de Hait\u00ed, respalda la lucha contra las bandas y reforzar\u00e1 las medidas de rendici\u00f3n de cuentas contra quienes contribuyan a la desestabilizaci\u00f3n del pa\u00eds.<\/p>&#13;\n&#13;\n<p class=\"p1 wp-block-paragraph\">Redacci\u00f3n<\/p>&#13;\n&#13;\n<p class=\"p1 wp-block-paragraph\">\u00a0<\/p>&#13;\n","protected":false},"excerpt":{"rendered":"<p>&#13; Puerto Pr\u00edncipe, 25 de enero de 2026 \u2014 Estados Unidos anunci\u00f3 la imposici\u00f3n de restricciones de visa contra dos miembros del Consejo Presidencial de Transici\u00f3n (CPT), as\u00ed como contra sus c\u00f3nyuges e hijos, por su presunta implicaci\u00f3n en actividades vinculadas a bandas criminales en Hait\u00ed. &#13; &#13; El anuncio fue realizado por el Departamento de Estado mediante un comunicado firmado por Thomas \u201cTommy\u201d Pigott, portavoz adjunto principal. &#13; &#13; Seg\u00fan Washington, los dos funcionarios habr\u00edan apoyado o facilitado las actividades de grupos criminales, en particular al interferir con los esfuerzos de las autoridades haitianas para combatir a las bandas designadas como Organizaciones Terroristas Extranjeras (FTO) por Estados Unidos. &#13; &#13; Las sanciones fueron impuestas en virtud del art\u00edculo 212(a)(3)(C) de la Ley de Inmigraci\u00f3n y Nacionalidad de Estados Unidos, que permite negar la entrada al territorio estadounidense a cualquier persona considerada perjudicial para los intereses de pol\u00edtica exterior del pa\u00eds. &#13; &#13; Tres miembros del CPT ahora afectados &#13; &#13; Con esta nueva decisi\u00f3n, tres de los cinco miembros del CPT se encuentran ahora bajo sanciones estadounidenses. &#13; &#13; Fritz Jean ya hab\u00eda sido sancionado anteriormente. &#13; &#13; Entre los cuatro consejeros restantes que firmaron la resoluci\u00f3n para destituir al primer ministro Alix Didier Fils-Aim\u00e9, dos est\u00e1n afectados por estas nuevas medidas. &#13; &#13; Las autoridades estadounidenses no han hecho p\u00fablicos los nombres de las personas sancionadas, lo que genera especulaci\u00f3n en los c\u00edrculos pol\u00edticos. Hasta el momento, no existe confirmaci\u00f3n oficial. &#13; &#13; El Departamento de Estado afirm\u00f3 que Estados Unidos apoya la estabilidad de Hait\u00ed, respalda la lucha contra las bandas y reforzar\u00e1 las medidas de rendici\u00f3n de cuentas contra quienes contribuyan a la desestabilizaci\u00f3n del pa\u00eds. &#13; &#13; Redacci\u00f3n &#13; &#13; \u00a0 &#13;<\/p>\n","protected":false},"author":3,"featured_media":27563,"comment_status":"closed","ping_status":"closed","sticky":false,"template":"","format":"standard","meta":{"give_campaign_id":0,"_crdt_document":"","jetpack_post_was_ever_published":false,"_jetpack_newsletter_access":"","_jetpack_dont_email_post_to_subs":false,"_jetpack_newsletter_tier_id":0,"_jetpack_memberships_contains_paywalled_content":false,"_jetpack_memberships_contains_paid_content":false,"jnews-multi-image_gallery":[],"jnews_single_post":[],"jnews_primary_category":[],"jnews_social_meta":[],"jnews_post_split":[],"footnotes":"","jetpack_publicize_message":"Trois conseillers sur cinq sous sanctions am\u00e9ricaines, Fritz Jean d\u00e9j\u00e0 vis\u00e9","jetpack_publicize_feature_enabled":true,"jetpack_social_post_already_shared":true,"jetpack_social_options":{"image_generator_settings":{"template":"highway","default_image_id":0,"font":"","enabled":false},"version":2}},"categories":[3215,3266,3203],"tags":[],"class_list":["post-27564","post","type-post","status-publish","format-standard","has-post-thumbnail","hentry","category-en-portada","category-nacional","category-noticias"],"aioseo_notices":[],"jetpack_publicize_connections":[],"jetpack_featured_media_url":"https:\/\/i0.wp.com\/lequotidien509.com\/wp-content\/uploads\/2025\/07\/image-17.jpg?fit=1800%2C1200&ssl=1","jetpack_sharing_enabled":true,"_links":{"self":[{"href":"https:\/\/lequotidien509.com\/es\/wp-json\/wp\/v2\/posts\/27564","targetHints":{"allow":["GET"]}}],"collection":[{"href":"https:\/\/lequotidien509.com\/es\/wp-json\/wp\/v2\/posts"}],"about":[{"href":"https:\/\/lequotidien509.com\/es\/wp-json\/wp\/v2\/types\/post"}],"author":[{"embeddable":true,"href":"https:\/\/lequotidien509.com\/es\/wp-json\/wp\/v2\/users\/3"}],"replies":[{"embeddable":true,"href":"https:\/\/lequotidien509.com\/es\/wp-json\/wp\/v2\/comments?post=27564"}],"version-history":[{"count":1,"href":"https:\/\/lequotidien509.com\/es\/wp-json\/wp\/v2\/posts\/27564\/revisions"}],"predecessor-version":[{"id":27565,"href":"https:\/\/lequotidien509.com\/es\/wp-json\/wp\/v2\/posts\/27564\/revisions\/27565"}],"wp:featuredmedia":[{"embeddable":true,"href":"https:\/\/lequotidien509.com\/es\/wp-json\/wp\/v2\/media\/27563"}],"wp:attachment":[{"href":"https:\/\/lequotidien509.com\/es\/wp-json\/wp\/v2\/media?parent=27564"}],"wp:term":[{"taxonomy":"category","embeddable":true,"href":"https:\/\/lequotidien509.com\/es\/wp-json\/wp\/v2\/categories?post=27564"},{"taxonomy":"post_tag","embeddable":true,"href":"https:\/\/lequotidien509.com\/es\/wp-json\/wp\/v2\/tags?post=27564"}],"curies":[{"name":"wp","href":"https:\/\/api.w.org\/{rel}","templated":true}]}}