{"id":27540,"date":"2026-01-24T16:29:37","date_gmt":"2026-01-24T21:29:37","guid":{"rendered":"https:\/\/lequotidien509.com\/crisis-en-el-cpt-el-primer-ministro-didier-fils-aime-se-reune-con-consejeros-entre-ellos-smith-augustin-y-emmanuel-vertilaire\/"},"modified":"2026-01-25T15:55:49","modified_gmt":"2026-01-25T20:55:49","slug":"crisis-en-el-cpt-el-primer-ministro-didier-fils-aime-se-reune-con-consejeros-entre-ellos-smith-augustin-y-emmanuel-vertilaire","status":"publish","type":"post","link":"https:\/\/lequotidien509.com\/es\/crisis-en-el-cpt-el-primer-ministro-didier-fils-aime-se-reune-con-consejeros-entre-ellos-smith-augustin-y-emmanuel-vertilaire\/","title":{"rendered":"Crisis en el CPT: El primer ministro Didier Fils-Aim\u00e9 se re\u00fane con consejeros, entre ellos Smith Augustin y Emmanuel Vertilaire"},"content":{"rendered":"&#13;\n<p class=\"p3 wp-block-paragraph\">Puerto Pr\u00edncipe, 24 de enero de 2026 \u2014 El primer ministro Alix Didier Fils-Aim\u00e9 inici\u00f3 una serie de reuniones con varios miembros del Consejo Presidencial de Transici\u00f3n (CPT), en un contexto marcado por fuertes tensiones institucionales relacionadas con la resoluci\u00f3n que busca su destituci\u00f3n.<br\/><\/p>&#13;\n&#13;\n<p class=\"p3 wp-block-paragraph\">Seg\u00fan nuestras fuentes, el jefe de gobierno visit\u00f3 este s\u00e1bado al consejero-presidente Smith Augustin. Tambi\u00e9n deber\u00eda reunirse en las pr\u00f3ximas horas con el consejero Emmanuel Vertilaire y con otros consejeros.<br\/> <\/p>&#13;\n&#13;\n<p class=\"wp-block-paragraph\">Consultamos a la Primatura para saber si el primer ministro Fils-Aim\u00e9 tambi\u00e9n planea visitar a Leslie Voltaire y a Edgar Leblanc. Un miembro del gabinete nos declar\u00f3 que el primer ministro realizar\u00e1 las visitas necesarias para calmar la situaci\u00f3n.<\/p>&#13;\n&#13;\n<p class=\"p3 wp-block-paragraph\">Consultamos a la Primatura para saber si el primer ministro Fils-Aim\u00e9 tambi\u00e9n planea visitar a Leslie Voltaire y a Edgar Leblanc. Un miembro del gabinete nos declar\u00f3 que el primer ministro realizar\u00e1 las visitas necesarias para calmar la situaci\u00f3n.<br\/><\/p>&#13;\n&#13;\n<p class=\"p3 wp-block-paragraph\">En dicha carta, Smith Augustin menciona la necesidad de preservar la estabilidad pol\u00edtica, la continuidad institucional y evitar una profundizaci\u00f3n de las divisiones internas ante la proximidad de la fecha l\u00edmite del 7 de febrero de 2026.<\/p>&#13;\n&#13;\n<p class=\"p3 wp-block-paragraph\">Hasta el momento, no se ha publicado ninguna comunicaci\u00f3n oficial sobre la naturaleza exacta de los intercambios entre el primer ministro y los consejeros, ni sobre las posibles consecuencias de estas gestiones.<br\/><\/p>&#13;\n&#13;\n<p class=\"p3 wp-block-paragraph\">Paralelamente, varias fuentes medi\u00e1ticas confirman que contin\u00faan las discusiones entre distintos miembros del CPT, en un contexto de estrecho seguimiento por parte de los socios internacionales, quienes recientemente han llamado a la prudencia y a la estabilidad institucional.<br\/><\/p>&#13;\n&#13;\n<p class=\"p3 wp-block-paragraph\">Por ahora, el Consejo Presidencial de Transici\u00f3n no se ha pronunciado p\u00fablicamente sobre una posible evoluci\u00f3n de la situaci\u00f3n, y no se ha anunciado ning\u00fan calendario oficial de reuniones.<\/p>&#13;\n&#13;\n<p class=\"wp-block-paragraph\">La comunidad internacional ha calificado diplom\u00e1ticamente a los cinco consejeros-presidentes firmantes de la resoluci\u00f3n de destituci\u00f3n del primer ministro Fils-Aim\u00e9 como bandidos y terroristas.<br\/><\/p>&#13;\n&#13;\n<p class=\"wp-block-paragraph\">Redacci\u00f3n<\/p>&#13;\n","protected":false},"excerpt":{"rendered":"<p>&#13; Puerto Pr\u00edncipe, 24 de enero de 2026 \u2014 El primer ministro Alix Didier Fils-Aim\u00e9 inici\u00f3 una serie de reuniones con varios miembros del Consejo Presidencial de Transici\u00f3n (CPT), en un contexto marcado por fuertes tensiones institucionales relacionadas con la resoluci\u00f3n que busca su destituci\u00f3n. &#13; &#13; Seg\u00fan nuestras fuentes, el jefe de gobierno visit\u00f3 este s\u00e1bado al consejero-presidente Smith Augustin. Tambi\u00e9n deber\u00eda reunirse en las pr\u00f3ximas horas con el consejero Emmanuel Vertilaire y con otros consejeros. &#13; &#13; Consultamos a la Primatura para saber si el primer ministro Fils-Aim\u00e9 tambi\u00e9n planea visitar a Leslie Voltaire y a Edgar Leblanc. Un miembro del gabinete nos declar\u00f3 que el primer ministro realizar\u00e1 las visitas necesarias para calmar la situaci\u00f3n. &#13; &#13; Consultamos a la Primatura para saber si el primer ministro Fils-Aim\u00e9 tambi\u00e9n planea visitar a Leslie Voltaire y a Edgar Leblanc. Un miembro del gabinete nos declar\u00f3 que el primer ministro realizar\u00e1 las visitas necesarias para calmar la situaci\u00f3n. &#13; &#13; En dicha carta, Smith Augustin menciona la necesidad de preservar la estabilidad pol\u00edtica, la continuidad institucional y evitar una profundizaci\u00f3n de las divisiones internas ante la proximidad de la fecha l\u00edmite del 7 de febrero de 2026. &#13; &#13; Hasta el momento, no se ha publicado ninguna comunicaci\u00f3n oficial sobre la naturaleza exacta de los intercambios entre el primer ministro y los consejeros, ni sobre las posibles consecuencias de estas gestiones. &#13; &#13; Paralelamente, varias fuentes medi\u00e1ticas confirman que contin\u00faan las discusiones entre distintos miembros del CPT, en un contexto de estrecho seguimiento por parte de los socios internacionales, quienes recientemente han llamado a la prudencia y a la estabilidad institucional. &#13; &#13; Por ahora, el Consejo Presidencial de Transici\u00f3n no se ha pronunciado p\u00fablicamente sobre una posible evoluci\u00f3n de la situaci\u00f3n, y no se ha anunciado ning\u00fan calendario oficial de reuniones. &#13; &#13; La comunidad internacional ha calificado diplom\u00e1ticamente a los cinco consejeros-presidentes firmantes de la resoluci\u00f3n de destituci\u00f3n del primer ministro Fils-Aim\u00e9 como bandidos y terroristas. &#13; &#13; Redacci\u00f3n &#13;<\/p>\n","protected":false},"author":3,"featured_media":27539,"comment_status":"closed","ping_status":"closed","sticky":false,"template":"","format":"standard","meta":{"give_campaign_id":0,"_crdt_document":"","jetpack_post_was_ever_published":false,"_jetpack_newsletter_access":"","_jetpack_dont_email_post_to_subs":false,"_jetpack_newsletter_tier_id":0,"_jetpack_memberships_contains_paywalled_content":false,"_jetpack_memberships_contains_paid_content":false,"jnews-multi-image_gallery":[],"jnews_single_post":[],"jnews_primary_category":[],"jnews_social_meta":[],"jnews_post_split":[],"footnotes":"","jetpack_publicize_message":"Crise au CPT : Le PM Didier Fils-Aim\u00e9 visite des conseillers, dont Smith Augustin et Emmanuel Vertilaire","jetpack_publicize_feature_enabled":true,"jetpack_social_post_already_shared":true,"jetpack_social_options":{"image_generator_settings":{"template":"highway","default_image_id":0,"font":"","enabled":false},"version":2}},"categories":[3215,3266,3203],"tags":[],"class_list":["post-27540","post","type-post","status-publish","format-standard","has-post-thumbnail","hentry","category-en-portada","category-nacional","category-noticias"],"aioseo_notices":[],"jetpack_publicize_connections":[],"jetpack_featured_media_url":"https:\/\/i0.wp.com\/lequotidien509.com\/wp-content\/uploads\/2025\/02\/img_0352-1.jpg?fit=2000%2C1333&ssl=1","jetpack_sharing_enabled":true,"_links":{"self":[{"href":"https:\/\/lequotidien509.com\/es\/wp-json\/wp\/v2\/posts\/27540","targetHints":{"allow":["GET"]}}],"collection":[{"href":"https:\/\/lequotidien509.com\/es\/wp-json\/wp\/v2\/posts"}],"about":[{"href":"https:\/\/lequotidien509.com\/es\/wp-json\/wp\/v2\/types\/post"}],"author":[{"embeddable":true,"href":"https:\/\/lequotidien509.com\/es\/wp-json\/wp\/v2\/users\/3"}],"replies":[{"embeddable":true,"href":"https:\/\/lequotidien509.com\/es\/wp-json\/wp\/v2\/comments?post=27540"}],"version-history":[{"count":1,"href":"https:\/\/lequotidien509.com\/es\/wp-json\/wp\/v2\/posts\/27540\/revisions"}],"predecessor-version":[{"id":27541,"href":"https:\/\/lequotidien509.com\/es\/wp-json\/wp\/v2\/posts\/27540\/revisions\/27541"}],"wp:featuredmedia":[{"embeddable":true,"href":"https:\/\/lequotidien509.com\/es\/wp-json\/wp\/v2\/media\/27539"}],"wp:attachment":[{"href":"https:\/\/lequotidien509.com\/es\/wp-json\/wp\/v2\/media?parent=27540"}],"wp:term":[{"taxonomy":"category","embeddable":true,"href":"https:\/\/lequotidien509.com\/es\/wp-json\/wp\/v2\/categories?post=27540"},{"taxonomy":"post_tag","embeddable":true,"href":"https:\/\/lequotidien509.com\/es\/wp-json\/wp\/v2\/tags?post=27540"}],"curies":[{"name":"wp","href":"https:\/\/api.w.org\/{rel}","templated":true}]}}