{"id":27529,"date":"2026-01-25T00:37:17","date_gmt":"2026-01-25T05:37:17","guid":{"rendered":"https:\/\/lequotidien509.com\/cap-haitien-un-violento-incendio-devasta-el-mercado-cluny-en-la-calle-10\/"},"modified":"2026-01-25T15:29:59","modified_gmt":"2026-01-25T20:29:59","slug":"cap-haitien-un-violento-incendio-devasta-el-mercado-cluny-en-la-calle-10","status":"publish","type":"post","link":"https:\/\/lequotidien509.com\/es\/cap-haitien-un-violento-incendio-devasta-el-mercado-cluny-en-la-calle-10\/","title":{"rendered":"Cap-Ha\u00eftien: Un violento incendio devasta el mercado Cluny en la calle 10<br>"},"content":{"rendered":"&#13;\n<p class=\"p3 wp-block-paragraph\">25 de enero de 2026 (12:34 a. m.). Un importante incendio se encuentra en curso esta noche en el mercado Cluny, en la calle 10, en Cap-Ha\u00eftien, provocando grandes p\u00e9rdidas materiales para numerosos comerciantes. <\/p>&#13;\n&#13;\n<p class=\"p3 wp-block-paragraph\">Las im\u00e1genes recibidas por la redacci\u00f3n muestran intensas llamas destruyendo varios puestos y mercanc\u00edas en una zona comercial densamente poblada. Instalaciones el\u00e9ctricas situadas cerca del foco del incendio podr\u00edan haber favorecido su r\u00e1pida propagaci\u00f3n, dificultando las labores de control.<br\/> <\/p>&#13;\n&#13;\n<p class=\"p3 wp-block-paragraph\">Al momento de la publicaci\u00f3n, a\u00fan no se ha comunicado informaci\u00f3n oficial sobre el origen exacto del incendio ni sobre un posible saldo humano.<\/p>&#13;\n&#13;\n<p class=\"p3 wp-block-paragraph\">El mercado Cluny representa un centro econ\u00f3mico clave para los habitantes del sector. Las consecuencias podr\u00edan ser graves para las familias que dependen de esta actividad.<br\/> <\/p>&#13;\n&#13;\n<p class=\"p3 wp-block-paragraph\">Le Quotidien 509 permanece movilizado para informar en tiempo real.<\/p>&#13;\n&#13;\n<figure class=\"wp-block-video\"><video style=\"aspect-ratio: 640 \/ 360;\" src=\"https:\/\/lequotidien509.com\/wp-content\/uploads\/2026\/01\/8abeecef-b9f4-482f-8fcf-8c76c4d14ef8.mp4\" controls=\"controls\" width=\"640\" height=\"360\"><\/video><\/figure>&#13;\n","protected":false},"excerpt":{"rendered":"<p>&#13; 25 de enero de 2026 (12:34 a. m.). Un importante incendio se encuentra en curso esta noche en el mercado Cluny, en la calle 10, en Cap-Ha\u00eftien, provocando grandes p\u00e9rdidas materiales para numerosos comerciantes. &#13; &#13; Las im\u00e1genes recibidas por la redacci\u00f3n muestran intensas llamas destruyendo varios puestos y mercanc\u00edas en una zona comercial densamente poblada. Instalaciones el\u00e9ctricas situadas cerca del foco del incendio podr\u00edan haber favorecido su r\u00e1pida propagaci\u00f3n, dificultando las labores de control. &#13; &#13; Al momento de la publicaci\u00f3n, a\u00fan no se ha comunicado informaci\u00f3n oficial sobre el origen exacto del incendio ni sobre un posible saldo humano. &#13; &#13; El mercado Cluny representa un centro econ\u00f3mico clave para los habitantes del sector. Las consecuencias podr\u00edan ser graves para las familias que dependen de esta actividad. &#13; &#13; Le Quotidien 509 permanece movilizado para informar en tiempo real. &#13;<\/p>\n","protected":false},"author":3,"featured_media":27528,"comment_status":"closed","ping_status":"closed","sticky":false,"template":"","format":"standard","meta":{"give_campaign_id":0,"_crdt_document":"","jetpack_post_was_ever_published":false,"_jetpack_newsletter_access":"","_jetpack_dont_email_post_to_subs":false,"_jetpack_newsletter_tier_id":0,"_jetpack_memberships_contains_paywalled_content":false,"_jetpack_memberships_contains_paid_content":false,"jnews-multi-image_gallery":[],"jnews_single_post":[],"jnews_primary_category":[],"jnews_social_meta":[],"jnews_post_split":[],"footnotes":"","jetpack_publicize_message":"","jetpack_publicize_feature_enabled":true,"jetpack_social_post_already_shared":true,"jetpack_social_options":{"image_generator_settings":{"template":"highway","default_image_id":0,"font":"","enabled":false},"version":2}},"categories":[3215,3266,3203],"tags":[],"class_list":["post-27529","post","type-post","status-publish","format-standard","has-post-thumbnail","hentry","category-en-portada","category-nacional","category-noticias"],"aioseo_notices":[],"jetpack_publicize_connections":[],"jetpack_featured_media_url":"https:\/\/i0.wp.com\/lequotidien509.com\/wp-content\/uploads\/2026\/01\/img_7609.webp?fit=960%2C723&ssl=1","jetpack_sharing_enabled":true,"_links":{"self":[{"href":"https:\/\/lequotidien509.com\/es\/wp-json\/wp\/v2\/posts\/27529","targetHints":{"allow":["GET"]}}],"collection":[{"href":"https:\/\/lequotidien509.com\/es\/wp-json\/wp\/v2\/posts"}],"about":[{"href":"https:\/\/lequotidien509.com\/es\/wp-json\/wp\/v2\/types\/post"}],"author":[{"embeddable":true,"href":"https:\/\/lequotidien509.com\/es\/wp-json\/wp\/v2\/users\/3"}],"replies":[{"embeddable":true,"href":"https:\/\/lequotidien509.com\/es\/wp-json\/wp\/v2\/comments?post=27529"}],"version-history":[{"count":1,"href":"https:\/\/lequotidien509.com\/es\/wp-json\/wp\/v2\/posts\/27529\/revisions"}],"predecessor-version":[{"id":27530,"href":"https:\/\/lequotidien509.com\/es\/wp-json\/wp\/v2\/posts\/27529\/revisions\/27530"}],"wp:featuredmedia":[{"embeddable":true,"href":"https:\/\/lequotidien509.com\/es\/wp-json\/wp\/v2\/media\/27528"}],"wp:attachment":[{"href":"https:\/\/lequotidien509.com\/es\/wp-json\/wp\/v2\/media?parent=27529"}],"wp:term":[{"taxonomy":"category","embeddable":true,"href":"https:\/\/lequotidien509.com\/es\/wp-json\/wp\/v2\/categories?post=27529"},{"taxonomy":"post_tag","embeddable":true,"href":"https:\/\/lequotidien509.com\/es\/wp-json\/wp\/v2\/tags?post=27529"}],"curies":[{"name":"wp","href":"https:\/\/api.w.org\/{rel}","templated":true}]}}