{"id":27200,"date":"2026-01-11T22:45:26","date_gmt":"2026-01-12T03:45:26","guid":{"rendered":"https:\/\/lequotidien509.com\/?p=27200"},"modified":"2026-01-11T22:45:26","modified_gmt":"2026-01-12T03:45:26","slug":"insercion-solicitada-carta-de-jean-henry-ceant-a-monsenor-pierre-andre-dumas","status":"publish","type":"post","link":"https:\/\/lequotidien509.com\/es\/insercion-solicitada-carta-de-jean-henry-ceant-a-monsenor-pierre-andre-dumas\/","title":{"rendered":"INSERCI\u00d3N SOLICITADA CARTA DE JEAN HENRY C\u00c9ANT A MONSE\u00d1OR PIERRE ANDR\u00c9 DUMAS"},"content":{"rendered":"<p data-start=\"67\" data-end=\"149\"><strong>INSERCI\u00d3N SOLICITADA &#8211; CARTA DE JEAN HENRY C\u00c9ANT A MONSE\u00d1OR PIERRE ANDR\u00c9 DUMAS<\/strong><\/p>\n<p data-start=\"151\" data-end=\"174\">11 de enero de 2026<\/p>\n<p data-start=\"176\" data-end=\"268\">Su Excelencia<br data-start=\"189\" data-end=\"192\" \/>Monse\u00f1or Pierre Andr\u00e9 DUMAS<br data-start=\"219\" data-end=\"222\" \/>Obispo<br data-start=\"228\" data-end=\"231\" \/>Di\u00f3cesis de Anse-\u00e0-Veau y Mirago\u00e2ne<\/p>\n<p data-start=\"270\" data-end=\"283\">Monse\u00f1or:<\/p>\n<p data-start=\"285\" data-end=\"511\">Fue con profunda estupefacci\u00f3n, mezclada de tristeza y desconcierto, que tom\u00e9 conocimiento de su carta dirigida al coordinador del CPT, se\u00f1or Laurent St-Cyr, mediante la cual usted se propone como mediador en la crisis actual.<\/p>\n<p data-start=\"513\" data-end=\"1158\">Como cat\u00f3lico practicante, antiguo Consejero Econ\u00f3mico de la Iglesia Cat\u00f3lica y fiel apegado a su Iglesia, pero tambi\u00e9n como responsable pol\u00edtico consciente de las implicaciones institucionales y nacionales de toda toma de posici\u00f3n p\u00fablica, no le oculto que esta iniciativa me ha profundamente herido. Jam\u00e1s, en mi memoria de creyente, me hab\u00eda sentido tan desconcertado por la postura de un prelado a quien, sin embargo, he respetado, admirado y tenido en alta estima dentro del clero. La Iglesia sigue siendo para m\u00ed un refugio espiritual y moral, y es precisamente en ese lugar de consuelo donde esta iniciativa me ha causado una herida viva.<\/p>\n<p data-start=\"1160\" data-end=\"1648\">Me permito recordar, con respeto pero sin complacencia, el episodio del 9 de marzo de 2024, durante el cual usted cofirm\u00f3 un documento que condenaba, sin juicio previo, a compatriotas \u00abdichos sancionados\u00bb que, sin embargo, le hab\u00edan otorgado su confianza y su veneraci\u00f3n. Quiero creer que ese acto fue realizado a su pesar, pero no deja de ser cierto que marc\u00f3 una ruptura dolorosa entre usted y una parte de los fieles, dejando una herida a\u00fan abierta en el seno de la comunidad eclesial.<\/p>\n<p data-start=\"1650\" data-end=\"2210\">Hoy, al proponerse como mediador, usted se compromete en una arena eminentemente pol\u00edtica, cuando su posici\u00f3n pasada lo sit\u00faa, de hecho, entre las partes interesadas. Mi prop\u00f3sito no apunta al principio mismo de la mediaci\u00f3n, que considero necesaria en toda sociedad en crisis, sino a la credibilidad del mediador propuesto en el contexto preciso que atraviesa el pa\u00eds. En estas condiciones, perm\u00edtame dudar de su capacidad para encarnar la neutralidad, la elevaci\u00f3n moral y la distancia indispensables para una mediaci\u00f3n cre\u00edble y verdaderamente apaciguadora.<\/p>\n<p data-start=\"2212\" data-end=\"2787\">Lejos de m\u00ed la idea de negar su trayectoria o su papel espiritual. Sin embargo, creo sinceramente que su lugar, en esta hora grave, se sit\u00faa m\u00e1s bien junto a su familia pol\u00edtica que en un proceso de mediaci\u00f3n susceptible de exacerbar las divisiones y de exponer a\u00fan m\u00e1s a nuestra Iglesia, ya fragilizada, a las turbulencias del campo pol\u00edtico. Toda mediaci\u00f3n llamada a contribuir realmente al apaciguamiento y a la inclusi\u00f3n deber\u00eda, a mi juicio, apoyarse en garant\u00edas ciertas y claras de neutralidad, colegialidad y distancia con respecto a compromisos pol\u00edticos anteriores.<\/p>\n<p data-start=\"2789\" data-end=\"3291\">Soy consciente de que la situaci\u00f3n del pa\u00eds se inscribe en un contexto de fuertes presiones internacionales y de plazos institucionales cr\u00edticos. Es precisamente para evitar que estas limitaciones se traduzcan en decisiones apresuradas, impugnadas o percibidas como impuestas, que considero necesario actuar con extrema prudencia en las mediaciones emprendidas, sobre todo cuando tocan el coraz\u00f3n de la legitimidad institucional y recuerdan los procesos que condujeron a la instauraci\u00f3n del CPT actual.<\/p>\n<p data-start=\"3293\" data-end=\"3645\">Por ello, en el inter\u00e9s superior del pa\u00eds y con el fin de preservar lo que queda de credibilidad institucional, hago respetuosamente un llamado al discernimiento de los dem\u00e1s miembros del CPT para que rechacen esta propuesta de mediaci\u00f3n, que excluye y que, en su estado actual, no podr\u00eda contribuir a una salida justa y apaciguada de la crisis actual.<\/p>\n<p data-start=\"3647\" data-end=\"4024\">Monse\u00f1or, usted todav\u00eda tiene un papel esencial que desempe\u00f1ar: el del pastor, del hombre de oraci\u00f3n, de conciencia y de arrepentimiento, capaz de reunir por la humildad y el retiro m\u00e1s que por la exposici\u00f3n. Un retorno decidido a la oraci\u00f3n, a la confesi\u00f3n y a la b\u00fasqueda del perd\u00f3n ser\u00eda, a mis ojos, un acto de alta espiritualidad y de reconciliaci\u00f3n con el pueblo de Dios.<\/p>\n<p data-start=\"4026\" data-end=\"4249\">Sigo convencido de que la fe de este pueblo permanece intacta. Es precisamente para preservarla que expreso esta posici\u00f3n, con convicci\u00f3n pero sin odio, con firmeza pero sin renunciar al respeto debido a su augusta funci\u00f3n.<\/p>\n<p data-start=\"4251\" data-end=\"4336\"><a href=\"https:\/\/lequotidien509.com\/mgr-pierre-andre-dumas-souhaite-conduire-une-mediation-pour-eviter-le-chaos-le-7-fevrier-2026\/\">Que Dios lo ilumine y le conceda la sabidur\u00eda necesaria en estos tiempos turbulentos.<\/a><\/p>\n<p data-start=\"4338\" data-end=\"4346\">As\u00ed sea.<\/p>\n<p data-start=\"4348\" data-end=\"4420\">S\u00edrvase creer, Monse\u00f1or, en la expresi\u00f3n de mi respetuosa consideraci\u00f3n.<\/p>\n<p data-start=\"4425\" data-end=\"4486\">Me. Jean Henry C\u00e9ant<br data-start=\"4449\" data-end=\"4452\" \/>Antiguo Primer Ministro de Hait\u00ed<\/p>\n<p data-start=\"4488\" data-end=\"4654\">CC: A los miembros de la Conferencia Episcopal de Hait\u00ed<br data-start=\"4547\" data-end=\"4550\" \/>\u2003\u2003\u2003A los miembros del Consejo Presidencial de Transici\u00f3n<br data-start=\"4606\" data-end=\"4609\" \/>\u2003\u2003\u2003Al Primer Ministro Alix Didier Fils-Aim\u00e9<\/p>\n","protected":false},"excerpt":{"rendered":"<p>INSERCI\u00d3N SOLICITADA &#8211; CARTA DE JEAN HENRY C\u00c9ANT A MONSE\u00d1OR PIERRE ANDR\u00c9 DUMAS 11 de enero de 2026 Su ExcelenciaMonse\u00f1or Pierre Andr\u00e9 DUMASObispoDi\u00f3cesis de Anse-\u00e0-Veau y Mirago\u00e2ne Monse\u00f1or: Fue con profunda estupefacci\u00f3n, mezclada de tristeza y desconcierto, que tom\u00e9 conocimiento de su carta dirigida al coordinador del CPT, se\u00f1or Laurent St-Cyr, mediante la cual usted se propone como mediador en la crisis actual. Como cat\u00f3lico practicante, antiguo Consejero Econ\u00f3mico de la Iglesia Cat\u00f3lica y fiel apegado a su Iglesia, pero tambi\u00e9n como responsable pol\u00edtico consciente de las implicaciones institucionales y nacionales de toda toma de posici\u00f3n p\u00fablica, no le oculto que esta iniciativa me ha profundamente herido. Jam\u00e1s, en mi memoria de creyente, me hab\u00eda sentido tan desconcertado por la postura de un prelado a quien, sin embargo, he respetado, admirado y tenido en alta estima dentro del clero. La Iglesia sigue siendo para m\u00ed un refugio espiritual y moral, y es precisamente en ese lugar de consuelo donde esta iniciativa me ha causado una herida viva. Me permito recordar, con respeto pero sin complacencia, el episodio del 9 de marzo de 2024, durante el cual usted cofirm\u00f3 un documento que condenaba, sin juicio previo, a compatriotas \u00abdichos sancionados\u00bb que, sin embargo, le hab\u00edan otorgado su confianza y su veneraci\u00f3n. Quiero creer que ese acto fue realizado a su pesar, pero no deja de ser cierto que marc\u00f3 una ruptura dolorosa entre usted y una parte de los fieles, dejando una herida a\u00fan abierta en el seno de la comunidad eclesial. Hoy, al proponerse como mediador, usted se compromete en una arena eminentemente pol\u00edtica, cuando su posici\u00f3n pasada lo sit\u00faa, de hecho, entre las partes interesadas. Mi prop\u00f3sito no apunta al principio mismo de la mediaci\u00f3n, que considero necesaria en toda sociedad en crisis, sino a la credibilidad del mediador propuesto en el contexto preciso que atraviesa el pa\u00eds. En estas condiciones, perm\u00edtame dudar de su capacidad para encarnar la neutralidad, la elevaci\u00f3n moral y la distancia indispensables para una mediaci\u00f3n cre\u00edble y verdaderamente apaciguadora. Lejos de m\u00ed la idea de negar su trayectoria o su papel espiritual. Sin embargo, creo sinceramente que su lugar, en esta hora grave, se sit\u00faa m\u00e1s bien junto a su familia pol\u00edtica que en un proceso de mediaci\u00f3n susceptible de exacerbar las divisiones y de exponer a\u00fan m\u00e1s a nuestra Iglesia, ya fragilizada, a las turbulencias del campo pol\u00edtico. Toda mediaci\u00f3n llamada a contribuir realmente al apaciguamiento y a la inclusi\u00f3n deber\u00eda, a mi juicio, apoyarse en garant\u00edas ciertas y claras de neutralidad, colegialidad y distancia con respecto a compromisos pol\u00edticos anteriores. Soy consciente de que la situaci\u00f3n del pa\u00eds se inscribe en un contexto de fuertes presiones internacionales y de plazos institucionales cr\u00edticos. Es precisamente para evitar que estas limitaciones se traduzcan en decisiones apresuradas, impugnadas o percibidas como impuestas, que considero necesario actuar con extrema prudencia en las mediaciones emprendidas, sobre todo cuando tocan el coraz\u00f3n de la legitimidad institucional y recuerdan los procesos que condujeron a la instauraci\u00f3n del CPT actual. Por ello, en el inter\u00e9s superior del pa\u00eds y con el fin de preservar lo que queda de credibilidad institucional, hago respetuosamente un llamado al discernimiento de los dem\u00e1s miembros del CPT para que rechacen esta propuesta de mediaci\u00f3n, que excluye y que, en su estado actual, no podr\u00eda contribuir a una salida justa y apaciguada de la crisis actual. Monse\u00f1or, usted todav\u00eda tiene un papel esencial que desempe\u00f1ar: el del pastor, del hombre de oraci\u00f3n, de conciencia y de arrepentimiento, capaz de reunir por la humildad y el retiro m\u00e1s que por la exposici\u00f3n. Un retorno decidido a la oraci\u00f3n, a la confesi\u00f3n y a la b\u00fasqueda del perd\u00f3n ser\u00eda, a mis ojos, un acto de alta espiritualidad y de reconciliaci\u00f3n con el pueblo de Dios. Sigo convencido de que la fe de este pueblo permanece intacta. Es precisamente para preservarla que expreso esta posici\u00f3n, con convicci\u00f3n pero sin odio, con firmeza pero sin renunciar al respeto debido a su augusta funci\u00f3n. Que Dios lo ilumine y le conceda la sabidur\u00eda necesaria en estos tiempos turbulentos. As\u00ed sea. S\u00edrvase creer, Monse\u00f1or, en la expresi\u00f3n de mi respetuosa consideraci\u00f3n. Me. Jean Henry C\u00e9antAntiguo Primer Ministro de Hait\u00ed CC: A los miembros de la Conferencia Episcopal de Hait\u00ed\u2003\u2003\u2003A los miembros del Consejo Presidencial de Transici\u00f3n\u2003\u2003\u2003Al Primer Ministro Alix Didier Fils-Aim\u00e9<\/p>\n","protected":false},"author":3,"featured_media":27202,"comment_status":"closed","ping_status":"closed","sticky":false,"template":"","format":"standard","meta":{"give_campaign_id":0,"_crdt_document":"","jetpack_post_was_ever_published":false,"_jetpack_newsletter_access":"","_jetpack_dont_email_post_to_subs":false,"_jetpack_newsletter_tier_id":0,"_jetpack_memberships_contains_paywalled_content":false,"_jetpack_memberships_contains_paid_content":false,"jnews-multi-image_gallery":[],"jnews_single_post":{"format":"standard","override":[{"template":"4","parallax":"1","layout":"right-sidebar","sidebar":"default-sidebar","second_sidebar":"default-sidebar","sticky_sidebar":"1","share_position":"topbottom","share_float_style":"share-monocrhome","show_featured":"1","show_post_meta":"1","show_post_author":"1","show_post_author_image":"1","show_post_date":"1","post_date_format":"default","post_date_format_custom":"Y\/m\/d","show_post_category":"1","show_post_reading_time":"1","post_reading_time_wpm":"300","post_calculate_word_method":"str_word_count","show_zoom_button":"0","zoom_button_out_step":"2","zoom_button_in_step":"3","show_post_tag":"1","show_comment_section":"1","number_popup_post":"1","show_inline_post_related":"1"}],"image_override":[{"single_post_thumbnail_size":"crop-500","single_post_gallery_size":"crop-500"}],"trending_post_position":"meta","trending_post_label":"Trending","sponsored_post_label":"Sponsored by","disable_ad":"0","subtitle":"Como cat\u00f3lico practicante, antiguo Consejero Econ\u00f3mico de la Iglesia Cat\u00f3lica y fiel apegado a su Iglesia, pero tambi\u00e9n como responsable pol\u00edtico consciente de las implicaciones institucionales y nacionales de toda toma de posici\u00f3n p\u00fablica, no le oculto que esta iniciativa me ha profundamente herido."},"jnews_primary_category":[],"jnews_social_meta":[],"jnews_post_split":{"post_split":[{"template":"1","tag":"h2","numbering":"asc","mode":"normal","first":"0","enable_toc":"0","toc_type":"normal"}]},"footnotes":"","jetpack_publicize_message":"","jetpack_publicize_feature_enabled":true,"jetpack_social_post_already_shared":true,"jetpack_social_options":{"image_generator_settings":{"template":"highway","default_image_id":0,"font":"","enabled":false},"version":2}},"categories":[3213,3215,3269],"tags":[3398,3400,3397,3399],"class_list":["post-27200","post","type-post","status-publish","format-standard","has-post-thumbnail","hentry","category-analisis","category-en-portada","category-publicacion-solicitada","tag-ceant","tag-cpt","tag-dumas","tag-haiti"],"aioseo_notices":[],"jetpack_publicize_connections":[],"jetpack_featured_media_url":"https:\/\/i0.wp.com\/lequotidien509.com\/wp-content\/uploads\/2026\/01\/ceantDumas-1.jpg?fit=1200%2C628&ssl=1","jetpack_sharing_enabled":true,"_links":{"self":[{"href":"https:\/\/lequotidien509.com\/es\/wp-json\/wp\/v2\/posts\/27200","targetHints":{"allow":["GET"]}}],"collection":[{"href":"https:\/\/lequotidien509.com\/es\/wp-json\/wp\/v2\/posts"}],"about":[{"href":"https:\/\/lequotidien509.com\/es\/wp-json\/wp\/v2\/types\/post"}],"author":[{"embeddable":true,"href":"https:\/\/lequotidien509.com\/es\/wp-json\/wp\/v2\/users\/3"}],"replies":[{"embeddable":true,"href":"https:\/\/lequotidien509.com\/es\/wp-json\/wp\/v2\/comments?post=27200"}],"version-history":[{"count":1,"href":"https:\/\/lequotidien509.com\/es\/wp-json\/wp\/v2\/posts\/27200\/revisions"}],"predecessor-version":[{"id":27203,"href":"https:\/\/lequotidien509.com\/es\/wp-json\/wp\/v2\/posts\/27200\/revisions\/27203"}],"wp:featuredmedia":[{"embeddable":true,"href":"https:\/\/lequotidien509.com\/es\/wp-json\/wp\/v2\/media\/27202"}],"wp:attachment":[{"href":"https:\/\/lequotidien509.com\/es\/wp-json\/wp\/v2\/media?parent=27200"}],"wp:term":[{"taxonomy":"category","embeddable":true,"href":"https:\/\/lequotidien509.com\/es\/wp-json\/wp\/v2\/categories?post=27200"},{"taxonomy":"post_tag","embeddable":true,"href":"https:\/\/lequotidien509.com\/es\/wp-json\/wp\/v2\/tags?post=27200"}],"curies":[{"name":"wp","href":"https:\/\/api.w.org\/{rel}","templated":true}]}}