{"id":31074,"date":"2026-03-16T17:29:10","date_gmt":"2026-03-16T21:29:10","guid":{"rendered":"https:\/\/lequotidien509.com\/?p=31074"},"modified":"2026-03-16T17:29:10","modified_gmt":"2026-03-16T21:29:10","slug":"haiti-kidnapped-journalists-esperance-celestin","status":"publish","type":"post","link":"https:\/\/lequotidien509.com\/en\/haiti-kidnapped-journalists-esperance-celestin\/","title":{"rendered":"Haiti: Families Demand Release of Kidnapped Journalists Osnel Esp\u00e9rance and Junior C\u00e9lestin"},"content":{"rendered":"<h4 data-section-id=\"19wtnb9\" data-start=\"308\" data-end=\"354\">Families and media demand immediate release<\/h4>\n<p data-start=\"356\" data-end=\"638\">The families of journalists <span class=\"hover:entity-accent entity-underline inline cursor-pointer align-baseline\"><span class=\"whitespace-normal\">Osnel Esp\u00e9rance<\/span><\/span> and <span class=\"hover:entity-accent entity-underline inline cursor-pointer align-baseline\"><span class=\"whitespace-normal\">Junior C\u00e9lestin<\/span><\/span>, along with representatives of <span class=\"hover:entity-accent entity-underline inline cursor-pointer align-baseline\"><span class=\"whitespace-normal\">Radio Uni FM<\/span><\/span> and <span class=\"hover:entity-accent entity-underline inline cursor-pointer align-baseline\"><span class=\"whitespace-normal\">Radio T\u00e9l\u00e9vision Megastar<\/span><\/span>, called on Monday, March 16, 2026, for their immediate release.<\/p>\n<p data-start=\"640\" data-end=\"904\">During a press conference held in <span class=\"hover:entity-accent entity-underline inline cursor-pointer align-baseline\"><span class=\"whitespace-normal\">Port-au-Prince<\/span><\/span>, relatives and media officials condemned the kidnapping of the two reporters, which occurred on March 13, and appealed to Haitian authorities and the international community for urgent action.<\/p>\n<p data-start=\"906\" data-end=\"1046\">Three days after their disappearance, the journalists\u2019 families say they remain deeply worried and without information about their fate.<\/p>\n<p data-start=\"1048\" data-end=\"1233\"><a href=\"https:\/\/lequotidien509.com\/en\/haiti-violence-displacement-port-au-prince\/\">According to relatives, the last contact with Osnel Esp\u00e9rance occurred on the day of the abduction. Since then, no communication has reportedly been established with the kidnappers.<\/a><\/p>\n<h4 data-section-id=\"oclpbz\" data-start=\"1240\" data-end=\"1287\">Kidnapped while reporting near Champ de Mars<\/h4>\n<p data-start=\"1289\" data-end=\"1503\">Representatives of <span class=\"hover:entity-accent entity-underline inline cursor-pointer align-baseline\"><span class=\"whitespace-normal\">Radio Uni FM<\/span><\/span> stated during the press conference that the two journalists were working in the vicinity of <span class=\"hover:entity-accent entity-underline inline cursor-pointer align-baseline\"><span class=\"whitespace-normal\">Champ de Mars<\/span><\/span> when the incident occurred.<\/p>\n<p data-start=\"1505\" data-end=\"1607\">They were reportedly conducting a report as part of their professional duties when they were abducted.<\/p>\n<p data-start=\"1609\" data-end=\"1770\">A representative of the station said the priority now is to obtain proof that the journalists are alive and receive information about their health condition.<\/p>\n<p data-start=\"1772\" data-end=\"2002\">The station also urged the involvement of international institutions, including the <span class=\"hover:entity-accent entity-underline inline cursor-pointer align-baseline\"><span class=\"whitespace-normal\">United Nations High Commissioner for Human Rights<\/span><\/span> and<a href=\"https:\/\/x.com\/lequotidien509E\/status\/2032456407811764409?s=20\"> the <span class=\"hover:entity-accent entity-underline inline cursor-pointer align-baseline\"><span class=\"whitespace-normal\">United Nations Integrated Office in Haiti<\/span><\/span> (BINUH), to support Haitian authorities in resolving the case.<\/a><\/p>\n<h4 data-section-id=\"11xkfe5\" data-start=\"2009\" data-end=\"2044\">Authorities urged to take action<\/h4>\n<p data-start=\"2046\" data-end=\"2310\">Media representatives called on <span class=\"hover:entity-accent entity-underline inline cursor-pointer align-baseline\"><span class=\"whitespace-normal\">Alix Didier Fils-Aim\u00e9<\/span><\/span>, Prime Minister of <span class=\"hover:entity-accent entity-underline inline cursor-pointer align-baseline\"><span class=\"whitespace-normal\">Haiti<\/span><\/span> and president of the Superior Council of the National Police, to publicly address the case and take measures to locate the journalists.<\/p>\n<p data-start=\"2312\" data-end=\"2599\">They also appealed to <span class=\"hover:entity-accent entity-underline inline cursor-pointer align-baseline\"><span class=\"whitespace-normal\">Paul Antoine Bien-Aim\u00e9<\/span><\/span>, Minister of the Interior, and <span class=\"hover:entity-accent entity-underline inline cursor-pointer align-baseline\"><span class=\"whitespace-normal\">Andr\u00e9 Jonas Vladimir Paraison<\/span><\/span>, Director General of the <span class=\"hover:entity-accent entity-underline inline cursor-pointer align-baseline\"><span class=\"whitespace-normal\">Haitian National Police<\/span><\/span> (PNH), urging them to take concrete steps to clarify the circumstances of the kidnapping.<\/p>\n<h4 data-section-id=\"1pmrbb9\" data-start=\"2606\" data-end=\"2666\">Media outlets recall previous attacks against journalists<\/h4>\n<p data-start=\"2668\" data-end=\"2944\">During the press conference, representatives of <span class=\"hover:entity-accent entity-underline inline cursor-pointer align-baseline\"><span class=\"whitespace-normal\">Radio Uni FM<\/span><\/span> recalled that the station had previously faced a similar incident involving journalist <span class=\"hover:entity-accent entity-underline inline cursor-pointer align-baseline\"><span class=\"whitespace-normal\">Roudy \u00c9veillard<\/span><\/span>, who was allegedly kidnapped by individuals wearing uniforms.<\/p>\n<p data-start=\"2946\" data-end=\"3185\">A representative of <span class=\"hover:entity-accent entity-underline inline cursor-pointer align-baseline\"><span class=\"whitespace-normal\">Radio T\u00e9l\u00e9vision Megastar<\/span><\/span> described Junior C\u00e9lestin as the co-host of the program <em data-start=\"3062\" data-end=\"3077\">Bonjour Ha\u00efti<\/em>, noting that the journalist who usually informs the public now finds himself at the center of the news.<\/p>\n<p data-start=\"3187\" data-end=\"3425\">The station also cited several incidents affecting its operations in recent years, including a fire that destroyed its premises in mid-November 2024 and an attack on journalist <span class=\"hover:entity-accent entity-underline inline cursor-pointer align-baseline\"><span class=\"whitespace-normal\">Justin Jocelin<\/span><\/span> in December 2024.<\/p>\n<p data-start=\"3427\" data-end=\"3531\">Jocelin was reportedly assaulted while covering an event at the <span class=\"hover:entity-accent entity-underline inline cursor-pointer align-baseline\"><span class=\"whitespace-normal\">H\u00f4pital de l\u2019Universit\u00e9 d\u2019\u00c9tat d\u2019Ha\u00efti<\/span><\/span>.<\/p>\n<p data-start=\"3533\" data-end=\"3696\">According to the station, the journalist is currently in <span class=\"hover:entity-accent entity-underline inline cursor-pointer align-baseline\"><span class=\"whitespace-normal\">Cuba<\/span><\/span> receiving medical treatment after numerous efforts to secure care.<\/p>\n<p data-start=\"3698\" data-end=\"3844\">The media representative also addressed <span class=\"hover:entity-accent entity-underline inline cursor-pointer align-baseline\"><span class=\"whitespace-normal\">Bertrand Sinal<\/span><\/span>, Haiti\u2019s Minister of Public Health, regarding Jocelin\u2019s situation.<\/p>\n<h4 data-section-id=\"1j0k04c\" data-start=\"3851\" data-end=\"3878\">Appeal for proof of life<\/h4>\n<p data-start=\"3880\" data-end=\"4069\">In conclusion, the families of the kidnapped journalists and leaders of the two media outlets renewed their appeal to the kidnappers to provide proof of life or release the journalists.<\/p>\n<p data-start=\"4071\" data-end=\"4191\">They also urged Haitian authorities to act swiftly to ensure the safe return of Osnel Esp\u00e9rance and Junior C\u00e9lestin.<\/p>\n<p>Ronald Andr\u00e9.<\/p>\n","protected":false},"excerpt":{"rendered":"<p>Families and media demand immediate release The families of journalists Osnel Esp\u00e9rance and Junior C\u00e9lestin, along with representatives of Radio Uni FM and Radio T\u00e9l\u00e9vision Megastar, called on Monday, March 16, 2026, for their immediate release. During a press conference held in Port-au-Prince, relatives and media officials condemned the kidnapping of the two reporters, which occurred on March 13, and appealed to Haitian authorities and the international community for urgent action. Three days after their disappearance, the journalists\u2019 families say they remain deeply worried and without information about their fate. According to relatives, the last contact with Osnel Esp\u00e9rance occurred on the day of the abduction. Since then, no communication has reportedly been established with the kidnappers. Kidnapped while reporting near Champ de Mars Representatives of Radio Uni FM stated during the press conference that the two journalists were working in the vicinity of Champ de Mars when the incident occurred. They were reportedly conducting a report as part of their professional duties when they were abducted. A representative of the station said the priority now is to obtain proof that the journalists are alive and receive information about their health condition. The station also urged the involvement of international institutions, including the United Nations High Commissioner for Human Rights and the United Nations Integrated Office in Haiti (BINUH), to support Haitian authorities in resolving the case. Authorities urged to take action Media representatives called on Alix Didier Fils-Aim\u00e9, Prime Minister of Haiti and president of the Superior Council of the National Police, to publicly address the case and take measures to locate the journalists. They also appealed to Paul Antoine Bien-Aim\u00e9, Minister of the Interior, and Andr\u00e9 Jonas Vladimir Paraison, Director General of the Haitian National Police (PNH), urging them to take concrete steps to clarify the circumstances of the kidnapping. Media outlets recall previous attacks against journalists During the press conference, representatives of Radio Uni FM recalled that the station had previously faced a similar incident involving journalist Roudy \u00c9veillard, who was allegedly kidnapped by individuals wearing uniforms. A representative of Radio T\u00e9l\u00e9vision Megastar described Junior C\u00e9lestin as the co-host of the program Bonjour Ha\u00efti, noting that the journalist who usually informs the public now finds himself at the center of the news. The station also cited several incidents affecting its operations in recent years, including a fire that destroyed its premises in mid-November 2024 and an attack on journalist Justin Jocelin in December 2024. Jocelin was reportedly assaulted while covering an event at the H\u00f4pital de l\u2019Universit\u00e9 d\u2019\u00c9tat d\u2019Ha\u00efti. According to the station, the journalist is currently in Cuba receiving medical treatment after numerous efforts to secure care. The media representative also addressed Bertrand Sinal, Haiti\u2019s Minister of Public Health, regarding Jocelin\u2019s situation. Appeal for proof of life In conclusion, the families of the kidnapped journalists and leaders of the two media outlets renewed their appeal to the kidnappers to provide proof of life or release the journalists. They also urged Haitian authorities to act swiftly to ensure the safe return of Osnel Esp\u00e9rance and Junior C\u00e9lestin. Ronald Andr\u00e9.<\/p>\n","protected":false},"author":9,"featured_media":31076,"comment_status":"closed","ping_status":"closed","sticky":false,"template":"","format":"standard","meta":{"give_campaign_id":0,"_crdt_document":"","jetpack_post_was_ever_published":false,"_jetpack_newsletter_access":"","_jetpack_dont_email_post_to_subs":false,"_jetpack_newsletter_tier_id":0,"_jetpack_memberships_contains_paywalled_content":false,"_jetpack_memberships_contains_paid_content":false,"jnews-multi-image_gallery":[],"jnews_single_post":{"format":"standard","override":[{"template":"4","parallax":"1","layout":"right-sidebar","sidebar":"default-sidebar","second_sidebar":"default-sidebar","sticky_sidebar":"1","share_position":"topbottom","share_float_style":"share-monocrhome","show_featured":"1","show_post_meta":"1","show_post_author":"1","show_post_author_image":"1","show_post_date":"1","post_date_format":"default","post_date_format_custom":"Y\/m\/d","show_post_category":"1","show_post_reading_time":"1","post_reading_time_wpm":"300","post_calculate_word_method":"str_word_count","show_zoom_button":"0","zoom_button_out_step":"2","zoom_button_in_step":"3","show_post_tag":"1","show_comment_section":"1","number_popup_post":"1","show_inline_post_related":"1"}],"image_override":[{"single_post_thumbnail_size":"crop-500","single_post_gallery_size":"crop-500"}],"trending_post_position":"meta","trending_post_label":"Trending","sponsored_post_label":"Sponsored by","disable_ad":"0","subtitle":"Relatives and media organizations call for the release of two Haitian journalists kidnapped in Port-au-Prince, urging authorities and international bodies to intervene."},"jnews_primary_category":[],"jnews_social_meta":[],"jnews_post_split":{"post_split":[{"template":"1","tag":"h2","numbering":"asc","mode":"normal","first":"0","enable_toc":"0","toc_type":"normal"}]},"footnotes":"","jetpack_publicize_message":"","jetpack_publicize_feature_enabled":true,"jetpack_social_post_already_shared":true,"jetpack_social_options":{"image_generator_settings":{"template":"highway","default_image_id":0,"font":"","enabled":false},"version":2}},"categories":[32],"tags":[3463,4894,4896,4895,3502],"class_list":["post-31074","post","type-post","status-publish","format-standard","has-post-thumbnail","hentry","category-actualites","tag-haiti","tag-journalists","tag-kidnapping","tag-media-freedom","tag-security"],"aioseo_notices":[],"jetpack_publicize_connections":[],"jetpack_featured_media_url":"https:\/\/i0.wp.com\/lequotidien509.com\/wp-content\/uploads\/2026\/03\/IMG-20260313-WA1429-1-1.webp?fit=998%2C578&ssl=1","jetpack_sharing_enabled":true,"_links":{"self":[{"href":"https:\/\/lequotidien509.com\/en\/wp-json\/wp\/v2\/posts\/31074","targetHints":{"allow":["GET"]}}],"collection":[{"href":"https:\/\/lequotidien509.com\/en\/wp-json\/wp\/v2\/posts"}],"about":[{"href":"https:\/\/lequotidien509.com\/en\/wp-json\/wp\/v2\/types\/post"}],"author":[{"embeddable":true,"href":"https:\/\/lequotidien509.com\/en\/wp-json\/wp\/v2\/users\/9"}],"replies":[{"embeddable":true,"href":"https:\/\/lequotidien509.com\/en\/wp-json\/wp\/v2\/comments?post=31074"}],"version-history":[{"count":1,"href":"https:\/\/lequotidien509.com\/en\/wp-json\/wp\/v2\/posts\/31074\/revisions"}],"predecessor-version":[{"id":31077,"href":"https:\/\/lequotidien509.com\/en\/wp-json\/wp\/v2\/posts\/31074\/revisions\/31077"}],"wp:featuredmedia":[{"embeddable":true,"href":"https:\/\/lequotidien509.com\/en\/wp-json\/wp\/v2\/media\/31076"}],"wp:attachment":[{"href":"https:\/\/lequotidien509.com\/en\/wp-json\/wp\/v2\/media?parent=31074"}],"wp:term":[{"taxonomy":"category","embeddable":true,"href":"https:\/\/lequotidien509.com\/en\/wp-json\/wp\/v2\/categories?post=31074"},{"taxonomy":"post_tag","embeddable":true,"href":"https:\/\/lequotidien509.com\/en\/wp-json\/wp\/v2\/tags?post=31074"}],"curies":[{"name":"wp","href":"https:\/\/api.w.org\/{rel}","templated":true}]}}