{"id":30672,"date":"2026-03-09T09:32:58","date_gmt":"2026-03-09T13:32:58","guid":{"rendered":"https:\/\/lequotidien509.com\/?p=30672"},"modified":"2026-03-09T09:32:58","modified_gmt":"2026-03-09T13:32:58","slug":"abinader-dominican-republic-us-alliance-shield-americas","status":"publish","type":"post","link":"https:\/\/lequotidien509.com\/en\/abinader-dominican-republic-us-alliance-shield-americas\/","title":{"rendered":"Dominican Republic: Abinader Strengthens Strategic Alliance with the United States"},"content":{"rendered":"<p data-start=\"402\" data-end=\"719\">President of the <span class=\"hover:entity-accent entity-underline inline cursor-pointer align-baseline\"><span class=\"whitespace-normal\">Dominican Republic<\/span><\/span>, <span class=\"hover:entity-accent entity-underline inline cursor-pointer align-baseline\"><span class=\"whitespace-normal\">Luis Abinader<\/span><\/span>, took part in the \u201cShield of the Americas\u201d summit, organized by <span class=\"hover:entity-accent entity-underline inline cursor-pointer align-baseline\"><span class=\"whitespace-normal\">Donald Trump<\/span><\/span> and held in Florida, <a href=\"https:\/\/presidencia.gob.do\/\">bringing together several heads of state from Latin America and the Caribbean.<\/a><\/p>\n<p data-start=\"721\" data-end=\"913\">The meeting sought to strengthen regional cooperation in the fight against organized crime, narcotrafficking networks and transnational criminal groups.<\/p>\n<p data-start=\"915\" data-end=\"1214\">At the end of the summit, participating leaders supported the creation of a Coalici\u00f3n Antic\u00e1rteles de las Am\u00e9ricas, a regional initiative designed to coordinate actions against drug cartels and other criminal organizations operating across the hemisphere.<\/p>\n<p data-start=\"1216\" data-end=\"1517\">On his social media platforms, Abinader highlighted the Dominican Republic\u2019s willingness to align with U.S. economic, political, military and technological strategies. He also thanked Trump, describing the relationship between the two countries as historic and emphasizing their continued cooperation.<\/p>\n<p data-start=\"1519\" data-end=\"1639\">Beyond the fight against cartels, cooperation between Santo Domingo and Washington extends to several strategic sectors.<\/p>\n<p data-start=\"1519\" data-end=\"1639\">In the field of security and defense, the Dominican Republic has authorized the United States to use certain airspace areas for logistical operations linked to Operation Southern Spear, aimed at strengthening regional security coordination.<\/p>\n<p data-start=\"1887\" data-end=\"2242\">On the technological front, plans include the development of an international digital port in partnership with <span class=\"hover:entity-accent entity-underline inline cursor-pointer align-baseline\"><span class=\"whitespace-normal\">Google<\/span><\/span>, as well as the installation of a submarine cable connecting the <a href=\"https:\/\/lequotidien509.com\/en\/raina-forbin-receives-the-diplomatic-corps-a-first-contact-viewed-as-promising\/\">Dominican Republic with the U.S. states of South Carolina and Virginia. The project\u2019s initial investment is estimated at around $500 million.<\/a><\/p>\n<p data-start=\"2244\" data-end=\"2435\">In the industrial sector, the country is also seeking to integrate semiconductor supply chains through a national strategy and potential agreements with <span class=\"hover:entity-accent entity-underline inline cursor-pointer align-baseline\"><span class=\"whitespace-normal\">Purdue University<\/span><\/span>.<\/p>\n<p data-start=\"2437\" data-end=\"2748\">Cooperation also extends to energy and space projects, including discussions on sustainable development initiatives and the announcement of a future commercial spaceport in Oviedo, in the province of Pedernales, in partnership with <span class=\"hover:entity-accent entity-underline inline cursor-pointer align-baseline\"><span class=\"whitespace-normal\">Launch On Demand<\/span><\/span>, with an estimated value of $600 million.<\/p>\n<p data-start=\"2750\" data-end=\"2929\">The Dominican president also reiterated his opposition to <span class=\"hover:entity-accent entity-underline inline cursor-pointer align-baseline\"><span class=\"whitespace-normal\">Nicol\u00e1s Maduro<\/span><\/span> and his support for democratic governance in <span class=\"hover:entity-accent entity-underline inline cursor-pointer align-baseline\"><span class=\"whitespace-normal\">Venezuela<\/span><\/span>.<\/p>\n<p data-start=\"2931\" data-end=\"3142\">Despite the strengthening of strategic ties, the Dominican Republic continues to be affected by a 10 percent tariff policy imposed by Washington, which impacts certain exports and the country\u2019s free trade zones.<\/p>\n<p>Soraya Ades.<\/p>\n","protected":false},"excerpt":{"rendered":"<p>President of the Dominican Republic, Luis Abinader, took part in the \u201cShield of the Americas\u201d summit, organized by Donald Trump and held in Florida, bringing together several heads of state from Latin America and the Caribbean. The meeting sought to strengthen regional cooperation in the fight against organized crime, narcotrafficking networks and transnational criminal groups. At the end of the summit, participating leaders supported the creation of a Coalici\u00f3n Antic\u00e1rteles de las Am\u00e9ricas, a regional initiative designed to coordinate actions against drug cartels and other criminal organizations operating across the hemisphere. On his social media platforms, Abinader highlighted the Dominican Republic\u2019s willingness to align with U.S. economic, political, military and technological strategies. He also thanked Trump, describing the relationship between the two countries as historic and emphasizing their continued cooperation. Beyond the fight against cartels, cooperation between Santo Domingo and Washington extends to several strategic sectors. In the field of security and defense, the Dominican Republic has authorized the United States to use certain airspace areas for logistical operations linked to Operation Southern Spear, aimed at strengthening regional security coordination. On the technological front, plans include the development of an international digital port in partnership with Google, as well as the installation of a submarine cable connecting the Dominican Republic with the U.S. states of South Carolina and Virginia. The project\u2019s initial investment is estimated at around $500 million. In the industrial sector, the country is also seeking to integrate semiconductor supply chains through a national strategy and potential agreements with Purdue University. Cooperation also extends to energy and space projects, including discussions on sustainable development initiatives and the announcement of a future commercial spaceport in Oviedo, in the province of Pedernales, in partnership with Launch On Demand, with an estimated value of $600 million. The Dominican president also reiterated his opposition to Nicol\u00e1s Maduro and his support for democratic governance in Venezuela. Despite the strengthening of strategic ties, the Dominican Republic continues to be affected by a 10 percent tariff policy imposed by Washington, which impacts certain exports and the country\u2019s free trade zones. Soraya Ades.<\/p>\n","protected":false},"author":9,"featured_media":30673,"comment_status":"closed","ping_status":"closed","sticky":false,"template":"","format":"standard","meta":{"give_campaign_id":0,"_crdt_document":"","jetpack_post_was_ever_published":false,"_jetpack_newsletter_access":"","_jetpack_dont_email_post_to_subs":false,"_jetpack_newsletter_tier_id":0,"_jetpack_memberships_contains_paywalled_content":false,"_jetpack_memberships_contains_paid_content":false,"jnews-multi-image_gallery":[],"jnews_single_post":{"format":"standard","override":[{"template":"4","parallax":"1","layout":"right-sidebar","sidebar":"default-sidebar","second_sidebar":"default-sidebar","sticky_sidebar":"1","share_position":"topbottom","share_float_style":"share-monocrhome","show_featured":"1","show_post_meta":"1","show_post_author":"1","show_post_author_image":"1","show_post_date":"1","post_date_format":"default","post_date_format_custom":"Y\/m\/d","show_post_category":"1","show_post_reading_time":"1","post_reading_time_wpm":"300","post_calculate_word_method":"str_word_count","show_zoom_button":"0","zoom_button_out_step":"2","zoom_button_in_step":"3","show_post_tag":"1","show_comment_section":"1","number_popup_post":"1","show_inline_post_related":"1"}],"image_override":[{"single_post_thumbnail_size":"crop-500","single_post_gallery_size":"crop-500"}],"trending_post_position":"meta","trending_post_label":"Trending","sponsored_post_label":"Sponsored by","disable_ad":"0","subtitle":"President Luis Abinader attended the \u201cShield of the Americas\u201d summit in Florida, aimed at reinforcing regional cooperation against organized crime and deepening strategic ties with Washington."},"jnews_primary_category":[],"jnews_social_meta":[],"jnews_post_split":{"post_split":[{"template":"1","tag":"h2","numbering":"asc","mode":"normal","first":"0","enable_toc":"0","toc_type":"normal"}]},"footnotes":"","jetpack_publicize_message":"","jetpack_publicize_feature_enabled":true,"jetpack_social_post_already_shared":true,"jetpack_social_options":{"image_generator_settings":{"template":"highway","default_image_id":0,"font":"","enabled":false},"version":2}},"categories":[3221],"tags":[4060,3546,4497,4684,4722],"class_list":["post-30672","post","type-post","status-publish","format-standard","has-post-thumbnail","hentry","category-dominican-republic","tag-diplomacy","tag-dominican-republic","tag-luis-abinader","tag-regional-security","tag-united-states"],"aioseo_notices":[],"jetpack_publicize_connections":[],"jetpack_featured_media_url":"https:\/\/i0.wp.com\/lequotidien509.com\/wp-content\/uploads\/2026\/03\/Culturelle-8-3.webp?fit=1920%2C1080&ssl=1","jetpack_sharing_enabled":true,"_links":{"self":[{"href":"https:\/\/lequotidien509.com\/en\/wp-json\/wp\/v2\/posts\/30672","targetHints":{"allow":["GET"]}}],"collection":[{"href":"https:\/\/lequotidien509.com\/en\/wp-json\/wp\/v2\/posts"}],"about":[{"href":"https:\/\/lequotidien509.com\/en\/wp-json\/wp\/v2\/types\/post"}],"author":[{"embeddable":true,"href":"https:\/\/lequotidien509.com\/en\/wp-json\/wp\/v2\/users\/9"}],"replies":[{"embeddable":true,"href":"https:\/\/lequotidien509.com\/en\/wp-json\/wp\/v2\/comments?post=30672"}],"version-history":[{"count":1,"href":"https:\/\/lequotidien509.com\/en\/wp-json\/wp\/v2\/posts\/30672\/revisions"}],"predecessor-version":[{"id":30675,"href":"https:\/\/lequotidien509.com\/en\/wp-json\/wp\/v2\/posts\/30672\/revisions\/30675"}],"wp:featuredmedia":[{"embeddable":true,"href":"https:\/\/lequotidien509.com\/en\/wp-json\/wp\/v2\/media\/30673"}],"wp:attachment":[{"href":"https:\/\/lequotidien509.com\/en\/wp-json\/wp\/v2\/media?parent=30672"}],"wp:term":[{"taxonomy":"category","embeddable":true,"href":"https:\/\/lequotidien509.com\/en\/wp-json\/wp\/v2\/categories?post=30672"},{"taxonomy":"post_tag","embeddable":true,"href":"https:\/\/lequotidien509.com\/en\/wp-json\/wp\/v2\/tags?post=30672"}],"curies":[{"name":"wp","href":"https:\/\/api.w.org\/{rel}","templated":true}]}}